{"id":2915,"date":"2026-06-23T10:07:02","date_gmt":"2026-06-23T08:07:02","guid":{"rendered":"https:\/\/zemino.hu\/?p=2915"},"modified":"2026-06-23T10:07:08","modified_gmt":"2026-06-23T08:07:08","slug":"mnv-volt-foigazgato-vademeles-hutlen-kezeles-ket-es-fel-milliard","status":"publish","type":"post","link":"https:\/\/zemino.hu\/ro\/belfold\/2026\/06\/23\/mnv-volt-foigazgato-vademeles-hutlen-kezeles-ket-es-fel-milliard\/","title":{"rendered":"V\u00e1demel\u00e9s a Magyar Nemzeti Vagyonkezel\u0151 volt f\u0151igazgat\u00f3ja ellen: k\u00e9t \u00e9s f\u00e9l milli\u00e1rdos \u00e1llami buk\u00f3 egy naper\u0151m\u0171ves \u00fcgyleten"},"content":{"rendered":"<p class=\"wp-block-paragraph\"><strong>H\u0171tlen kezel\u00e9s b\u0171ntette miatt emelt v\u00e1dat hat emberrel, k\u00f6zt\u00fck a Magyar Nemzeti Vagyonkezel\u0151 (MNV) kor\u00e1bbi f\u0151igazgat\u00f3j\u00e1val szemben a B\u00e1cs-Kiskun V\u00e1rmegyei F\u0151\u00fcgy\u00e9szs\u00e9g. Egy \u00e1llami tulajdon\u00fa gazdas\u00e1gi t\u00e1rsas\u00e1gn\u00e1l hozott igazgat\u00f3s\u00e1gi d\u00f6nt\u00e9s nyom\u00e1n t\u00f6bb mint k\u00e9t \u00e9s f\u00e9l milli\u00e1rd forintos vagyoni h\u00e1tr\u00e1ny \u00e9rte az \u00e1llamot. Az \u00fcgy h\u00e1tter\u00e9ben egy meghi\u00fasult rom\u00e1niai beruh\u00e1z\u00e1s \u00e1ll, amelyhez hitelk\u00e9pess\u00e9gi \u00e9s kock\u00e1zati vizsg\u00e1latok n\u00e9lk\u00fcl biztos\u00edtottak gigantikus \u00f6sszeg\u0171 k\u00f6lcs\u00f6nt.<\/strong><\/p>\n\n\n\n<p class=\"wp-block-paragraph\">A v\u00e1dhat\u00f3s\u00e1g kedden kiadott hivatalos t\u00e1j\u00e9koztat\u00e1sa szerint az \u00e9rintett \u00e1llami v\u00e1llalat igazgat\u00f3s\u00e1gi tagjai megs\u00e9rtett\u00e9k a r\u00e1juk b\u00edzott vagyon kezel\u00e9s\u00e9re vonatkoz\u00f3 k\u00f6telezetts\u00e9geiket, amikor megszavaztak egy 8,15 milli\u00f3 eur\u00f3 \u00e9rt\u00e9k\u0171 hitelszerz\u0151d\u00e9st. A d\u00f6nt\u00e9si folyamat rendk\u00edv\u00fcl gyorsan zajlott le: a tiszts\u00e9gvisel\u0151k a kora esti \u00f3r\u00e1kban kapt\u00e1k k\u00e9zhez az el\u0151terjeszt\u00e9st, majd m\u00e1snap reggel 8 \u00f3r\u00e1ig egyhang\u00falag j\u00f3v\u00e1 is hagyt\u00e1k azt. A nyomoz\u00e1s adatai alapj\u00e1n a hitelkihelyez\u00e9st megalapoz\u00f3 dokumentum elk\u00e9sz\u00edt\u00e9s\u00e9re \u00e9s al\u00e1\u00edr\u00e1s\u00e1ra az MNV akkori f\u0151igazgat\u00f3ja adott k\u00f6zvetlen utas\u00edt\u00e1st, \u00e9s \u0151 volt az is, aki j\u00f3v\u00e1hagyta a pap\u00edrok v\u00e9gs\u0151 tartalm\u00e1t. Az egykori vezet\u0151t a hat\u00f3s\u00e1gok m\u00e9g m\u00e1jus elej\u00e9n <a target=\"_blank\" rel=\"noreferrer noopener\" href=\"https:\/\/telex.hu\/gazdasag\/2026\/05\/07\/magyar-nemzeti-vagyonkezelo-zrt-egykori-foigazgato-elfogtak-ket-es-fel-milliard-hutlen-kezeles\">fogt\u00e1k el \u00e9s vett\u00e9k \u0151rizetbe<\/a> az \u00fcgyben.<\/p>\n\n\n\n<p class=\"wp-block-paragraph\">A kiutalt p\u00e9nz\u00fcgyi forr\u00e1st egy t\u00f6bbs\u00e9gi \u00e1llami tulajdonban l\u00e9v\u0151, Rom\u00e1ni\u00e1ban bejegyzett v\u00e1llalkoz\u00e1s kapta meg, amely a tervek szerint egy naper\u0151m\u0171-projektet val\u00f3s\u00edtott volna meg a t\u0151k\u00e9b\u0151l. A <a target=\"_blank\" rel=\"noreferrer noopener\" href=\"https:\/\/444.hu\/2026\/05\/07\/orizetbe-vettek-a-nemzeti-vagyonkezelo-korabbi-foigazgatojat\">444.hu<\/a> \u00fcgy\u00e9szs\u00e9gi forr\u00e1sokra hivatkoz\u00f3 kor\u00e1bbi besz\u00e1mol\u00f3ja alapj\u00e1n egy 2014-ben k\u00f6t\u00f6tt meg\u00e1llapod\u00e1sr\u00f3l van sz\u00f3. A napelemes beruh\u00e1z\u00e1sb\u00f3l v\u00e9g\u00fcl semmi sem lett, a hitelt felvev\u0151 rom\u00e1niai c\u00e9get pedig id\u0151k\u00f6zben felsz\u00e1molt\u00e1k, \u00edgy az az els\u0151 k\u00e9t esztend\u0151ben esed\u00e9kes kamatokon k\u00edv\u00fcl semmilyen egy\u00e9b t\u00f6rleszt\u0151r\u00e9szletet nem fizetett vissza a magyar \u00e1llamnak.<\/p>\n\n\n\n<p class=\"wp-block-paragraph\">A v\u00e1dirat arra is r\u00e1mutat, hogy az \u00e9rintett hazai \u00e1llami c\u00e9g a saj\u00e1t vagyongazd\u00e1lkod\u00e1si szab\u00e1lyzata \u00e9s strat\u00e9gi\u00e1ja szerint eleve nem is ny\u00fajthatott volna ilyen jelleg\u0171 k\u00f6lcs\u00f6n\u00f6ket. R\u00e1ad\u00e1sul a szerz\u0151d\u00e9s al\u00e1\u00edr\u00e1s\u00e1t megel\u0151z\u0151en sem a hitelt ig\u00e9nyl\u0151 t\u00e1rsas\u00e1gn\u00e1l, sem a fejleszt\u00e9st v\u00e9gz\u0151 projektc\u00e9gn\u00e9l nem v\u00e9geztek el semmif\u00e9le hitelk\u00e9pess\u00e9gi ellen\u0151rz\u00e9st, fedezet\u00e9rt\u00e9kel\u00e9st vagy el\u0151zetes kock\u00e1zatelemz\u00e9st.<\/p>\n\n\n\n<p class=\"wp-block-paragraph\">A <a target=\"_blank\" rel=\"noreferrer noopener\" href=\"https:\/\/telex.hu\/gazdasag\/2026\/06\/23\/vademeles-ket-es-fel-milliard-forintos-hutlen-kezeles-magyar-nemzeti-vagyonkezelo-zrt-volt-foigazgato\">Telex<\/a> cikk\u00e9b\u0151l kider\u00fcl, hogy a f\u0151\u00fcgy\u00e9szs\u00e9g k\u00fcl\u00f6n\u00f6sen jelent\u0151s vagyoni h\u00e1tr\u00e1nyt okoz\u00f3 h\u0171tlen kezel\u00e9s b\u0171ntette miatt \u00e1ll\u00edtja b\u00edr\u00f3s\u00e1g el\u00e9 a hat terheltet, akik k\u00f6z\u00f6tt a vagyonkezel\u0151 ex-f\u0151igazgat\u00f3ja mellett az igazgat\u00f3s\u00e1g h\u00e1rom tagja, a k\u00f6lcs\u00f6nt foly\u00f3s\u00edt\u00f3 c\u00e9g vezet\u0151je, valamint a hitelt k\u00e9r\u0151 k\u00fclf\u00f6ldi v\u00e1llalat \u00fcgyvezet\u0151je szerepel. Az elj\u00e1r\u00e1sban a Kecskem\u00e9ti T\u00f6rv\u00e9nysz\u00e9k fog \u00e9rdemi d\u00f6nt\u00e9st hozni.<\/p>","protected":false},"excerpt":{"rendered":"<p>H\u0171tlen kezel\u00e9s b\u0171ntette miatt emelt v\u00e1dat hat emberrel, k\u00f6zt\u00fck a Magyar Nemzeti Vagyonkezel\u0151 (MNV) kor\u00e1bbi f\u0151igazgat\u00f3j\u00e1val szemben a B\u00e1cs-Kiskun V\u00e1rmegyei F\u0151\u00fcgy\u00e9szs\u00e9g. Egy \u00e1llami tulajdon\u00fa gazdas\u00e1gi t\u00e1rsas\u00e1gn\u00e1l hozott igazgat\u00f3s\u00e1gi d\u00f6nt\u00e9s nyom\u00e1n t\u00f6bb mint k\u00e9t \u00e9s f\u00e9l milli\u00e1rd forintos vagyoni h\u00e1tr\u00e1ny \u00e9rte az \u00e1llamot. Az \u00fcgy h\u00e1tter\u00e9ben egy meghi\u00fasult rom\u00e1niai beruh\u00e1z\u00e1s \u00e1ll, amelyhez hitelk\u00e9pess\u00e9gi \u00e9s kock\u00e1zati vizsg\u00e1latok\u2026<\/p>","protected":false},"author":2,"featured_media":1765,"comment_status":"open","ping_status":"open","sticky":false,"template":"","format":"standard","meta":{"_gspb_post_css":"","_zh_crosspost_remote_site":"zsaruhirek","_zh_crosspost_remote_post_id":"76128","_zh_crosspost_last_sync_at":"2026-06-23 10:00:18","_zh_crosspost_last_sync_direction":"zsaruhirek_to_zemino","_zh_crosspost_synced_images":"","footnotes":""},"categories":[31],"tags":[1473,582,1475,1472,1471,1474,1476,435],"class_list":["post-2915","post","type-post","status-publish","format-standard","has-post-thumbnail","hentry","category-belfold","tag-bacs-kiskun-varmegyei-fougyeszseg","tag-hutlen-kezeles","tag-kecskemeti-torvenyszek","tag-magyar-nemzeti-vagyonkezelo","tag-mnv","tag-naperomu","tag-telex","tag-vademeles"],"_links":{"self":[{"href":"https:\/\/zemino.hu\/ro\/wp-json\/wp\/v2\/posts\/2915","targetHints":{"allow":["GET"]}}],"collection":[{"href":"https:\/\/zemino.hu\/ro\/wp-json\/wp\/v2\/posts"}],"about":[{"href":"https:\/\/zemino.hu\/ro\/wp-json\/wp\/v2\/types\/post"}],"author":[{"embeddable":true,"href":"https:\/\/zemino.hu\/ro\/wp-json\/wp\/v2\/users\/2"}],"replies":[{"embeddable":true,"href":"https:\/\/zemino.hu\/ro\/wp-json\/wp\/v2\/comments?post=2915"}],"version-history":[{"count":1,"href":"https:\/\/zemino.hu\/ro\/wp-json\/wp\/v2\/posts\/2915\/revisions"}],"predecessor-version":[{"id":2917,"href":"https:\/\/zemino.hu\/ro\/wp-json\/wp\/v2\/posts\/2915\/revisions\/2917"}],"wp:featuredmedia":[{"embeddable":true,"href":"https:\/\/zemino.hu\/ro\/wp-json\/wp\/v2\/media\/1765"}],"wp:attachment":[{"href":"https:\/\/zemino.hu\/ro\/wp-json\/wp\/v2\/media?parent=2915"}],"wp:term":[{"taxonomy":"category","embeddable":true,"href":"https:\/\/zemino.hu\/ro\/wp-json\/wp\/v2\/categories?post=2915"},{"taxonomy":"post_tag","embeddable":true,"href":"https:\/\/zemino.hu\/ro\/wp-json\/wp\/v2\/tags?post=2915"}],"curies":[{"name":"wp","href":"https:\/\/api.w.org\/{rel}","templated":true}]}}