{"id":3007,"date":"2026-06-25T15:24:32","date_gmt":"2026-06-25T13:24:32","guid":{"rendered":"https:\/\/zemino.hu\/?p=3007"},"modified":"2026-06-25T15:24:39","modified_gmt":"2026-06-25T13:24:39","slug":"aranykonvoj-ugyeszseg-legfobb-ugyesz-kozlemeny","status":"publish","type":"post","link":"https:\/\/zemino.hu\/ro\/belfold\/2026\/06\/25\/aranykonvoj-ugyeszseg-legfobb-ugyesz-kozlemeny\/","title":{"rendered":"A minisztereln\u00f6k felsz\u00f3l\u00edt\u00e1s\u00e1ra reag\u00e1lt a Legf\u0151bb \u00dcgy\u00e9szs\u00e9g az \u201earanykonvoj\u201d \u00fcgyben"},"content":{"rendered":"<p class=\"wp-block-paragraph\"><strong>Hivatalos k\u00f6zlem\u00e9nyben reag\u00e1lt a Legf\u0151bb \u00dcgy\u00e9szs\u00e9g a minisztereln\u00f6k felsz\u00f3l\u00edt\u00e1s\u00e1ra az \u00fagynevezett \u201earanykonvoj\u201d \u00fcgyben, amelyben a hat\u00f3s\u00e1g k\u00f6zl\u00e9se szerint gyan\u00fas\u00edtotti kihallgat\u00e1sokat k\u00e9sz\u00edtenek el\u0151, \u00e9s a k\u00f6zelj\u00f6v\u0151ben \u00e9rdemi eredm\u00e9nyekre lehet sz\u00e1m\u00edtani. A szervezet nyomat\u00e9kos\u00edtotta, hogy az igazs\u00e1gszolg\u00e1ltat\u00e1s f\u00fcggetlen k\u00f6zrem\u0171k\u00f6d\u0151jek\u00e9nt a korm\u00e1nyt\u00f3l utas\u00edt\u00e1st nem fogadhat el, \u00e9s a nyomoz\u00e1staktikai szempontokat politikai \u00e9rdekek nem \u00edrhatj\u00e1k fel\u00fcl.<\/strong><\/p>\n\n\n\n<p class=\"wp-block-paragraph\">A v\u00e1dhat\u00f3s\u00e1g felh\u00edvta a figyelmet arra, hogy a k\u00f6zv\u00e9lem\u00e9ny t\u00e9vesen egy \u00fcgyk\u00e9nt kezeli a val\u00f3j\u00e1ban k\u00e9t \u00f6n\u00e1ll\u00f3 \u00e9s elt\u00e9r\u0151 t\u00e1rgy\u00fa nyomoz\u00e1st. Az <a href=\"https:\/\/ugyeszseg.hu\/a-legfobb-ugyesz-reagalasa-a-miniszterelnok-felszolitasara\/\" target=\"_blank\" rel=\"noreferrer noopener\">\u00fcgy\u00e9szs\u00e9g<\/a> hivatalos reag\u00e1l\u00e1sa szerint az egyik elj\u00e1r\u00e1s p\u00e9nzmos\u00e1s gyan\u00faja miatt, az Alkotm\u00e1nyv\u00e9delmi Hivatal feljelent\u00e9s\u00e9ben szerepl\u0151 adatok \u00e9s jelz\u00e9s alapj\u00e1n zajlik, \u00e9s ebben a Legf\u0151bb \u00dcgy\u00e9szs\u00e9g kijel\u00f6l\u00e9se nyom\u00e1n a Nemzeti Ad\u00f3- \u00e9s V\u00e1mhivatal (NAV) folytatja a munk\u00e1t. A m\u00e1sik \u00fcgy a konkr\u00e9t elfog\u00e1s sor\u00e1n t\u00f6rt\u00e9nt esetleges vissza\u00e9l\u00e9seket vizsg\u00e1lja, amelyben jelenleg is \u00fcgy\u00e9szs\u00e9gi nyomoz\u00e1s van folyamatban. A hat\u00f3s\u00e1g hangs\u00falyozta, hogy az \u00fcgyekkel kapcsolatos tal\u00e1lgat\u00e1sok, a potenci\u00e1lis gyan\u00fas\u00edtottakr\u00f3l sz\u00f3l\u00f3 sejtet\u00e9sek nehez\u00edtik vagy meg is hi\u00fas\u00edthatj\u00e1k a bizony\u00edt\u00e1st, \u00e9s f\u00e9lret\u00e1j\u00e9koztatj\u00e1k a nyilv\u00e1noss\u00e1got.<\/p>\n\n\n\n<p class=\"wp-block-paragraph\">A kiadott k\u00f6zlem\u00e9ny eml\u00e9keztet a Legf\u0151bb \u00dcgy\u00e9szs\u00e9g szakf\u0151oszt\u00e1ly\u00e1nak kor\u00e1bbi szakmai \u00e1ll\u00e1spontj\u00e1ra, amely szerint egyes magas beoszt\u00e1s\u00fa \u00e9rintettek kapcs\u00e1n m\u00e1r most megfogalmaz\u00f3dott a b\u0171ncselekm\u00e9ny megalapozott gyan\u00faja, m\u00e9g ha a nyomoz\u00f3 \u00fcgy\u00e9szs\u00e9g kor\u00e1bban az elj\u00e1r\u00e1si cselekm\u00e9nyek m\u00e1s sorrendj\u00e9t is prefer\u00e1lta. A legf\u0151bb \u00fcgy\u00e9sz \u00edr\u00e1sos utas\u00edt\u00e1sban is r\u00f6gz\u00edtette, hogy a nyomoz\u00f3 hat\u00f3s\u00e1gnak az \u00fcgy minden sz\u00e1l\u00e1t ki kell vizsg\u00e1lnia, f\u00fcggetlen\u00fcl az \u00e9rintett szem\u00e9lyek vagy szervezetek kil\u00e9t\u00e9t\u0151l. A sz\u00fcks\u00e9ges nyomozati cselekm\u00e9nyek \u00fctemez\u00e9se hat\u00e1rozza meg a lakoss\u00e1gi t\u00e1j\u00e9koztat\u00e1s idej\u00e9t, amelyhez a hat\u00f3s\u00e1g a k\u00f6zv\u00e9lem\u00e9ny t\u00fcrelm\u00e9t k\u00e9ri.<\/p>\n\n\n\n<figure class=\"wp-block-embed is-type-wp-embed is-provider-zemino wp-block-embed-zemino\"><div class=\"wp-block-embed__wrapper\">\n<blockquote class=\"wp-embedded-content\" data-secret=\"gvWXtssxaz\"><a href=\"https:\/\/zemino.hu\/ro\/uncategorized\/2026\/06\/17\/aranykonvoj-vizsgalat-nav-tek\/\">Azonnali vizsg\u00e1latot rendelt el a minisztereln\u00f6k az \u201earanykonvoj \u00fcgyben\u201d a NAV-n\u00e1l, a TEK-n\u00e9l minden \u00e9rintett szolg\u00e1latn\u00e1l<\/a><\/blockquote><iframe loading=\"lazy\" class=\"wp-embedded-content\" sandbox=\"allow-scripts\" security=\"restricted\" style=\"position: absolute; visibility: hidden;\" title=\"\u201cAzonnali vizsg\u00e1latot rendelt el a minisztereln\u00f6k az \u201earanykonvoj \u00fcgyben\u201d a NAV-n\u00e1l, a TEK-n\u00e9l minden \u00e9rintett szolg\u00e1latn\u00e1l\u201d \u2014 Zemino\" src=\"https:\/\/zemino.hu\/uncategorized\/2026\/06\/17\/aranykonvoj-vizsgalat-nav-tek\/embed\/#?secret=3XLbCcZtMO#?secret=gvWXtssxaz\" data-secret=\"gvWXtssxaz\" width=\"500\" height=\"282\" frameborder=\"0\" marginwidth=\"0\" marginheight=\"0\" scrolling=\"no\"><\/iframe>\n<\/div><\/figure>","protected":false},"excerpt":{"rendered":"<p>Hivatalos k\u00f6zlem\u00e9nyben reag\u00e1lt a Legf\u0151bb \u00dcgy\u00e9szs\u00e9g a minisztereln\u00f6k felsz\u00f3l\u00edt\u00e1s\u00e1ra az \u00fagynevezett \u201earanykonvoj\u201d \u00fcgyben, amelyben a hat\u00f3s\u00e1g k\u00f6zl\u00e9se szerint gyan\u00fas\u00edtotti kihallgat\u00e1sokat k\u00e9sz\u00edtenek el\u0151, \u00e9s a k\u00f6zelj\u00f6v\u0151ben \u00e9rdemi eredm\u00e9nyekre lehet sz\u00e1m\u00edtani. A szervezet nyomat\u00e9kos\u00edtotta, hogy az igazs\u00e1gszolg\u00e1ltat\u00e1s f\u00fcggetlen k\u00f6zrem\u0171k\u00f6d\u0151jek\u00e9nt a korm\u00e1nyt\u00f3l utas\u00edt\u00e1st nem fogadhat el, \u00e9s a nyomoz\u00e1staktikai szempontokat politikai \u00e9rdekek nem \u00edrhatj\u00e1k fel\u00fcl. A v\u00e1dhat\u00f3s\u00e1g felh\u00edvta\u2026<\/p>","protected":false},"author":2,"featured_media":3008,"comment_status":"open","ping_status":"open","sticky":false,"template":"","format":"standard","meta":{"_gspb_post_css":"","_zh_crosspost_remote_site":"zsaruhirek","_zh_crosspost_remote_post_id":"76373","_zh_crosspost_last_sync_at":"2026-06-25 15:22:50","_zh_crosspost_last_sync_direction":"zsaruhirek_to_zemino","_zh_crosspost_synced_images":"","footnotes":""},"categories":[31],"tags":[928,929,1549,926,250,158,576],"class_list":["post-3007","post","type-post","status-publish","format-standard","has-post-thumbnail","hentry","category-belfold","tag-alkotmanyvedelmi-hivatal","tag-aranykonvoj","tag-legfobb-ugyesz","tag-legfobb-ugyeszseg","tag-magyar-peter","tag-nav","tag-nyomozas"],"_links":{"self":[{"href":"https:\/\/zemino.hu\/ro\/wp-json\/wp\/v2\/posts\/3007","targetHints":{"allow":["GET"]}}],"collection":[{"href":"https:\/\/zemino.hu\/ro\/wp-json\/wp\/v2\/posts"}],"about":[{"href":"https:\/\/zemino.hu\/ro\/wp-json\/wp\/v2\/types\/post"}],"author":[{"embeddable":true,"href":"https:\/\/zemino.hu\/ro\/wp-json\/wp\/v2\/users\/2"}],"replies":[{"embeddable":true,"href":"https:\/\/zemino.hu\/ro\/wp-json\/wp\/v2\/comments?post=3007"}],"version-history":[{"count":1,"href":"https:\/\/zemino.hu\/ro\/wp-json\/wp\/v2\/posts\/3007\/revisions"}],"predecessor-version":[{"id":3010,"href":"https:\/\/zemino.hu\/ro\/wp-json\/wp\/v2\/posts\/3007\/revisions\/3010"}],"wp:featuredmedia":[{"embeddable":true,"href":"https:\/\/zemino.hu\/ro\/wp-json\/wp\/v2\/media\/3008"}],"wp:attachment":[{"href":"https:\/\/zemino.hu\/ro\/wp-json\/wp\/v2\/media?parent=3007"}],"wp:term":[{"taxonomy":"category","embeddable":true,"href":"https:\/\/zemino.hu\/ro\/wp-json\/wp\/v2\/categories?post=3007"},{"taxonomy":"post_tag","embeddable":true,"href":"https:\/\/zemino.hu\/ro\/wp-json\/wp\/v2\/tags?post=3007"}],"curies":[{"name":"wp","href":"https:\/\/api.w.org\/{rel}","templated":true}]}}