{"id":3014,"date":"2026-06-26T06:10:30","date_gmt":"2026-06-26T04:10:30","guid":{"rendered":"https:\/\/zemino.hu\/?p=3014"},"modified":"2026-06-26T06:10:40","modified_gmt":"2026-06-26T04:10:40","slug":"orban-viktor-ugyeszseg-aranykonvoj","status":"publish","type":"post","link":"https:\/\/zemino.hu\/ro\/kozelet\/2026\/06\/26\/orban-viktor-ugyeszseg-aranykonvoj\/","title":{"rendered":"Kisziv\u00e1rgott \u00fcgy\u00e9szs\u00e9gi dokumentum: Orb\u00e1n Viktor b\u00fcntet\u0151jogi felel\u0151ss\u00e9g\u00e9t vizsg\u00e1lhatj\u00e1k az aranykonvoj-\u00fcgyben"},"content":{"rendered":"<p class=\"wp-block-paragraph\"><strong>Egy j\u00fanius 9-i keltez\u00e9s\u0171 bels\u0151 \u00fcgy\u00e9szs\u00e9gi dokumentum szerint Orb\u00e1n Viktor volt minisztereln\u00f6k \u00e9s t\u00f6bb kor\u00e1bbi magas rang\u00fa vezet\u0151 k\u00f6zvetlen utas\u00edt\u00f3i felel\u0151ss\u00e9ggel b\u00edrhat az \u00fagynevezett \u201earanykonvoj\u201d \u00fcgyben. A kisziv\u00e1rgott irat alapj\u00e1n a nyomoz\u00e1s els\u0151sorban az \u0151 b\u00fcntet\u0151jogi felel\u0151ss\u00e9g\u00fck tiszt\u00e1z\u00e1s\u00e1ra ir\u00e1nyul, a Legf\u0151bb \u00dcgy\u00e9szs\u00e9g pedig kifejezett k\u00e9rd\u00e9sre sem c\u00e1folta meg a dokumentum val\u00f3dis\u00e1g\u00e1t.<\/strong><\/p>\n\n\n\n<p class=\"wp-block-paragraph\">A v\u00e1dhat\u00f3s\u00e1g bels\u0151 \u00e1ll\u00e1spontja szerint m\u00e1r eddig is megfogalmazhat\u00f3 lett volna a b\u0171ncselekm\u00e9ny megalapozott gyan\u00faja egyes magas beoszt\u00e1s\u00fa \u00e9rintettekkel szemben. Ezt Nagy G\u00e1bor B\u00e1lint legf\u0151bb \u00fcgy\u00e9sz is r\u00f6gz\u00edtette a Magyar P\u00e9ter minisztereln\u00f6knek cs\u00fct\u00f6rt\u00f6k d\u00e9lut\u00e1n megk\u00fcld\u00f6tt hivatalos level\u00e9ben, b\u00e1r ott konkr\u00e9t neveket m\u00e9g nem eml\u00edtett. A <a href=\"https:\/\/444.hu\/2026\/06\/25\/a-lenyegi-dontest-utasitasokat-hozo-szemelyek-a-kovetkezok-dr-orban-viktor-volt-miniszterelnok\" target=\"_blank\" rel=\"noreferrer noopener\">444.hu<\/a> \u00e1ltal megszerzett bels\u0151 \u00fcgy\u00e9szs\u00e9gi irat azonban t\u00e9telesen neves\u00edti a f\u0151 felel\u0151s\u00f6ket abban az elj\u00e1r\u00e1sban, amelyet a F\u0151v\u00e1rosi Nyomoz\u00f3 \u00dcgy\u00e9szs\u00e9g jogellenes fogvatart\u00e1s \u00e9s hivatali vissza\u00e9l\u00e9s gyan\u00faja miatt folytat.<\/p>\n\n\n\n<p class=\"wp-block-paragraph\">A Budapesten ki\u00e1ll\u00edtott bels\u0151 dokumentum felv\u00e9telei alapj\u00e1n a nyomoz\u00e1s f\u00f3kusz\u00e1ban \u00e1ll\u00f3, utas\u00edt\u00e1sokat kiad\u00f3 szem\u00e9lyek k\u00f6re pontosan meghat\u00e1rozhat\u00f3. A kisziv\u00e1rgott sz\u00f6veg a k\u00f6vetkez\u0151 meg\u00e1llap\u00edt\u00e1st tartalmazza:<\/p>\n\n\n\n<blockquote class=\"wp-block-quote is-layout-flow wp-block-quote-is-layout-flow\">\n<p class=\"wp-block-paragraph\"><strong>\u201eA l\u00e9nyegi d\u00f6nt\u00e9st, utas\u00edt\u00e1sokat hoz\u00f3 szem\u00e9lyek a k\u00f6vetkez\u0151k: Dr. Orb\u00e1n Viktor volt minisztereln\u00f6k, Farkas \u00d6rs nemzetbiztons\u00e1gi szolg\u00e1latokat fel\u00fcgyel\u0151 volt \u00e1llamtitk\u00e1r, Hajdu J\u00e1nos a Terrorelh\u00e1r\u00edt\u00e1si K\u00f6zpont (volt) f\u0151igazgat\u00f3ja \u00e9s dr. Demeter Tam\u00e1s a NAV (volt) b\u0171n\u00fcgyi \u00e9s rend\u00e9szeti eln\u00f6khelyettese. A nyomoz\u00e1s els\u0151sorban az \u0151 b\u00fcntet\u0151jogi felel\u0151ss\u00e9g\u00fck tiszt\u00e1z\u00e1s\u00e1ra kell, hogy ir\u00e1nyuljon (tan\u00fak\u00e9nt kihallgat\u00e1sukra nem ker\u00fclhet sor), melynek els\u0151dleges eszk\u00f6zei az utas\u00edtottak vallom\u00e1sai\u201d<\/strong><\/p>\n<\/blockquote>\n\n\n\n<p class=\"wp-block-paragraph\">A port\u00e1l megkeres\u00e9s\u00e9re a Legf\u0151bb \u00dcgy\u00e9szs\u00e9g \u00e9rdemben nem reag\u00e1lt a konkr\u00e9t irat tartalm\u00e1ra, csup\u00e1n azt a hivatalos k\u00f6zlem\u00e9nyt k\u00fcldte vissza, amelyet d\u00e9lut\u00e1n, a Magyar P\u00e9ter \u00e1ltal szabott ultim\u00e1tumra v\u00e1laszolva m\u00e1r nyilv\u00e1noss\u00e1gra hoztak. Arra a hat\u00e1rozott k\u00e9rd\u00e9sre ugyanakkor a hat\u00f3s\u00e1g nem adott c\u00e1folatot, hogy a sajt\u00f3 birtok\u00e1ba jutott bels\u0151 dokumentum val\u00f3di-e.<\/p>\n\n\n\n<h2 id=\"magyar-peter-azonnali-valaszt-var\" class=\"wp-block-heading\">Magyar P\u00e9ter azonnali v\u00e1laszt v\u00e1r<\/h2>\n\n\n\n<p class=\"wp-block-paragraph\">Az aranykonvoj-\u00fcgyben kisziv\u00e1rgott dokumentum alapj\u00e1n.<\/p>\n\n\n\n<blockquote class=\"wp-block-quote is-layout-flow wp-block-quote-is-layout-flow\">\n<p class=\"wp-block-paragraph\"><strong>A kisziv\u00e1rgott irat alapj\u00e1n azonnali v\u00e1laszt v\u00e1runk az \u00fcgy\u00e9szs\u00e9gt\u0151l, hogy meghallgatt\u00e1k-e gyan\u00fas\u00edtottk\u00e9nt Orb\u00e1n Viktort \u00e9s Hajdu J\u00e1nost az aranykonvoj \u00fcgyben!<\/strong><\/p>\n<\/blockquote>\n\n\n\n<p class=\"wp-block-paragraph\">\u2013 \u00edrja\u00a0<strong>Magyar P\u00e9ter<\/strong>\u00a0<a href=\"https:\/\/www.facebook.com\/peter.magyar.102\/posts\/pfbid02iBERQJ3VxGPEMPaQvWenLoxP1bQVTdaGcpE5Ap7Ak9Xzx8dyfQKSBRT7HdvhZD4ul\" target=\"_blank\" rel=\"noreferrer noopener\">a Facebookon<\/a>.<\/p>\n\n\n\n<iframe loading=\"lazy\" src=\"https:\/\/www.facebook.com\/plugins\/post.php?href=https%3A%2F%2Fwww.facebook.com%2Fpeter.magyar.102%2Fposts%2Fpfbid02iBERQJ3VxGPEMPaQvWenLoxP1bQVTdaGcpE5Ap7Ak9Xzx8dyfQKSBRT7HdvhZD4ul&#038;show_text=true&#038;width=500\" width=\"500\" height=\"480\" style=\"border:none;overflow:hidden\" scrolling=\"no\" frameborder=\"0\" allowfullscreen=\"true\" allow=\"autoplay; clipboard-write; encrypted-media; picture-in-picture; web-share\"><\/iframe>","protected":false},"excerpt":{"rendered":"<p>Egy j\u00fanius 9-i keltez\u00e9s\u0171 bels\u0151 \u00fcgy\u00e9szs\u00e9gi dokumentum szerint Orb\u00e1n Viktor volt minisztereln\u00f6k \u00e9s t\u00f6bb kor\u00e1bbi magas rang\u00fa vezet\u0151 k\u00f6zvetlen utas\u00edt\u00f3i felel\u0151ss\u00e9ggel b\u00edrhat az \u00fagynevezett \u201earanykonvoj\u201d \u00fcgyben. A kisziv\u00e1rgott irat alapj\u00e1n a nyomoz\u00e1s els\u0151sorban az \u0151 b\u00fcntet\u0151jogi felel\u0151ss\u00e9g\u00fck tiszt\u00e1z\u00e1s\u00e1ra ir\u00e1nyul, a Legf\u0151bb \u00dcgy\u00e9szs\u00e9g pedig kifejezett k\u00e9rd\u00e9sre sem c\u00e1folta meg a dokumentum val\u00f3dis\u00e1g\u00e1t. A v\u00e1dhat\u00f3s\u00e1g bels\u0151 \u00e1ll\u00e1spontja\u2026<\/p>","protected":false},"author":2,"featured_media":3015,"comment_status":"open","ping_status":"open","sticky":false,"template":"","format":"standard","meta":{"_gspb_post_css":"","_zh_crosspost_remote_site":"zsaruhirek","_zh_crosspost_remote_post_id":"76423","_zh_crosspost_last_sync_at":"2026-06-26 06:09:31","_zh_crosspost_last_sync_direction":"zsaruhirek_to_zemino","_zh_crosspost_synced_images":"","footnotes":""},"categories":[326],"tags":[929,1554,1555,1556,1289,1506,926,293],"class_list":["post-3014","post","type-post","status-publish","format-standard","has-post-thumbnail","hentry","category-kozelet","tag-aranykonvoj","tag-demeter-tamas","tag-farkas-ors","tag-fovarosi-nyomozo-ugyeszseg","tag-hajdu-janos","tag-hivatali-visszaeles","tag-legfobb-ugyeszseg","tag-orban-viktor"],"_links":{"self":[{"href":"https:\/\/zemino.hu\/ro\/wp-json\/wp\/v2\/posts\/3014","targetHints":{"allow":["GET"]}}],"collection":[{"href":"https:\/\/zemino.hu\/ro\/wp-json\/wp\/v2\/posts"}],"about":[{"href":"https:\/\/zemino.hu\/ro\/wp-json\/wp\/v2\/types\/post"}],"author":[{"embeddable":true,"href":"https:\/\/zemino.hu\/ro\/wp-json\/wp\/v2\/users\/2"}],"replies":[{"embeddable":true,"href":"https:\/\/zemino.hu\/ro\/wp-json\/wp\/v2\/comments?post=3014"}],"version-history":[{"count":1,"href":"https:\/\/zemino.hu\/ro\/wp-json\/wp\/v2\/posts\/3014\/revisions"}],"predecessor-version":[{"id":3016,"href":"https:\/\/zemino.hu\/ro\/wp-json\/wp\/v2\/posts\/3014\/revisions\/3016"}],"wp:featuredmedia":[{"embeddable":true,"href":"https:\/\/zemino.hu\/ro\/wp-json\/wp\/v2\/media\/3015"}],"wp:attachment":[{"href":"https:\/\/zemino.hu\/ro\/wp-json\/wp\/v2\/media?parent=3014"}],"wp:term":[{"taxonomy":"category","embeddable":true,"href":"https:\/\/zemino.hu\/ro\/wp-json\/wp\/v2\/categories?post=3014"},{"taxonomy":"post_tag","embeddable":true,"href":"https:\/\/zemino.hu\/ro\/wp-json\/wp\/v2\/tags?post=3014"}],"curies":[{"name":"wp","href":"https:\/\/api.w.org\/{rel}","templated":true}]}}