{"id":3073,"date":"2026-06-27T21:29:30","date_gmt":"2026-06-27T19:29:30","guid":{"rendered":"https:\/\/zemino.hu\/?p=3073"},"modified":"2026-06-27T21:29:35","modified_gmt":"2026-06-27T19:29:35","slug":"dunaba-fulladt-fiatal-ferfi-eltuntek-kopaszi-gat-baja","status":"publish","type":"post","link":"https:\/\/zemino.hu\/ro\/belfold\/2026\/06\/27\/dunaba-fulladt-fiatal-ferfi-eltuntek-kopaszi-gat-baja\/","title":{"rendered":"H\u00e1rman elt\u0171ntek a Dun\u00e1ban, egy fiatal holttest\u00e9t megtal\u00e1lt\u00e1k"},"content":{"rendered":"<p class=\"wp-block-paragraph\"><a href=\"https:\/\/image.blikk.hu\/1\/WJuktkpTURBXy9mYzQ3NzZkYzA3YjQ3MmIwZGI1ZDQ1MTBmODhlOTI2OC5qcGeSlQMAzKXNFKbNC52TCaZhNmM4MjYG\/a-rendorseg-a-folyovizek-veszelyeire-figyelmeztet-foto-knap-zoltan\" target=\"_blank\" rel=\"noopener\"><\/a><strong>H\u00e1rom ember mer\u00fclt el szombat d\u00e9lut\u00e1n a Dun\u00e1ban: egyik\u00fcket holtan tal\u00e1lt\u00e1k meg, a m\u00e1sik k\u00e9t szem\u00e9lyt pedig tov\u00e1bbra is keresik a v\u00edzi rend\u00e9szek. A meleg id\u0151j\u00e1r\u00e1s miatt a Budapesti Rend\u0151r-f\u0151kapit\u00e1nys\u00e1g \u00f3vatoss\u00e1gra inti a v\u00edzpartot v\u00e1laszt\u00f3kat, hangs\u00falyozva a foly\u00f3vizek kisz\u00e1m\u00edthatatlan vesz\u00e9lyeit.<\/strong><\/p>\n\n\n\n<p class=\"wp-block-paragraph\">Szombaton Iv\u00e1ncsa t\u00e9rs\u00e9g\u00e9ben elmer\u00fclt egy fiatal f\u00e9rfi, akinek az \u00e9let\u00e9t m\u00e1r nem lehetett megmenteni. A m\u00e1sik k\u00e9t f\u00e9rfi k\u00f6z\u00fcl az egyik a f\u0151v\u00e1ros XI. ker\u00fclet\u00e9ben, a Kopaszi-g\u00e1tn\u00e1l t\u0171nt el a Dun\u00e1ban, m\u00edg egy 26 \u00e9ves illet\u0151 Baj\u00e1n\u00e1l ment a v\u00edzbe, majd mer\u00fclt el. A hat\u00f3s\u00e1g felh\u00edvta a figyelmet arra, hogy az ismeretlen foly\u00f3szakaszokon, a nem kijel\u00f6lt f\u00fcrd\u0151helyeken \u00e9s a b\u00e1nyatavakban nem szabadna a v\u00edzbe menni, mivel ezeken a helyeken a biztos \u00fasz\u00f3tud\u00e1s sem jelent v\u00e9delmet.<\/p>\n\n\n\n<p class=\"wp-block-paragraph\">A BRFK t\u00e1j\u00e9koztat\u00e1sa szerint a foly\u00f3vizek rendk\u00edv\u00fcl kisz\u00e1m\u00edthatatlanok, mivel az er\u0151s sodr\u00e1s pillanatok alatt elsodorhatja az embert, a meder hirtelen m\u00e9ly\u00fclhet, valamint \u00f6rv\u00e9nyek, uszad\u00e9kf\u00e1k \u00e9s v\u00edz alatti akad\u00e1lyok nehez\u00edtik a kijut\u00e1st. Emellett a hidegebb v\u00edz hirtelen izomg\u00f6rcs\u00f6t vagy l\u00e9gz\u00e9si reflexet v\u00e1lthat ki, \u00edgy a j\u00f3 \u00fasz\u00f3k is pillanatok alatt bajba ker\u00fclhetnek.<\/p>\n\n\n\n<blockquote class=\"wp-block-quote is-layout-flow wp-block-quote-is-layout-flow\">\n<p class=\"wp-block-paragraph\"><strong>\u201eA mai esetek k\u00f6z\u00f6tt volt, aki \u00faszni indult, volt, aki bes\u00e9t\u00e1lt a v\u00edzbe, \u00e9s olyan is, aki egy labd\u00e1\u00e9rt ment be a Dun\u00e1ba. Egy a k\u00f6z\u00f6s benn\u00fck: egyik\u00fck sem gondolta, hogy nem jut vissza a partra\u201d <\/strong><\/p>\n<\/blockquote>\n\n\n\n<p class=\"wp-block-paragraph\">\u2013 fogalmazott a rend\u0151rs\u00e9g.<\/p>","protected":false},"excerpt":{"rendered":"<p>H\u00e1rom ember mer\u00fclt el szombat d\u00e9lut\u00e1n a Dun\u00e1ban: egyik\u00fcket holtan tal\u00e1lt\u00e1k meg, a m\u00e1sik k\u00e9t szem\u00e9lyt pedig tov\u00e1bbra is keresik a v\u00edzi rend\u00e9szek. A meleg id\u0151j\u00e1r\u00e1s miatt a Budapesti Rend\u0151r-f\u0151kapit\u00e1nys\u00e1g \u00f3vatoss\u00e1gra inti a v\u00edzpartot v\u00e1laszt\u00f3kat, hangs\u00falyozva a foly\u00f3vizek kisz\u00e1m\u00edthatatlan vesz\u00e9lyeit. Szombaton Iv\u00e1ncsa t\u00e9rs\u00e9g\u00e9ben elmer\u00fclt egy fiatal f\u00e9rfi, akinek az \u00e9let\u00e9t m\u00e1r nem lehetett megmenteni. A\u2026<\/p>","protected":false},"author":2,"featured_media":3074,"comment_status":"open","ping_status":"open","sticky":false,"template":"","format":"standard","meta":{"_gspb_post_css":"","_zh_crosspost_remote_site":"zsaruhirek","_zh_crosspost_remote_post_id":"76543","_zh_crosspost_last_sync_at":"2026-06-27 21:28:28","_zh_crosspost_last_sync_direction":"zsaruhirek_to_zemino","_zh_crosspost_synced_images":"","footnotes":""},"categories":[31],"tags":[1616,900,79,1325,1578,1617,1618,1619],"class_list":["post-3073","post","type-post","status-publish","format-standard","has-post-thumbnail","hentry","category-belfold","tag-baja","tag-brfk","tag-budapesti-rendor-fokapitanysag","tag-duna","tag-eltunes","tag-ivancsa","tag-kopaszi-gat","tag-vizbefulladas"],"_links":{"self":[{"href":"https:\/\/zemino.hu\/ro\/wp-json\/wp\/v2\/posts\/3073","targetHints":{"allow":["GET"]}}],"collection":[{"href":"https:\/\/zemino.hu\/ro\/wp-json\/wp\/v2\/posts"}],"about":[{"href":"https:\/\/zemino.hu\/ro\/wp-json\/wp\/v2\/types\/post"}],"author":[{"embeddable":true,"href":"https:\/\/zemino.hu\/ro\/wp-json\/wp\/v2\/users\/2"}],"replies":[{"embeddable":true,"href":"https:\/\/zemino.hu\/ro\/wp-json\/wp\/v2\/comments?post=3073"}],"version-history":[{"count":1,"href":"https:\/\/zemino.hu\/ro\/wp-json\/wp\/v2\/posts\/3073\/revisions"}],"predecessor-version":[{"id":3075,"href":"https:\/\/zemino.hu\/ro\/wp-json\/wp\/v2\/posts\/3073\/revisions\/3075"}],"wp:featuredmedia":[{"embeddable":true,"href":"https:\/\/zemino.hu\/ro\/wp-json\/wp\/v2\/media\/3074"}],"wp:attachment":[{"href":"https:\/\/zemino.hu\/ro\/wp-json\/wp\/v2\/media?parent=3073"}],"wp:term":[{"taxonomy":"category","embeddable":true,"href":"https:\/\/zemino.hu\/ro\/wp-json\/wp\/v2\/categories?post=3073"},{"taxonomy":"post_tag","embeddable":true,"href":"https:\/\/zemino.hu\/ro\/wp-json\/wp\/v2\/tags?post=3073"}],"curies":[{"name":"wp","href":"https:\/\/api.w.org\/{rel}","templated":true}]}}