{"id":3182,"date":"2026-06-30T08:20:24","date_gmt":"2026-06-30T06:20:24","guid":{"rendered":"https:\/\/zemino.hu\/?p=3182"},"modified":"2026-06-30T08:24:05","modified_gmt":"2026-06-30T06:24:05","slug":"hajdu-janos-fidesz-biztonsagi-igazgato-orban-viktor-aranykonvoj","status":"publish","type":"post","link":"https:\/\/zemino.hu\/ro\/belfold\/2026\/06\/30\/hajdu-janos-fidesz-biztonsagi-igazgato-orban-viktor-aranykonvoj\/","title":{"rendered":"Hajdu J\u00e1nost nevezte ki Orb\u00e1n Viktor a Fidesz biztons\u00e1gi igazgat\u00f3j\u00e1nak"},"content":{"rendered":"<p class=\"wp-block-paragraph\"><strong>A Fidesz biztons\u00e1gi igazgat\u00f3j\u00e1v\u00e1 nevezte ki Orb\u00e1n Viktor p\u00e1rteln\u00f6k Hajdu J\u00e1nost, a Terrorelh\u00e1r\u00edt\u00e1si K\u00f6zpont (TEK) egykori f\u0151igazgat\u00f3j\u00e1t, akit h\u00e9tf\u0151n gyan\u00fas\u00edtottk\u00e9nt hallgatott ki a v\u00e1dhat\u00f3s\u00e1g. A volt rend\u0151rt\u00e1bornok a mai napt\u00f3l l\u00e1tja el \u00faj feladatk\u00f6r\u00e9t a p\u00e1rtn\u00e1l, ahol kor\u00e1bban, a 2010 el\u0151tti id\u0151szakban m\u00e1r \u00e9veken \u00e1t bet\u00f6lt\u00f6tte ugyanezt a tiszts\u00e9get.<\/strong><\/p>\n\n\n\n<p class=\"wp-block-paragraph\">A kinevez\u00e9s t\u00e9ny\u00e9t Havasi Bertalan, a Fidesz kommunik\u00e1ci\u00f3s igazgat\u00f3ja k\u00f6z\u00f6lte. A d\u00f6nt\u00e9st a szervezet azzal indokolta, hogy a volt rend\u0151rt\u00e1bornok t\u00f6bb \u00e9vtizedes szakmai tapasztalattal rendelkezik, r\u00e1ad\u00e1sul nem ismeretlen sz\u00e1m\u00e1ra a terep, hiszen 2010 el\u0151tt m\u00e1r hossz\u00fa esztend\u0151k\u00f6n kereszt\u00fcl dolgozott a korm\u00e1nyp\u00e1rt biztons\u00e1gi igazgat\u00f3jak\u00e9nt.<\/p>\n\n\n\n<p class=\"wp-block-paragraph\">\u201eAki minket meg akar f\u00e9leml\u00edteni, keljen fel hamarabb. \u00dcdv \u00fajra a fed\u00e9lzeten, t\u00e1bornok \u00far!\u201d \u2013 \u00edrta Facebook-oldal\u00e1n Orb\u00e1n Viktor, a Fidesz eln\u00f6ke.<\/p>\n\n\n\n<p class=\"wp-block-paragraph\">A kinevez\u00e9sre k\u00f6zvetlen\u00fcl azut\u00e1n ker\u00fclt sor, hogy a F\u0151v\u00e1rosi Nyomoz\u00f3 \u00dcgy\u00e9szs\u00e9g <a href=\"https:\/\/zemino.hu\/ro\/belfold\/2026\/06\/29\/hajdu-janos-tek-gyanusitas-jogellenes-fogvatartas-aranykonvoj\/\" data-type=\"link\" data-id=\"https:\/\/zemino.hu\/belfold\/2026\/06\/29\/hajdu-janos-tek-gyanusitas-jogellenes-fogvatartas-aranykonvoj\/\">gyan\u00fas\u00edtottk\u00e9nt hallgatta ki<\/a> Hajdu J\u00e1nos volt rend\u0151r alt\u00e1bornagyot az \u00fagynevezett aranykonvoj \u00fcgyben h\u00e9trendbeli, a s\u00e9rtett sanyargat\u00e1s\u00e1val elk\u00f6vetett jogellenes fogvatart\u00e1s b\u0171ntett\u00e9nek megalapozott gyan\u00faja miatt.<\/p>\n\n\n\n<figure class=\"wp-block-embed is-type-wp-embed is-provider-zemino wp-block-embed-zemino\"><div class=\"wp-block-embed__wrapper\">\n<blockquote class=\"wp-embedded-content\" data-secret=\"jTiZqgmfMT\"><a href=\"https:\/\/zemino.hu\/ro\/belfold\/2026\/06\/29\/orban-viktor-hajdu-janos-tek-gyanusitas-ukran-penzszallitok\/\">Orb\u00e1n Viktor szerint elindult a tisz\u00e1s politikai lesz\u00e1mol\u00e1s, \u00e9s ny\u00edltan ki\u00e1ll a meggyan\u00fas\u00edtott Hajdu J\u00e1nos mellett<\/a><\/blockquote><iframe loading=\"lazy\" class=\"wp-embedded-content\" sandbox=\"allow-scripts\" security=\"restricted\" style=\"position: absolute; visibility: hidden;\" title=\"\u201cOrb\u00e1n Viktor szerint elindult a tisz\u00e1s politikai lesz\u00e1mol\u00e1s, \u00e9s ny\u00edltan ki\u00e1ll a meggyan\u00fas\u00edtott Hajdu J\u00e1nos mellett\u201d \u2014 Zemino\" src=\"https:\/\/zemino.hu\/belfold\/2026\/06\/29\/orban-viktor-hajdu-janos-tek-gyanusitas-ukran-penzszallitok\/embed\/#?secret=IAM4aHsf0J#?secret=jTiZqgmfMT\" data-secret=\"jTiZqgmfMT\" width=\"500\" height=\"282\" frameborder=\"0\" marginwidth=\"0\" marginheight=\"0\" scrolling=\"no\"><\/iframe>\n<\/div><\/figure>","protected":false},"excerpt":{"rendered":"<p>A Fidesz biztons\u00e1gi igazgat\u00f3j\u00e1v\u00e1 nevezte ki Orb\u00e1n Viktor p\u00e1rteln\u00f6k Hajdu J\u00e1nost, a Terrorelh\u00e1r\u00edt\u00e1si K\u00f6zpont (TEK) egykori f\u0151igazgat\u00f3j\u00e1t, akit h\u00e9tf\u0151n gyan\u00fas\u00edtottk\u00e9nt hallgatott ki a v\u00e1dhat\u00f3s\u00e1g. A volt rend\u0151rt\u00e1bornok a mai napt\u00f3l l\u00e1tja el \u00faj feladatk\u00f6r\u00e9t a p\u00e1rtn\u00e1l, ahol kor\u00e1bban, a 2010 el\u0151tti id\u0151szakban m\u00e1r \u00e9veken \u00e1t bet\u00f6lt\u00f6tte ugyanezt a tiszts\u00e9get. A kinevez\u00e9s t\u00e9ny\u00e9t Havasi Bertalan, a\u2026<\/p>","protected":false},"author":2,"featured_media":3166,"comment_status":"open","ping_status":"open","sticky":false,"template":"","format":"standard","meta":{"_gspb_post_css":"","_zh_crosspost_remote_site":"zsaruhirek","_zh_crosspost_remote_post_id":"76774","_zh_crosspost_last_sync_at":"2026-06-30 08:19:11","_zh_crosspost_last_sync_direction":"zsaruhirek_to_zemino","_zh_crosspost_synced_images":"","footnotes":""},"categories":[31],"tags":[929,370,1696,515,1688,1289,780,293,321],"class_list":["post-3182","post","type-post","status-publish","format-standard","has-post-thumbnail","hentry","category-belfold","tag-aranykonvoj","tag-belfold","tag-biztonsagi-igazgato","tag-fidesz","tag-gyanusitas","tag-hajdu-janos","tag-havasi-bertalan","tag-orban-viktor","tag-tek"],"_links":{"self":[{"href":"https:\/\/zemino.hu\/ro\/wp-json\/wp\/v2\/posts\/3182","targetHints":{"allow":["GET"]}}],"collection":[{"href":"https:\/\/zemino.hu\/ro\/wp-json\/wp\/v2\/posts"}],"about":[{"href":"https:\/\/zemino.hu\/ro\/wp-json\/wp\/v2\/types\/post"}],"author":[{"embeddable":true,"href":"https:\/\/zemino.hu\/ro\/wp-json\/wp\/v2\/users\/2"}],"replies":[{"embeddable":true,"href":"https:\/\/zemino.hu\/ro\/wp-json\/wp\/v2\/comments?post=3182"}],"version-history":[{"count":2,"href":"https:\/\/zemino.hu\/ro\/wp-json\/wp\/v2\/posts\/3182\/revisions"}],"predecessor-version":[{"id":3185,"href":"https:\/\/zemino.hu\/ro\/wp-json\/wp\/v2\/posts\/3182\/revisions\/3185"}],"wp:featuredmedia":[{"embeddable":true,"href":"https:\/\/zemino.hu\/ro\/wp-json\/wp\/v2\/media\/3166"}],"wp:attachment":[{"href":"https:\/\/zemino.hu\/ro\/wp-json\/wp\/v2\/media?parent=3182"}],"wp:term":[{"taxonomy":"category","embeddable":true,"href":"https:\/\/zemino.hu\/ro\/wp-json\/wp\/v2\/categories?post=3182"},{"taxonomy":"post_tag","embeddable":true,"href":"https:\/\/zemino.hu\/ro\/wp-json\/wp\/v2\/tags?post=3182"}],"curies":[{"name":"wp","href":"https:\/\/api.w.org\/{rel}","templated":true}]}}