{"id":3304,"date":"2026-07-02T12:36:18","date_gmt":"2026-07-02T10:36:18","guid":{"rendered":"https:\/\/zemino.hu\/?p=3304"},"modified":"2026-07-02T12:36:21","modified_gmt":"2026-07-02T10:36:21","slug":"deutsch-tamas-interju-magyar-peter-mentelmi-jog-lopas","status":"publish","type":"post","link":"https:\/\/zemino.hu\/ro\/belfold\/2026\/07\/02\/deutsch-tamas-interju-magyar-peter-mentelmi-jog-lopas\/","title":{"rendered":"Deutsch Tam\u00e1s: Ha Magyar P\u00e9ter annyira b\u0171ncselekm\u00e9nyeket szeretne felt\u00e1rni, akkor kezdje a saj\u00e1t h\u00e1za t\u00e1j\u00e1n."},"content":{"rendered":"\n<p class=\"wp-block-paragraph\"><strong>Deutsch Tam\u00e1s a H\u00edr Tv-nek adott interj\u00faban \u00e9lesen b\u00edr\u00e1lta Magyar P\u00e9tert, mondv\u00e1n, ha val\u00f3ban a b\u0171ncselekm\u00e9nyek felt\u00e1r\u00e1sa motiv\u00e1lja, akkor kezdje a saj\u00e1t h\u00e1za t\u00e1j\u00e1n. A fideszes eur\u00f3pai parlamenti k\u00e9pvisel\u0151 szerint Magyar P\u00e9ternek felelnie kellene az \u00e1ltala elk\u00f6vetett k\u00f6zt\u00f6rv\u00e9nyes b\u0171ncselekm\u00e9ny, a telefonlop\u00e1s miatt, \u00e9s nem lenne szabad a mentelmi joga m\u00f6g\u00e9 b\u00fajnia.<\/strong><\/p>\n\n\n\n<p class=\"wp-block-paragraph\">Deutsch Tam\u00e1s kijelentette, hogy ha Magyar P\u00e9tert a b\u0171ncselekm\u00e9nyek felt\u00e1r\u00e1sa vez\u00e9rli \u201el\u00e1t\u00e1st\u00f3l Mikul\u00e1sig\u201d a mindennapjaiban, akkor tegyen v\u00e9gre l\u00e9p\u00e9seket annak \u00e9rdek\u00e9ben, hogy le lehessen folytatni vele szemben a b\u00fcntet\u0151elj\u00e1r\u00e1st. A politikus hangs\u00falyozta, hogy egy k\u00f6zt\u00f6rv\u00e9nyes b\u0171ncselekm\u00e9nyr\u0151l, nem pedig egy mondvacsin\u00e1lt \u00fcgyr\u0151l van sz\u00f3. Kiemelte, hogy filmfelv\u00e9tel bizony\u00edtja, amint Magyar P\u00e9ter egy belv\u00e1rosi tinidiszk\u00f3ban, r\u00e9szegen r\u00e1t\u00e1madt egy \u0151t vide\u00f3z\u00f3 emberre, agressz\u00edvan fell\u00e9pve elvette a telefonj\u00e1t, majd a Duna partj\u00e1ig t\u00e1ntorogva a foly\u00f3ba dobta a k\u00e9sz\u00fcl\u00e9ket.<\/p>\n\n\n\n<p class=\"wp-block-paragraph\">A k\u00e9pvisel\u0151 szerint ez egy\u00e9rtelm\u0171en lop\u00e1s, \u00e9s felh\u00e1bor\u00edt\u00f3nak tartja, hogy Magyar P\u00e9ter a mentelmi joga m\u00f6g\u00e9 rejt\u0151zik:<\/p>\n\n\n\n<blockquote class=\"wp-block-quote is-layout-flow wp-block-quote-is-layout-flow\">\n<p class=\"wp-block-paragraph\">\u201eK\u00e9t \u00e9ven kereszt\u00fcl az eur\u00f3pai parlamenti mentelmi joga m\u00f6g\u00e9 b\u00fajt, mikor nagy garral azt mondta az EP v\u00e1laszt\u00e1si kamp\u00e1nyban, hogy els\u0151 int\u00e9zked\u00e9seinek az egyike a mentelmi jog megsz\u00fcntet\u00e9se lesz. H\u00e1t, Magyar P\u00e9ter ilyen, egyik amit mond, m\u00e1sik amit csin\u00e1l. Most pedig magyar parlamenti k\u00e9pvisel\u0151k\u00e9nt van mentelmi joga, de a macska r\u00fagja m\u00e1r meg! H\u00e1t \u00e1lljon m\u00e1r oda az igazs\u00e1gszolg\u00e1ltat\u00e1s el\u00e9, \u00e9s, \u00e9s bizony\u00edtsa be, hogy Magyarorsz\u00e1g egy olyan orsz\u00e1g, ahol t\u00f6rv\u00e9ny el\u0151tti egyenl\u0151s\u00e9g van, \u00e9s az\u00e9rt, mert valaki politikus, az\u00e9rt mert politikus lett, az\u00e9rt ezt a poz\u00edci\u00f3j\u00e1t nem haszn\u00e1lja f\u00f6l arra, hogy egy ilyen klasszikus k\u00f6zt\u00f6rv\u00e9nyes b\u0171ncselekm\u00e9nyt, mint amilyen a a lop\u00e1s, az ez\u00e9rt val\u00f3 felel\u0151ss\u00e9gre von\u00e1st meg\u00fassza. \u00dagyhogy ha szeretn\u00e9 a b\u0171ncselekm\u00e9nyeket felt\u00e1rni, akkor kezdje mag\u00e1n.\u201d<\/p>\n<\/blockquote>\n\n\n\n<p class=\"wp-block-paragraph\">A vide\u00f3t megoszt\u00f3 <a href=\"https:\/\/www.facebook.com\/reel\/1040411198331987\/?__cft__[0]=AZZQ4coBQpEcTdn6uSjClwWcyfJpwhGMF6-8Oc8lstMXEh3WfJ-T1KIFJsyEZRYHvWNN43NrxUzq1DAujS_uPEPX4B_FpKOJRcW8txUMyp6Meb41-rmMjppgBcihG8-dreZ-j9tO-j4_tFmR9aU5_x7YuXghojFsJi1nGG9jR3ZqKjLocpnwpgFf-QQ1dsYLe9JAYROfzI-MAQH1wfStsw2U&amp;__tn__=%2CO%2CP-R\" target=\"_blank\" rel=\"noopener\">Facebook-bejegyz\u00e9sben<\/a> hozz\u00e1f\u0171zte, hogy a telefonlop\u00e1s k\u00f6zt\u00f6rv\u00e9nyes b\u0171ncselekm\u00e9ny, \u00edgy ha Magyar P\u00e9ter val\u00f3ban fel akarja t\u00e1rni az ilyen eseteket, akkor a saj\u00e1t \u00fcgyeivel kellene kezdenie a tiszt\u00e1z\u00e1st.<\/p>\n\n\n\n<figure class=\"wp-block-embed is-type-video is-provider-facebook wp-block-embed-facebook\"><div class=\"wp-block-embed__wrapper\">\n<div id=\"fb-root\"><\/div><script async=\"1\" defer=\"1\" crossorigin=\"anonymous\" src=\"https:\/\/connect.facebook.net\/hu_HU\/sdk.js#xfbml=1&amp;version=v26.0\"><\/script><div class=\"fb-video\" data-href=\"https:\/\/www.facebook.com\/reel\/1040411198331987\/?cft%5B0%5D=AZZQ4coBQpEcTdn6uSjClwWcyfJpwhGMF6-8Oc8lstMXEh3WfJ-T1KIFJsyEZRYHvWNN43NrxUzq1DAujS_uPEPX4B_FpKOJRcW8txUMyp6Meb41-rmMjppgBcihG8-dreZ-j9tO-j4_tFmR9aU5_x7YuXghojFsJi1nGG9jR3ZqKjLocpnwpgFf-QQ1dsYLe9JAYROfzI-MAQH1wfStsw2U&amp;tn=%2CO%2CP-R\" data-width=\"500\"><\/div>\n<\/div><\/figure>\n","protected":false},"excerpt":{"rendered":"<p>Deutsch Tam\u00e1s a H\u00edr Tv-nek adott interj\u00faban \u00e9lesen b\u00edr\u00e1lta Magyar P\u00e9tert, mondv\u00e1n, ha val\u00f3ban a b\u0171ncselekm\u00e9nyek felt\u00e1r\u00e1sa motiv\u00e1lja, akkor kezdje a saj\u00e1t h\u00e1za t\u00e1j\u00e1n. A fideszes eur\u00f3pai parlamenti k\u00e9pvisel\u0151 szerint Magyar P\u00e9ternek felelnie kellene az \u00e1ltala elk\u00f6vetett k\u00f6zt\u00f6rv\u00e9nyes b\u0171ncselekm\u00e9ny, a telefonlop\u00e1s miatt, \u00e9s nem lenne szabad a mentelmi joga m\u00f6g\u00e9 b\u00fajnia. Deutsch Tam\u00e1s kijelentette, hogy\u2026<\/p>","protected":false},"author":2,"featured_media":3307,"comment_status":"open","ping_status":"open","sticky":false,"template":"","format":"standard","meta":{"_gspb_post_css":"","_zh_crosspost_remote_site":"","_zh_crosspost_remote_post_id":"","_zh_crosspost_last_sync_at":"","_zh_crosspost_last_sync_direction":"","_zh_crosspost_synced_images":"","footnotes":""},"categories":[31],"tags":[1802,1435,250,754],"class_list":["post-3304","post","type-post","status-publish","format-standard","has-post-thumbnail","hentry","category-belfold","tag-deutsch-tamas","tag-lopas","tag-magyar-peter","tag-mentelmi-jog"],"_links":{"self":[{"href":"https:\/\/zemino.hu\/ro\/wp-json\/wp\/v2\/posts\/3304","targetHints":{"allow":["GET"]}}],"collection":[{"href":"https:\/\/zemino.hu\/ro\/wp-json\/wp\/v2\/posts"}],"about":[{"href":"https:\/\/zemino.hu\/ro\/wp-json\/wp\/v2\/types\/post"}],"author":[{"embeddable":true,"href":"https:\/\/zemino.hu\/ro\/wp-json\/wp\/v2\/users\/2"}],"replies":[{"embeddable":true,"href":"https:\/\/zemino.hu\/ro\/wp-json\/wp\/v2\/comments?post=3304"}],"version-history":[{"count":3,"href":"https:\/\/zemino.hu\/ro\/wp-json\/wp\/v2\/posts\/3304\/revisions"}],"predecessor-version":[{"id":3308,"href":"https:\/\/zemino.hu\/ro\/wp-json\/wp\/v2\/posts\/3304\/revisions\/3308"}],"wp:featuredmedia":[{"embeddable":true,"href":"https:\/\/zemino.hu\/ro\/wp-json\/wp\/v2\/media\/3307"}],"wp:attachment":[{"href":"https:\/\/zemino.hu\/ro\/wp-json\/wp\/v2\/media?parent=3304"}],"wp:term":[{"taxonomy":"category","embeddable":true,"href":"https:\/\/zemino.hu\/ro\/wp-json\/wp\/v2\/categories?post=3304"},{"taxonomy":"post_tag","embeddable":true,"href":"https:\/\/zemino.hu\/ro\/wp-json\/wp\/v2\/tags?post=3304"}],"curies":[{"name":"wp","href":"https:\/\/api.w.org\/{rel}","templated":true}]}}