{"id":3799,"date":"2026-07-10T16:59:09","date_gmt":"2026-07-10T14:59:09","guid":{"rendered":"https:\/\/zemino.hu\/?p=3799"},"modified":"2026-07-10T16:59:17","modified_gmt":"2026-07-10T14:59:17","slug":"nyomravezetoi-dijat-tuztek-ki","status":"publish","type":"post","link":"https:\/\/zemino.hu\/ro\/villogos\/2026\/07\/10\/nyomravezetoi-dijat-tuztek-ki\/","title":{"rendered":"D\u00edjkit\u0171z\u00e9s: 500.000 forintos nyomravezet\u0151i d\u00edjat t\u0171ztek ki a rend\u0151rt g\u00e1zol\u00f3 f\u00e9rfi elfog\u00e1s\u00e1ra"},"content":{"rendered":"<p class=\"wp-block-paragraph\"><strong>500 000 forintos nyomravezet\u0151i d\u00edjat aj\u00e1nlott fel a Tolna V\u00e1rmegyei Rend\u0151r-f\u0151kapit\u00e1nys\u00e1g vezet\u0151je annak, aki Horv\u00e1th Attila elfog\u00e1s\u00e1t eredm\u00e9nyez\u0151 inform\u00e1ci\u00f3val szolg\u00e1l. A 43 \u00e9ves csik\u00f3st\u0151tt\u0151si lakos ellen hivatalos szem\u00e9ly s\u00e9relm\u00e9re elk\u00f6vetett ember\u00f6l\u00e9s b\u0171ntett k\u00eds\u00e9rlet\u00e9nek gyan\u00faja miatt folyik elj\u00e1r\u00e1s. A f\u00e9rfi a gyan\u00fa szerint cs\u00fct\u00f6rt\u00f6k este egy rend\u0151ri igazoltat\u00e1s sor\u00e1n sz\u00e1nd\u00e9kosan elg\u00e1zolt egy egyenruh\u00e1st Kaposszekcs\u0151n, majd elmenek\u00fclt.<\/strong><\/p>\n\n\n\n<p class=\"wp-block-paragraph\">A <a href=\"https:\/\/www.police.hu\/hu\/hirek-es-informaciok\/legfrissebb-hireink\/dijkituzesek\/dijkituzes-51\" data-type=\"link\" data-id=\"https:\/\/www.police.hu\/hu\/hirek-es-informaciok\/legfrissebb-hireink\/dijkituzesek\/dijkituzes-51\" target=\"_blank\" rel=\"noopener\">Domb\u00f3v\u00e1ri Rend\u0151rkapit\u00e1nys\u00e1gon a 17030\/157\/183\/2026. k\u00f6r\u00f6z\u00e9si sz\u00e1mon<\/a> ind\u00edtottak elj\u00e1r\u00e1st a k\u00f6r\u00f6z\u00f6tt szem\u00e9ly felkutat\u00e1sa \u00e9s elfog\u00e1sa \u00e9rdek\u00e9ben. A Tolna v\u00e1rmegyei rend\u0151rf\u0151kapit\u00e1ny a Rend\u0151rs\u00e9gr\u0151l sz\u00f3l\u00f3 1994. \u00e9vi XXXIV. t\u00f6rv\u00e9nyben r\u00f6gz\u00edtett jogk\u00f6r\u00e9n\u00e9l fogva t\u0171zte ki az \u00f6tsz\u00e1zezer forintos \u00f6sszeget, amelyet annak fizetnek ki, aki a gyan\u00fas\u00edtott felkutat\u00e1s\u00e1t k\u00f6zvetlen\u00fcl el\u0151seg\u00edt\u0151, sikeres elfog\u00e1ssal z\u00e1rul\u00f3 adattal szolg\u00e1l. A nyomoz\u00f3hat\u00f3s\u00e1g r\u00f6gz\u00edtette, hogy a bejelent\u0151 kil\u00e9t\u00e9t szigor\u00faan bizalmasan kezeli, a d\u00edjkit\u0171z\u00e9s visszavon\u00e1s\u00e1nak jog\u00e1t pedig fenntartja \u2013 \u00e1ll a <a href=\"https:\/\/www.police.hu\/hu\/hirek-es-informaciok\/legfrissebb-hireink\/dijkituzesek\/dijkituzes-51\" target=\"_blank\" rel=\"noreferrer noopener\">police.hu<\/a> hivatalos k\u00f6zlem\u00e9ny\u00e9ben.<\/p>\n\n\n\n<p class=\"wp-block-paragraph\">A b\u0171ncselekm\u00e9ny 2026. j\u00falius 9-\u00e9n 22 \u00f3ra 44 perc k\u00f6r\u00fcl t\u00f6rt\u00e9nt Kaposszekcs\u0151 ter\u00fclet\u00e9n, a Pet\u0151fi utc\u00e1ban. Horv\u00e1th Attila egy rend\u0151ri int\u00e9zked\u00e9s \u00e9s igazoltat\u00e1s el\u0151l pr\u00f3b\u00e1lt elmenek\u00fclni, amikor el\u00fct\u00f6tte az elj\u00e1r\u00f3 rend\u0151rt, majd azonnal elhajtott a helysz\u00ednr\u0151l. Az \u00fcgyben a b\u00fcntet\u0151elj\u00e1r\u00e1st a Kaposv\u00e1ri Region\u00e1lis Nyomoz\u00f3 \u00dcgy\u00e9szs\u00e9g folytatja. <\/p>\n\n\n\n<p class=\"is-style-zh-red-box wp-block-paragraph\">A Tolna V\u00e1rmegyei Rend\u0151r-f\u0151kapit\u00e1nys\u00e1g munkat\u00e1rsai k\u00e9rik, hogy aki \u00e9rdemi adattal rendelkezik az elk\u00f6vet\u0151 holl\u00e9t\u00e9r\u0151l, jelentkezzen szem\u00e9lyesen b\u00e1rmelyik rend\u0151ri szervn\u00e9l, vagy h\u00edvja a 06-74-501-106-os telefonsz\u00e1mot. Bejelent\u00e9s tehet\u0151 tov\u00e1bb\u00e1 a 06-80-555-111-es ingyenes, anonim \u201eTelefontan\u00fa\u201d z\u00f6ldsz\u00e1mon, illetve a 112-es k\u00f6zponti seg\u00e9lyh\u00edv\u00f3n is.<\/p>","protected":false},"excerpt":{"rendered":"<p>500 000 forintos nyomravezet\u0151i d\u00edjat aj\u00e1nlott fel a Tolna V\u00e1rmegyei Rend\u0151r-f\u0151kapit\u00e1nys\u00e1g vezet\u0151je annak, aki Horv\u00e1th Attila elfog\u00e1s\u00e1t eredm\u00e9nyez\u0151 inform\u00e1ci\u00f3val szolg\u00e1l. A 43 \u00e9ves csik\u00f3st\u0151tt\u0151si lakos ellen hivatalos szem\u00e9ly s\u00e9relm\u00e9re elk\u00f6vetett ember\u00f6l\u00e9s b\u0171ntett k\u00eds\u00e9rlet\u00e9nek gyan\u00faja miatt folyik elj\u00e1r\u00e1s. A f\u00e9rfi a gyan\u00fa szerint cs\u00fct\u00f6rt\u00f6k este egy rend\u0151ri igazoltat\u00e1s sor\u00e1n sz\u00e1nd\u00e9kosan elg\u00e1zolt egy egyenruh\u00e1st Kaposszekcs\u0151n, majd elmenek\u00fclt.\u2026<\/p>","protected":false},"author":2,"featured_media":3800,"comment_status":"open","ping_status":"open","sticky":false,"template":"","format":"standard","meta":{"_gspb_post_css":"","_zh_crosspost_remote_site":"zsaruhirek","_zh_crosspost_remote_post_id":"78760","_zh_crosspost_last_sync_at":"2026-07-10 16:55:35","_zh_crosspost_last_sync_direction":"zsaruhirek_to_zemino","_zh_crosspost_synced_images":"","footnotes":""},"categories":[325],"tags":[2100,2101,2102,2103,2104,2105,2106],"class_list":["post-3799","post","type-post","status-publish","format-standard","has-post-thumbnail","hentry","category-villogos","tag-dijkituzes","tag-horvath-attila","tag-kaposszekcso","tag-kaposvari-regionalis-nyomozo-ugyeszseg","tag-police-hu","tag-rendorgazolas","tag-tolna-varmegyei-rendor-fokapitanysag"],"_links":{"self":[{"href":"https:\/\/zemino.hu\/ro\/wp-json\/wp\/v2\/posts\/3799","targetHints":{"allow":["GET"]}}],"collection":[{"href":"https:\/\/zemino.hu\/ro\/wp-json\/wp\/v2\/posts"}],"about":[{"href":"https:\/\/zemino.hu\/ro\/wp-json\/wp\/v2\/types\/post"}],"author":[{"embeddable":true,"href":"https:\/\/zemino.hu\/ro\/wp-json\/wp\/v2\/users\/2"}],"replies":[{"embeddable":true,"href":"https:\/\/zemino.hu\/ro\/wp-json\/wp\/v2\/comments?post=3799"}],"version-history":[{"count":2,"href":"https:\/\/zemino.hu\/ro\/wp-json\/wp\/v2\/posts\/3799\/revisions"}],"predecessor-version":[{"id":3804,"href":"https:\/\/zemino.hu\/ro\/wp-json\/wp\/v2\/posts\/3799\/revisions\/3804"}],"wp:featuredmedia":[{"embeddable":true,"href":"https:\/\/zemino.hu\/ro\/wp-json\/wp\/v2\/media\/3800"}],"wp:attachment":[{"href":"https:\/\/zemino.hu\/ro\/wp-json\/wp\/v2\/media?parent=3799"}],"wp:term":[{"taxonomy":"category","embeddable":true,"href":"https:\/\/zemino.hu\/ro\/wp-json\/wp\/v2\/categories?post=3799"},{"taxonomy":"post_tag","embeddable":true,"href":"https:\/\/zemino.hu\/ro\/wp-json\/wp\/v2\/tags?post=3799"}],"curies":[{"name":"wp","href":"https:\/\/api.w.org\/{rel}","templated":true}]}}