{"id":3826,"date":"2026-07-11T07:28:21","date_gmt":"2026-07-11T05:28:21","guid":{"rendered":"https:\/\/zemino.hu\/?p=3826"},"modified":"2026-07-11T07:28:25","modified_gmt":"2026-07-11T05:28:25","slug":"kapitany-istvan-feltoltottek-a-strategiai-uzemanyag-keszletet","status":"publish","type":"post","link":"https:\/\/zemino.hu\/ro\/gazdasag\/2026\/07\/11\/kapitany-istvan-feltoltottek-a-strategiai-uzemanyag-keszletet\/","title":{"rendered":"Kapit\u00e1ny Istv\u00e1n: felt\u00f6lt\u00f6tt\u00e9k a strat\u00e9giai \u00fczemanyag-k\u00e9szletet"},"content":{"rendered":"\n<p class=\"wp-block-paragraph\"><strong>M\u00e1r 87 napnyi importnak megfelel\u0151 strat\u00e9giai k\u0151olaj- \u00e9s \u00fczemanyag-tartal\u00e9kkal rendelkezik Magyarorsz\u00e1g \u2013 jelentette be Kapit\u00e1ny Istv\u00e1n. A gazdas\u00e1gi \u00e9s energetikai miniszter k\u00f6zl\u00e9se szerint a kor\u00e1bban felszabad\u00edtott k\u00e9szletek visszap\u00f3tl\u00e1sa sikeresen megt\u00f6rt\u00e9nt, \u00e9s a f\u00f6ldg\u00e1zt\u00e1rol\u00f3k is t\u00f6bb mint f\u00e9lig megteltek.<\/strong><\/p>\n\n\n\n<p class=\"wp-block-paragraph\">J\u00falius m\u00e1sodik het\u00e9re siker\u00fclt megnyugtat\u00f3an felt\u00f6lteni a hazai strat\u00e9giai k\u00e9szleteket \u2013 sz\u00e1molt be a t\u00e1rcavezet\u0151 <a href=\"https:\/\/www.facebook.com\/kapitanyistvan.tisza\/posts\/pfbid021SNVBK2nP4Mau45x6pRSPJpkho49L8C7suES1fC4CXmn9msMKx1owDxSfhE2wemAl?__cft__[0]=AZbjjM_vAl85EwRkWY9JdkduAsygIG_LW8LFbGyQcxUR1OTBQCVAs19tyr8up2XNac6qA9aiYV3ulu4sAXwYtfjYWXoVfgd79cam62Pk3pqLhC5VBs-e2TxphFFEsOzxmbht3JNUSt4rlGZYGmK4AzE4_26z_zO6cFjcxbuLV2ggyMmxWmrHxKhxaLOimj38B_zElTZhMuBr5o7KU850-Oae&amp;__tn__=%2CO%2CP-R\" target=\"_blank\" rel=\"noopener\">k\u00f6z\u00f6ss\u00e9gi oldal\u00e1n. <\/a>A jelenlegi 87 napos importszerkezet komoly n\u00f6veked\u00e9st mutat a m\u00e1rcius v\u00e9g\u00e9n tapasztalt 44 napos m\u00e9lyponthoz k\u00e9pest.<\/p>\n\n\n\n<p class=\"wp-block-paragraph\">Kapit\u00e1ny Istv\u00e1n eml\u00e9keztetett arra, hogy a korm\u00e1nyv\u00e1lt\u00e1s ut\u00e1n els\u0151 miniszteri rendelet\u00e9vel d\u00f6nt\u00f6tt a strat\u00e9giai k\u00e9szlet r\u00e9szleges felszabad\u00edt\u00e1s\u00e1r\u00f3l, amire a v\u00e9dett \u00fczemanyag\u00e1rak meg\u0151rz\u00e9se miatt volt sz\u00fcks\u00e9g. Mivel a piaci k\u00f6rnyezet az\u00f3ta kedvez\u0151bb\u00e9 v\u00e1lt, megkezd\u0151dhetett a tartal\u00e9k gyors visszap\u00f3tl\u00e1sa, \u00edgy az \u00e9v elej\u00e9n felszabad\u00edtott k\u0151olaj teljes mennyis\u00e9g\u00e9t visszat\u00f6lt\u00f6tt\u00e9k. A folyamat a k\u00f6vetkez\u0151 h\u00f3napokban a t\u00e9li min\u0151s\u00e9g\u0171 g\u00e1zolaj gy\u00e1rt\u00e1s\u00e1nak elindul\u00e1s\u00e1val folytat\u00f3dik.<\/p>\n\n\n\n<p class=\"wp-block-paragraph\">A miniszter kiemelte:<\/p>\n\n\n\n<blockquote class=\"wp-block-quote is-layout-flow wp-block-quote-is-layout-flow\">\n<p class=\"wp-block-paragraph\"><strong>\u201eAz \u00e1gazat szerepl\u0151ivel k\u00f6z\u00f6sen azon dolgozunk, hogy a k\u00f6telez\u0151n\u00e9l is nagyobb biztons\u00e1gi tartal\u00e9kkal garant\u00e1ljuk a magyar emberek zavartalan \u00fczemanyag-ell\u00e1t\u00e1s\u00e1t\u201d<\/strong><\/p>\n<\/blockquote>\n\n\n\n<p class=\"wp-block-paragraph\">A t\u00e1rcavezet\u0151 hozz\u00e1tette, hogy a f\u00f6ldg\u00e1zk\u00e9szletek ter\u00e9n is j\u00f3l \u00e1ll az orsz\u00e1g, a t\u00e1rol\u00f3k ugyanis m\u00e1r t\u00f6bb mint f\u00e9lig megteltek, ami megfelel\u0151 felk\u00e9sz\u00fcl\u00e9st biztos\u00edt a hidegebb h\u00f3napokra.<\/p>\n\n\n\n<figure class=\"wp-block-embed is-type-rich is-provider-facebook wp-block-embed-facebook\"><div class=\"wp-block-embed__wrapper\">\n<div id=\"fb-root\"><\/div><script async=\"1\" defer=\"1\" crossorigin=\"anonymous\" src=\"https:\/\/connect.facebook.net\/hu_HU\/sdk.js#xfbml=1&amp;version=v26.0\"><\/script><div class=\"fb-post\" data-href=\"https:\/\/www.facebook.com\/kapitanyistvan.tisza\/posts\/pfbid021SNVBK2nP4Mau45x6pRSPJpkho49L8C7suES1fC4CXmn9msMKx1owDxSfhE2wemAl\" data-width=\"500\"><\/div>\n<\/div><\/figure>\n\n\n\n<p class=\"wp-block-paragraph\"><\/p>\n","protected":false},"excerpt":{"rendered":"<p>M\u00e1r 87 napnyi importnak megfelel\u0151 strat\u00e9giai k\u0151olaj- \u00e9s \u00fczemanyag-tartal\u00e9kkal rendelkezik Magyarorsz\u00e1g \u2013 jelentette be Kapit\u00e1ny Istv\u00e1n. A gazdas\u00e1gi \u00e9s energetikai miniszter k\u00f6zl\u00e9se szerint a kor\u00e1bban felszabad\u00edtott k\u00e9szletek visszap\u00f3tl\u00e1sa sikeresen megt\u00f6rt\u00e9nt, \u00e9s a f\u00f6ldg\u00e1zt\u00e1rol\u00f3k is t\u00f6bb mint f\u00e9lig megteltek. J\u00falius m\u00e1sodik het\u00e9re siker\u00fclt megnyugtat\u00f3an felt\u00f6lteni a hazai strat\u00e9giai k\u00e9szleteket \u2013 sz\u00e1molt be a t\u00e1rcavezet\u0151 k\u00f6z\u00f6ss\u00e9gi oldal\u00e1n.\u2026<\/p>","protected":false},"author":2,"featured_media":3825,"comment_status":"open","ping_status":"open","sticky":false,"template":"","format":"standard","meta":{"_gspb_post_css":"","_zh_crosspost_remote_site":"","_zh_crosspost_remote_post_id":"","_zh_crosspost_last_sync_at":"","_zh_crosspost_last_sync_direction":"","_zh_crosspost_synced_images":"","footnotes":""},"categories":[32],"tags":[2118,762,382,632,2116,2117],"class_list":["post-3826","post","type-post","status-publish","format-standard","has-post-thumbnail","hentry","category-gazdasag","tag-energetika","tag-foldgaz","tag-gazdasag","tag-kapitany-istvan","tag-koolaj","tag-uzemanyag-tartalek"],"_links":{"self":[{"href":"https:\/\/zemino.hu\/ro\/wp-json\/wp\/v2\/posts\/3826","targetHints":{"allow":["GET"]}}],"collection":[{"href":"https:\/\/zemino.hu\/ro\/wp-json\/wp\/v2\/posts"}],"about":[{"href":"https:\/\/zemino.hu\/ro\/wp-json\/wp\/v2\/types\/post"}],"author":[{"embeddable":true,"href":"https:\/\/zemino.hu\/ro\/wp-json\/wp\/v2\/users\/2"}],"replies":[{"embeddable":true,"href":"https:\/\/zemino.hu\/ro\/wp-json\/wp\/v2\/comments?post=3826"}],"version-history":[{"count":1,"href":"https:\/\/zemino.hu\/ro\/wp-json\/wp\/v2\/posts\/3826\/revisions"}],"predecessor-version":[{"id":3827,"href":"https:\/\/zemino.hu\/ro\/wp-json\/wp\/v2\/posts\/3826\/revisions\/3827"}],"wp:featuredmedia":[{"embeddable":true,"href":"https:\/\/zemino.hu\/ro\/wp-json\/wp\/v2\/media\/3825"}],"wp:attachment":[{"href":"https:\/\/zemino.hu\/ro\/wp-json\/wp\/v2\/media?parent=3826"}],"wp:term":[{"taxonomy":"category","embeddable":true,"href":"https:\/\/zemino.hu\/ro\/wp-json\/wp\/v2\/categories?post=3826"},{"taxonomy":"post_tag","embeddable":true,"href":"https:\/\/zemino.hu\/ro\/wp-json\/wp\/v2\/tags?post=3826"}],"curies":[{"name":"wp","href":"https:\/\/api.w.org\/{rel}","templated":true}]}}