{"id":3847,"date":"2026-07-11T13:02:17","date_gmt":"2026-07-11T11:02:17","guid":{"rendered":"https:\/\/zemino.hu\/?p=3847"},"modified":"2026-07-11T13:02:22","modified_gmt":"2026-07-11T11:02:22","slug":"kaposszekcso-rendorgazolas-csikostottos-elfogas","status":"publish","type":"post","link":"https:\/\/zemino.hu\/ro\/villogos\/2026\/07\/11\/kaposszekcso-rendorgazolas-csikostottos-elfogas\/","title":{"rendered":"\u00d6sszefog\u00e1ssal fogt\u00e1k el a Kaposszekcs\u0151n rend\u0151rt g\u00e1zol\u00f3 aut\u00f3st"},"content":{"rendered":"<p class=\"wp-block-paragraph\"><strong>K\u00f6zel egy napon \u00e1t tart\u00f3, kiterjedt keres\u0151akci\u00f3 ut\u00e1n egy Csik\u00f3st\u0151tt\u0151s melletti lucern\u00e1sban ker\u00edtett\u00e9k k\u00e9zre azt a 43 \u00e9ves f\u00e9rfit, aki cs\u00fct\u00f6rt\u00f6k k\u00e9s\u0151 este el\u00fct\u00f6tt egy int\u00e9zked\u0151 j\u00e1r\u0151rt Kaposszekcs\u0151n. A hajsz\u00e1ban a rend\u0151rs\u00e9g t\u00f6bb v\u00e1rmegyei egys\u00e9ge mellett polg\u00e1r\u0151r\u00f6k, civil szervezetek \u00e9s helyi lakosok is k\u00f6zrem\u0171k\u00f6dtek.<\/strong><\/p>\n\n\n\n<p class=\"wp-block-paragraph\">Cs\u00fct\u00f6rt\u00f6k\u00f6n, nem sokkal 22 \u00f3ra 45 perc el\u0151tt egy domb\u00f3v\u00e1ri rend\u0151r k\u00e9rt s\u00fcrg\u0151s er\u0151s\u00edt\u00e9st, miut\u00e1n egy g\u00e9pj\u00e1rm\u0171vezet\u0151 elg\u00e1zolta a vele int\u00e9zked\u0151 j\u00e1r\u0151rt\u00e1rs\u00e1t Kaposszekcs\u0151n, majd meg\u00e1ll\u00e1s n\u00e9lk\u00fcl elmenek\u00fclt a helysz\u00ednr\u0151l \u2013 sz\u00e1molt be a r\u00e9szletekr\u0151l a <a href=\"https:\/\/www.police.hu\/hu\/hirek-es-informaciok\/legfrissebb-hireink\/szervezeti-hirek\/peldatlan-osszefogas\" target=\"_blank\" rel=\"noreferrer noopener\">Tolna V\u00e1rmegyei Rend\u0151r-f\u0151kapit\u00e1nys\u00e1g<\/a>. <\/p>\n\n\n\n<p class=\"wp-block-paragraph\">A bejelent\u00e9st tev\u0151 j\u00e1r\u0151r a ment\u0151szolg\u00e1lat munkat\u00e1rsainak meg\u00e9rkez\u00e9s\u00e9ig azonnal megkezdte s\u00e9r\u00fclt koll\u00e9g\u00e1ja els\u0151seg\u00e9lyny\u00fajt\u00e1s\u00e1t. A gyorsan helysz\u00ednre \u00e9rkez\u0151 rend\u0151ri egys\u00e9gek a g\u00e1zol\u00f3 aut\u00f3j\u00e1t nem messze az incidenst\u0151l meg is tal\u00e1lt\u00e1k, \u00e1m a sof\u0151r addigra gyalogosan menek\u00fclt tov\u00e1bb.<\/p>\n\n\n\n<p class=\"wp-block-paragraph\">A 43 \u00e9ves csik\u00f3st\u0151tt\u0151si lakos felkutat\u00e1sa m\u00e1r az \u00e9jszakai \u00f3r\u00e1kban kezdet\u00e9t vette. A Tolna V\u00e1rmegyei Rend\u0151r-f\u0151kapit\u00e1nys\u00e1g k\u00f6tel\u00e9k\u00e9b\u0151l folyamatosan \u00e9rkeztek \u00e1tcsoportos\u00edtott er\u0151k, a kutat\u00e1si feladatokhoz pedig csatlakoztak a K\u00e9szenl\u00e9ti Rend\u0151rs\u00e9g, valamint a Baranya \u00e9s a Somogy V\u00e1rmegyei Rend\u0151r-f\u0151kapit\u00e1nys\u00e1g munkat\u00e1rsai is. Az egyenruh\u00e1sok mellett polg\u00e1r\u0151r\u00f6k, k\u00fcl\u00f6nf\u00e9le egyes\u00fcletek tagjai \u00e9s civil \u00f6nk\u00e9ntesek is bekapcsol\u00f3dtak a m\u0171veletbe, akik kuty\u00e1kkal, dr\u00f3nos felder\u00edt\u00e9ssel \u00e9s terepj\u00e1r\u00f3kkal f\u00e9s\u00fclt\u00e9k \u00e1t a k\u00f6rny\u00e9ket, mik\u00f6zben az \u00e9rintett telep\u00fcl\u00e9sek lakoss\u00e1ga hasznos helyismereti tan\u00e1csokkal t\u00e1mogatta a hat\u00f3s\u00e1gokat. A kaposszekcs\u0151i \u00f6nkorm\u00e1nyzat, a helyi v\u00e1llalkoz\u00e1sok, \u00e9ttermek \u00e9s mag\u00e1nszem\u00e9lyek \u00e9tellel \u00e9s itallal l\u00e1tt\u00e1k el a keres\u0151csapatok tagjait.<\/p>\n\n\n\n<p class=\"wp-block-paragraph\">A nagyszab\u00e1s\u00fa, \u00f6sszehangolt akci\u00f3 v\u00e9g\u00fcl sikerrel j\u00e1rt: csaknem 24 \u00f3r\u00e1nyi bujk\u00e1l\u00e1st k\u00f6vet\u0151en Csik\u00f3st\u0151tt\u0151s k\u00fclter\u00fclet\u00e9n, egy lucernaf\u00f6ld\u00f6n tal\u00e1lt\u00e1k meg \u00e9s vett\u00e9k \u0151rizetbe a keresett f\u00e9rfit. A rend\u0151rs\u00e9g k\u00f6sz\u00f6netet mondott mindenkinek, aki hozz\u00e1j\u00e1rult az eredm\u00e9nyes elfog\u00e1shoz. A g\u00e1zol\u00e1ssal gyan\u00fas\u00edtott csik\u00f3st\u0151tt\u0151si lakos ellen a Kaposv\u00e1ri Region\u00e1lis Nyomoz\u00f3 \u00dcgy\u00e9szs\u00e9g ind\u00edtott b\u00fcntet\u0151elj\u00e1r\u00e1st.<\/p>\n\n\n\n<p class=\"wp-block-paragraph\"><\/p>","protected":false},"excerpt":{"rendered":"<p>K\u00f6zel egy napon \u00e1t tart\u00f3, kiterjedt keres\u0151akci\u00f3 ut\u00e1n egy Csik\u00f3st\u0151tt\u0151s melletti lucern\u00e1sban ker\u00edtett\u00e9k k\u00e9zre azt a 43 \u00e9ves f\u00e9rfit, aki cs\u00fct\u00f6rt\u00f6k k\u00e9s\u0151 este el\u00fct\u00f6tt egy int\u00e9zked\u0151 j\u00e1r\u0151rt Kaposszekcs\u0151n. A hajsz\u00e1ban a rend\u0151rs\u00e9g t\u00f6bb v\u00e1rmegyei egys\u00e9ge mellett polg\u00e1r\u0151r\u00f6k, civil szervezetek \u00e9s helyi lakosok is k\u00f6zrem\u0171k\u00f6dtek. Cs\u00fct\u00f6rt\u00f6k\u00f6n, nem sokkal 22 \u00f3ra 45 perc el\u0151tt egy domb\u00f3v\u00e1ri rend\u0151r\u2026<\/p>","protected":false},"author":2,"featured_media":3848,"comment_status":"open","ping_status":"open","sticky":false,"template":"","format":"standard","meta":{"_gspb_post_css":"","_zh_crosspost_remote_site":"zsaruhirek","_zh_crosspost_remote_post_id":"78811","_zh_crosspost_last_sync_at":"2026-07-11 13:02:00","_zh_crosspost_last_sync_direction":"zsaruhirek_to_zemino","_zh_crosspost_synced_images":"","footnotes":""},"categories":[325],"tags":[370,2132,2133,2102,2103,2104,2105],"class_list":["post-3847","post","type-post","status-publish","format-standard","has-post-thumbnail","hentry","category-villogos","tag-belfold","tag-csikostottos","tag-embervadaszat","tag-kaposszekcso","tag-kaposvari-regionalis-nyomozo-ugyeszseg","tag-police-hu","tag-rendorgazolas"],"_links":{"self":[{"href":"https:\/\/zemino.hu\/ro\/wp-json\/wp\/v2\/posts\/3847","targetHints":{"allow":["GET"]}}],"collection":[{"href":"https:\/\/zemino.hu\/ro\/wp-json\/wp\/v2\/posts"}],"about":[{"href":"https:\/\/zemino.hu\/ro\/wp-json\/wp\/v2\/types\/post"}],"author":[{"embeddable":true,"href":"https:\/\/zemino.hu\/ro\/wp-json\/wp\/v2\/users\/2"}],"replies":[{"embeddable":true,"href":"https:\/\/zemino.hu\/ro\/wp-json\/wp\/v2\/comments?post=3847"}],"version-history":[{"count":1,"href":"https:\/\/zemino.hu\/ro\/wp-json\/wp\/v2\/posts\/3847\/revisions"}],"predecessor-version":[{"id":3849,"href":"https:\/\/zemino.hu\/ro\/wp-json\/wp\/v2\/posts\/3847\/revisions\/3849"}],"wp:featuredmedia":[{"embeddable":true,"href":"https:\/\/zemino.hu\/ro\/wp-json\/wp\/v2\/media\/3848"}],"wp:attachment":[{"href":"https:\/\/zemino.hu\/ro\/wp-json\/wp\/v2\/media?parent=3847"}],"wp:term":[{"taxonomy":"category","embeddable":true,"href":"https:\/\/zemino.hu\/ro\/wp-json\/wp\/v2\/categories?post=3847"},{"taxonomy":"post_tag","embeddable":true,"href":"https:\/\/zemino.hu\/ro\/wp-json\/wp\/v2\/tags?post=3847"}],"curies":[{"name":"wp","href":"https:\/\/api.w.org\/{rel}","templated":true}]}}