{"id":3859,"date":"2026-07-12T07:51:13","date_gmt":"2026-07-12T05:51:13","guid":{"rendered":"https:\/\/zemino.hu\/?p=3859"},"modified":"2026-07-12T07:51:14","modified_gmt":"2026-07-12T05:51:14","slug":"koltsegesse-valt-orvosi-kezelese-miatt-engedtek-szabadon-egy-gyermekbantalmazassal-gyanusitott-ferfit-ohioban","status":"publish","type":"post","link":"https:\/\/zemino.hu\/ro\/kulfold\/2026\/07\/12\/koltsegesse-valt-orvosi-kezelese-miatt-engedtek-szabadon-egy-gyermekbantalmazassal-gyanusitott-ferfit-ohioban\/","title":{"rendered":"K\u00f6lts\u00e9gess\u00e9 v\u00e1lt orvosi kezel\u00e9se miatt engedtek szabadon egy gyermekb\u00e1ntalmaz\u00e1ssal gyan\u00fas\u00edtott f\u00e9rfit Ohi\u00f3ban"},"content":{"rendered":"<p class=\"wp-block-paragraph\"><strong><strong>Szabadl\u00e1bra helyezt\u00e9k a hat\u00f3s\u00e1gok azt a 73 \u00e9ves ohioi f\u00e9rfit, akit t\u00e1rsaival egy\u00fctt tizenhat gyerek m\u00e9ltatlan k\u00f6r\u00fclm\u00e9nyek k\u00f6z\u00f6tt val\u00f3 fogvatart\u00e1s\u00e1val gyan\u00fas\u00edtanak. Az id\u0151s f\u00e9rfi egy es\u00e9st k\u00f6vet\u0151en k\u00f3rh\u00e1zba ker\u00fclt, speci\u00e1lis orvosi ell\u00e1t\u00e1s\u00e1nak milli\u00f3s k\u00f6lts\u00e9gei azonban teljes anyagi cs\u0151dbe sodorhatt\u00e1k volna a v\u00e1dat k\u00e9pvisel\u0151 megy\u00e9t.<\/strong><\/strong><\/p>\n\n\n\n<p class=\"wp-block-paragraph\">Tizenhat gyereket szabad\u00edtottak ki a hat\u00f3s\u00e1gok j\u00falius elej\u00e9n egy szem\u00e9ttel \u00e9s emberi \u00fcr\u00fcl\u00e9kkel bor\u00edtott csal\u00e1di h\u00e1zb\u00f3l az amerikai Ohio \u00e1llamban \u2013 sz\u00e1molt be az esetr\u0151l a <a target=\"_blank\" rel=\"noreferrer noopener\" href=\"https:\/\/telex.hu\/belfold\/2026\/07\/11\/ohio-haz-16-gyerek-nagypapa-orvosi-ellatasa-csodbe-vinne-az-orszagot\">Telex<\/a>. Az \u00e1llam legf\u0151bb \u00fcgy\u00e9sz\u00e9nek hivatalos t\u00e1j\u00e9koztat\u00e1sa alapj\u00e1n a <a target=\"_blank\" rel=\"noreferrer noopener\" href=\"https:\/\/nypost.com\/2026\/07\/03\/us-news\/16-children-rescued-from-repulsive-feces-filled-ohio-home-in-scene-that-smacked-of-pure-evil-ag\/\">New York Post<\/a> azt \u00edrta, hogy az 1 \u00e9s 18 \u00e9v k\u00f6z\u00f6tti \u00e1ldozatokat a sz\u00fcleik \u00e9s a nagysz\u00fcleik z\u00e1rt\u00e1k be az ingatlanba, amelyet az elm\u00falt n\u00e9gy esztend\u0151ben szinte egy\u00e1ltal\u00e1n nem hagyhattak el. A hivatalos szervek t\u00e1j\u00e9koztat\u00e1sa szerint a fiatalok t\u00f6bbs\u00e9g\u00e9t egy alig 3,6-szor 3,6 m\u00e9teres, fek\u00e1li\u00e1val teli helyis\u00e9gbe zs\u00fafolt\u00e1k \u00f6ssze. A k\u00f6rny\u00e9ken lak\u00f3k semmit sem sejtettek a b\u0171ncselekm\u00e9nyr\u0151l.<\/p>\n\n\n\n<p class=\"wp-block-paragraph\">Alan Wilson, Ohio f\u0151\u00fcgy\u00e9sze elmondta, hogy a nyomoz\u00f3knak a fojtogat\u00f3 b\u0171z miatt v\u00e9d\u0151maszkot kellett viselni\u00fck az \u00e9p\u00fcletben. A WCMH jelent\u00e9se szerint Wilson \u00fagy fogalmazott, a helysz\u00ednen dolgoz\u00f3k a tiszta gonoszs\u00e1ggal szembes\u00fcltek, amit a felt\u00e1rt bizony\u00edt\u00e9kok is al\u00e1t\u00e1masztanak. A rend\u0151rs\u00e9gi adatok szerint a fogvatartottak soha nem j\u00e1rtak iskol\u00e1ba, t\u00f6bben besz\u00e9lni sem tudnak, a legid\u0151sebb, 18 \u00e9ves l\u00e1ny pedig a saj\u00e1t nev\u00e9t sem k\u00e9pes le\u00edrni. A brut\u00e1lis k\u00f6r\u00fclm\u00e9nyekre egy m\u00e1sik \u00fcgyben elrendelt h\u00e1zkutat\u00e1s sor\u00e1n der\u00fclt f\u00e9ny. A gyermekek sz\u00fcleit, a 36 \u00e9ves Gary Siderst \u00e9s a 33 \u00e9ves Elizabeth Siderst, valamint a nagysz\u00fcl\u0151ket, a 73 \u00e9ves Gary Siderset \u00e9s a 67 \u00e9ves Christina Siderset a helysz\u00ednen elfogt\u00e1k. Mindannyian \u00e1rtatlannak vallott\u00e1k magukat, a b\u00edr\u00f3s\u00e1g ezt k\u00f6vet\u0151en elrendelte a letart\u00f3ztat\u00e1sukat.<\/p>\n\n\n\n<figure class=\"wp-block-image size-full\"><a href=\"https:\/\/zemino.hu\/wp-content\/uploads\/2026\/07\/1783800930-temp-7f8hje4c4i0i6kknmih_cikktorzs_xl.webp\"><img loading=\"lazy\" decoding=\"async\" width=\"690\" height=\"461\" src=\"https:\/\/zemino.hu\/wp-content\/uploads\/2026\/07\/1783800930-temp-7f8hje4c4i0i6kknmih_cikktorzs_xl.webp\" alt=\"\" class=\"wp-image-3858\" srcset=\"https:\/\/zemino.hu\/wp-content\/uploads\/2026\/07\/1783800930-temp-7f8hje4c4i0i6kknmih_cikktorzs_xl.webp 690w, https:\/\/zemino.hu\/wp-content\/uploads\/2026\/07\/1783800930-temp-7f8hje4c4i0i6kknmih_cikktorzs_xl-300x200.webp 300w, https:\/\/zemino.hu\/wp-content\/uploads\/2026\/07\/1783800930-temp-7f8hje4c4i0i6kknmih_cikktorzs_xl-18x12.webp 18w\" sizes=\"auto, (max-width: 690px) 100vw, 690px\" \/><\/a><figcaption class=\"wp-element-caption\">Ohio Region\u00e1lis B\u00f6rt\u00f6n<\/figcaption><\/figure>\n\n\n\n<p class=\"wp-block-paragraph\">A b\u00fcntet\u0151elj\u00e1r\u00e1s azonban v\u00e1ratlan fordulatot vett, amikor a legid\u0151sebb gyan\u00fas\u00edtott, a 73 \u00e9ves id. Gary Siders a b\u00f6rt\u00f6nb\u0151l a b\u00edr\u00f3s\u00e1gra sz\u00e1ll\u00edt\u00e1s k\u00f6zben elesett. A k\u00f3rh\u00e1zi vizsg\u00e1latok sor\u00e1n kider\u00fclt, hogy olyan \u00f6sszetett eg\u00e9szs\u00e9g\u00fcgyi probl\u00e9m\u00e1val k\u00fczd, amelyet a <a target=\"_blank\" rel=\"noreferrer noopener\" href=\"https:\/\/nypost.com\/2026\/07\/09\/us-news\/ohio-house-of-horrors-suspect-granted-bail-because-his-medical-care-that-could-bankrupt-the-county-prosecutor-says\/\">New York Post<\/a> cikke szerint csak a megye hat\u00e1rain k\u00edv\u00fcl lehetne kezelni. A hat\u00e1lyos jogszab\u00e1lyok \u00e9rtelm\u00e9ben az \u0151rizet alatt \u00e1ll\u00f3 gyan\u00fas\u00edtott eg\u00e9szs\u00e9g\u00fcgyi sz\u00e1ml\u00e1it a v\u00e1demel\u0151 Vinton megy\u00e9nek kellene finansz\u00edroznia.<\/p>\n\n\n\n<p class=\"wp-block-paragraph\">William Archer megyei \u00fcgy\u00e9sz a helyzetet \u00e9rt\u00e9kelve \u00fagy nyilatkozott, hogy az alapszab\u00e1lyok szerint a megy\u00e9nek k\u00f6telez\u0151 fedeznie a fogvatartottak orvosi ell\u00e1t\u00e1s\u00e1t, \u00e1m a rendelkez\u00e9sre \u00e1ll\u00f3 inform\u00e1ci\u00f3k alapj\u00e1n ez a konkr\u00e9t kezel\u00e9s ak\u00e1r cs\u0151dbe is vihette volna Vinton megy\u00e9t. Id\u0151sebb Gary Siderst eredetileg 300 ezer doll\u00e1ros \u2013 k\u00f6r\u00fclbel\u00fcl 100 milli\u00f3 forintos, k\u00e9szp\u00e9nzben kifizetend\u0151 \u2013 \u00f3vad\u00e9k ellen\u00e9ben engedt\u00e9k volna szabadon, \u00e1m a p\u00e9nz\u00fcgyi kock\u00e1zatokat l\u00e1tva a v\u00e1d \u00e9s a b\u00edr\u00f3s\u00e1g v\u00e9g\u00fcl abban \u00e1llapodott meg, hogy megel\u0151legezik ezt az \u00f6sszeget, \u00e9s a f\u00e9rfit egy k\u00e9s\u0151bb kifizetend\u0151, \u00fagynevezett szavatoss\u00e1gi \u00f3vad\u00e9k fej\u00e9ben kiengedik az int\u00e9zetb\u0151l.<\/p>\n\n\n\n<p class=\"wp-block-paragraph\">A hat\u00f3s\u00e1gok azt nem hozt\u00e1k nyilv\u00e1noss\u00e1gra, hogy az id\u0151s gyan\u00fas\u00edtott orvosi k\u00f6lts\u00e9geit v\u00e9g\u00fcl ki fogja kiegyenl\u00edteni. Id\u0151sebb Gary Siders a k\u00f3rh\u00e1zi kezel\u00e9se ut\u00e1n nem t\u00e9r vissza a b\u00f6rt\u00f6nbe, hanem GPS-alap\u00fa nyomk\u00f6vet\u0151t kell viselnie. A f\u00e9rfi v\u00e9d\u0151\u00fcgyv\u00e9dje szerint Siders ment\u00e1lisan nem besz\u00e1m\u00edthat\u00f3, emiatt b\u00edr\u00f3s\u00e1g el\u00e9 sem lehet majd \u00e1ll\u00edtani.<\/p>","protected":false},"excerpt":{"rendered":"<p>Szabadl\u00e1bra helyezt\u00e9k a hat\u00f3s\u00e1gok azt a 73 \u00e9ves ohioi f\u00e9rfit, akit t\u00e1rsaival egy\u00fctt tizenhat gyerek m\u00e9ltatlan k\u00f6r\u00fclm\u00e9nyek k\u00f6z\u00f6tt val\u00f3 fogvatart\u00e1s\u00e1val gyan\u00fas\u00edtanak. Az id\u0151s f\u00e9rfi egy es\u00e9st k\u00f6vet\u0151en k\u00f3rh\u00e1zba ker\u00fclt, speci\u00e1lis orvosi ell\u00e1t\u00e1s\u00e1nak milli\u00f3s k\u00f6lts\u00e9gei azonban teljes anyagi cs\u0151dbe sodorhatt\u00e1k volna a v\u00e1dat k\u00e9pvisel\u0151 megy\u00e9t. Tizenhat gyereket szabad\u00edtottak ki a hat\u00f3s\u00e1gok j\u00falius elej\u00e9n egy szem\u00e9ttel \u00e9s\u2026<\/p>","protected":false},"author":2,"featured_media":3861,"comment_status":"open","ping_status":"open","sticky":false,"template":"","format":"standard","meta":{"_gspb_post_css":"","_zh_crosspost_remote_site":"","_zh_crosspost_remote_post_id":"","_zh_crosspost_last_sync_at":"","_zh_crosspost_last_sync_direction":"","_zh_crosspost_synced_images":"","footnotes":""},"categories":[33],"tags":[329,602,2137,2139,2136],"class_list":["post-3859","post","type-post","status-publish","format-standard","has-post-thumbnail","hentry","category-kulfold","tag-gyermekbantalmazas","tag-kulfold","tag-ohio","tag-orvosi-ellatas","tag-ovadek"],"_links":{"self":[{"href":"https:\/\/zemino.hu\/ro\/wp-json\/wp\/v2\/posts\/3859","targetHints":{"allow":["GET"]}}],"collection":[{"href":"https:\/\/zemino.hu\/ro\/wp-json\/wp\/v2\/posts"}],"about":[{"href":"https:\/\/zemino.hu\/ro\/wp-json\/wp\/v2\/types\/post"}],"author":[{"embeddable":true,"href":"https:\/\/zemino.hu\/ro\/wp-json\/wp\/v2\/users\/2"}],"replies":[{"embeddable":true,"href":"https:\/\/zemino.hu\/ro\/wp-json\/wp\/v2\/comments?post=3859"}],"version-history":[{"count":1,"href":"https:\/\/zemino.hu\/ro\/wp-json\/wp\/v2\/posts\/3859\/revisions"}],"predecessor-version":[{"id":3860,"href":"https:\/\/zemino.hu\/ro\/wp-json\/wp\/v2\/posts\/3859\/revisions\/3860"}],"wp:featuredmedia":[{"embeddable":true,"href":"https:\/\/zemino.hu\/ro\/wp-json\/wp\/v2\/media\/3861"}],"wp:attachment":[{"href":"https:\/\/zemino.hu\/ro\/wp-json\/wp\/v2\/media?parent=3859"}],"wp:term":[{"taxonomy":"category","embeddable":true,"href":"https:\/\/zemino.hu\/ro\/wp-json\/wp\/v2\/categories?post=3859"},{"taxonomy":"post_tag","embeddable":true,"href":"https:\/\/zemino.hu\/ro\/wp-json\/wp\/v2\/tags?post=3859"}],"curies":[{"name":"wp","href":"https:\/\/api.w.org\/{rel}","templated":true}]}}