{"id":3865,"date":"2026-07-12T08:24:09","date_gmt":"2026-07-12T06:24:09","guid":{"rendered":"https:\/\/zemino.hu\/?p=3865"},"modified":"2026-07-12T08:24:13","modified_gmt":"2026-07-12T06:24:13","slug":"millios-adomanyt-juttatott-el-szabo-bence-a-rendvedelmi-dolgozok-arvait-tamogato-zona-alapitvanynak","status":"publish","type":"post","link":"https:\/\/zemino.hu\/ro\/belfold\/2026\/07\/12\/millios-adomanyt-juttatott-el-szabo-bence-a-rendvedelmi-dolgozok-arvait-tamogato-zona-alapitvanynak\/","title":{"rendered":"Milli\u00f3s adom\u00e1nyt juttatott el Szab\u00f3 Bence a rendv\u00e9delmi dolgoz\u00f3k \u00e1rv\u00e1it t\u00e1mogat\u00f3 Z\u00f3na Alap\u00edtv\u00e1nynak"},"content":{"rendered":"<p class=\"wp-block-paragraph\"><strong>T\u00f6bb milli\u00f3 forintos t\u00e1mogat\u00e1st adom\u00e1nyozott Szab\u00f3 Bence a rendv\u00e9delmi dolgoz\u00f3k \u00e1rv\u00e1n vagy f\u00e9l\u00e1rv\u00e1n maradt gyermekeit seg\u00edt\u0151 Z\u00f3na Alap\u00edtv\u00e1nynak. Az adom\u00e1nyoz\u00e1si szerz\u0151d\u00e9s al\u00e1\u00edr\u00e1sakor a szervezet vezet\u0151je m\u00e1r azt is ismertette, hogy a felaj\u00e1nlott \u00f6sszeg els\u0151 r\u00e9sz\u00e9t pontosan milyen c\u00e9lokra ford\u00edtj\u00e1k.<\/strong><\/p>\n\n\n\n<p class=\"wp-block-paragraph\">A Z\u00f3na Alap\u00edtv\u00e1ny c\u00e9lja, hogy az elhunyt rendv\u00e9delmi alkalmazottak gyermekei a legnehezebb \u00e9lethelyzetekben se maradjanak magukra; a szervezet rendszeres anyagi t\u00e1mogat\u00e1ssal, valamint k\u00f6z\u00f6ss\u00e9gi programok szervez\u00e9s\u00e9vel ny\u00fajt seg\u00edts\u00e9get a r\u00e1szorul\u00f3 csal\u00e1doknak. Szab\u00f3 Bence <a href=\"https:\/\/www.instagram.com\/p\/Dap1LeDgmUi\/?utm_source=ig_web_copy_link&amp;igsh=MzRlODBiNWFlZA==\" target=\"_blank\" rel=\"noopener\">Instagram oldal\u00e1n \u00edrt r\u00f3la,<\/a> hogy az alap\u00edtv\u00e1ny vezet\u0151it, Hajnit \u00e9s f\u00e9rj\u00e9t, Marcit m\u00e9g a Rend\u0151rtiszti F\u0151iskol\u00e1n t\u00f6lt\u00f6tt \u00e9vei alatt ismerte meg, \u00e9s az\u00f3ta is j\u00f3 kapcsolatot \u00e1pol vel\u00fck. A t\u00e1mogat\u00e1s felhaszn\u00e1l\u00e1s\u00e1nak k\u00f6zvetlen terveir\u0151l a k\u00f6vetkez\u0151ket \u00edrta:<\/p>\n\n\n\n<blockquote class=\"wp-block-quote is-layout-flow wp-block-quote-is-layout-flow\">\n<p class=\"wp-block-paragraph\">\u201eA t\u00e1mogat\u00e1s egy r\u00e9sz\u00e9t azonnal \u00e1rv\u00e1n maradt \u00f3vod\u00e1sok gyerekt\u00e1bori \u00e9tkeztet\u00e9s\u00e9re \u00e9s k\u00f3rh\u00e1zban hagyott \u00fajsz\u00fcl\u00f6tteknek higi\u00e9niai eszk\u00f6z\u00f6kre fogj\u00e1k ford\u00edtani\u201d<\/p>\n<\/blockquote>\n\n\n\n<p class=\"wp-block-paragraph\">Szab\u00f3 Bence neve id\u00e9n tavasszal v\u00e1lt orsz\u00e1gosan ismertt\u00e9, amikor a Direkt36-nak adott interj\u00faj\u00e1ban arr\u00f3l besz\u00e9lt, hogy a titkosszolg\u00e1latok politikai c\u00e9lb\u00f3l k\u00eds\u00e9relt\u00e9k meg felhaszn\u00e1lni a rend\u0151rs\u00e9get a Tisza P\u00e1rt informatikai rendszer\u00e9vel kapcsolatos \u00fcgyben. A nyilatkozatot k\u00f6vet\u0151en elvesz\u00edtette az \u00e1ll\u00e1s\u00e1t, ami ut\u00e1n a testv\u00e9re adom\u00e1nygy\u0171jt\u00e9st ind\u00edtott a sz\u00e1m\u00e1ra az \u00fcgyv\u00e9di k\u00f6lts\u00e9gek, valamint a meg\u00e9lhet\u00e9s biztos\u00edt\u00e1s\u00e1ra.<\/p>\n\n\n\n<p class=\"wp-block-paragraph\">Az eredetileg 5 milli\u00f3 forintos c\u00e9llal elind\u00edtott gy\u0171jt\u00e9s v\u00e9g\u00fcl picit t\u00f6bb lett: n\u00e9h\u00e1ny nap leforg\u00e1sa alatt k\u00f6zel 280 milli\u00f3 forintnak megfelel\u0151 \u00f6sszeg gy\u0171lt \u00f6ssze csaknem harmincezer adom\u00e1nyoz\u00f3t\u00f3l. Szab\u00f3 Bence ezt k\u00f6vet\u0151en bejelentette, hogy a befolyt t\u00e1mogat\u00e1s jelent\u0151s r\u00e9sz\u00e9t j\u00f3t\u00e9kony c\u00e9lokra ford\u00edtja. <\/p>\n\n\n\n<p class=\"wp-block-paragraph\">A kedvezm\u00e9nyezettek k\u00f6z\u00f6tt szerepel a Hintalovon Alap\u00edtv\u00e1ny, a K\u00e9k Vonal Gyermekkr\u00edzis Alap\u00edtv\u00e1ny, az Iv\u00e1nyi G\u00e1borhoz k\u00f6thet\u0151 Oltalom Egyes\u00fclet, a kor\u00e1bbi iskol\u00e1i, a Direkt36, az egykori rend\u0151rs\u00e9gi oszt\u00e1lya, valamint a rendv\u00e9delmi dolgoz\u00f3k csal\u00e1djait seg\u00edt\u0151 Z\u00f3na Alap\u00edtv\u00e1ny is.<\/p>","protected":false},"excerpt":{"rendered":"<p>T\u00f6bb milli\u00f3 forintos t\u00e1mogat\u00e1st adom\u00e1nyozott Szab\u00f3 Bence a rendv\u00e9delmi dolgoz\u00f3k \u00e1rv\u00e1n vagy f\u00e9l\u00e1rv\u00e1n maradt gyermekeit seg\u00edt\u0151 Z\u00f3na Alap\u00edtv\u00e1nynak. Az adom\u00e1nyoz\u00e1si szerz\u0151d\u00e9s al\u00e1\u00edr\u00e1sakor a szervezet vezet\u0151je m\u00e1r azt is ismertette, hogy a felaj\u00e1nlott \u00f6sszeg els\u0151 r\u00e9sz\u00e9t pontosan milyen c\u00e9lokra ford\u00edtj\u00e1k. A Z\u00f3na Alap\u00edtv\u00e1ny c\u00e9lja, hogy az elhunyt rendv\u00e9delmi alkalmazottak gyermekei a legnehezebb \u00e9lethelyzetekben se maradjanak magukra;\u2026<\/p>","protected":false},"author":2,"featured_media":3864,"comment_status":"open","ping_status":"open","sticky":false,"template":"","format":"standard","meta":{"_gspb_post_css":"","_zh_crosspost_remote_site":"","_zh_crosspost_remote_post_id":"","_zh_crosspost_last_sync_at":"","_zh_crosspost_last_sync_direction":"","_zh_crosspost_synced_images":"","footnotes":""},"categories":[31],"tags":[2144,370,2143,2141,1183,248,2142],"class_list":["post-3865","post","type-post","status-publish","format-standard","has-post-thumbnail","hentry","category-belfold","tag-adomany","tag-belfold","tag-jotekonysag","tag-rendvedelem","tag-szabo-bence","tag-tisza-part","tag-zona-alapitvany"],"_links":{"self":[{"href":"https:\/\/zemino.hu\/ro\/wp-json\/wp\/v2\/posts\/3865","targetHints":{"allow":["GET"]}}],"collection":[{"href":"https:\/\/zemino.hu\/ro\/wp-json\/wp\/v2\/posts"}],"about":[{"href":"https:\/\/zemino.hu\/ro\/wp-json\/wp\/v2\/types\/post"}],"author":[{"embeddable":true,"href":"https:\/\/zemino.hu\/ro\/wp-json\/wp\/v2\/users\/2"}],"replies":[{"embeddable":true,"href":"https:\/\/zemino.hu\/ro\/wp-json\/wp\/v2\/comments?post=3865"}],"version-history":[{"count":1,"href":"https:\/\/zemino.hu\/ro\/wp-json\/wp\/v2\/posts\/3865\/revisions"}],"predecessor-version":[{"id":3866,"href":"https:\/\/zemino.hu\/ro\/wp-json\/wp\/v2\/posts\/3865\/revisions\/3866"}],"wp:featuredmedia":[{"embeddable":true,"href":"https:\/\/zemino.hu\/ro\/wp-json\/wp\/v2\/media\/3864"}],"wp:attachment":[{"href":"https:\/\/zemino.hu\/ro\/wp-json\/wp\/v2\/media?parent=3865"}],"wp:term":[{"taxonomy":"category","embeddable":true,"href":"https:\/\/zemino.hu\/ro\/wp-json\/wp\/v2\/categories?post=3865"},{"taxonomy":"post_tag","embeddable":true,"href":"https:\/\/zemino.hu\/ro\/wp-json\/wp\/v2\/tags?post=3865"}],"curies":[{"name":"wp","href":"https:\/\/api.w.org\/{rel}","templated":true}]}}