{"id":3880,"date":"2026-07-12T12:33:03","date_gmt":"2026-07-12T10:33:03","guid":{"rendered":"https:\/\/zemino.hu\/?p=3880"},"modified":"2026-07-12T12:33:10","modified_gmt":"2026-07-12T10:33:10","slug":"rogan-antal-becs-repuloter-vonat-utazas","status":"publish","type":"post","link":"https:\/\/zemino.hu\/ro\/belfold\/2026\/07\/12\/rogan-antal-becs-repuloter-vonat-utazas\/","title":{"rendered":"A kelenf\u00f6ldi vas\u00fat\u00e1llom\u00e1s ut\u00e1n a b\u00e9csi rep\u00fcl\u0151t\u00e9ren fot\u00f3zt\u00e1k le Rog\u00e1n Antalt"},"content":{"rendered":"<p class=\"wp-block-paragraph\"><strong>Ausztria f\u0151v\u00e1ros\u00e1nak rep\u00fcl\u0151ter\u00e9n k\u00e9sz\u00edtettek \u00fajabb felv\u00e9teleket Rog\u00e1n Antalr\u00f3l szombaton. A Minisztereln\u00f6ki Kabinetiroda egykori vezet\u0151j\u00e9t ezt megel\u0151z\u0151en, p\u00e9ntek este a kelenf\u00f6ldi vas\u00fat\u00e1llom\u00e1son l\u00e1tt\u00e1k, amint egy B\u00e9csbe tart\u00f3 j\u00e1ratra sz\u00e1ll fel.<\/strong><\/p>\n\n\n\n<p class=\"wp-block-paragraph\">\u00dajabb f\u00e9nyk\u00e9pek l\u00e1ttak napvil\u00e1got Rog\u00e1n Antalr\u00f3l, akit szombaton m\u00e1r a b\u00e9csi l\u00e9gikik\u00f6t\u0151ben kaptak lencsev\u00e9gre. A h\u00edrt eredetileg k\u00f6zl\u0151 <a href=\"https:\/\/www.facebook.com\/kontrollponthu\/posts\/pfbid0ZWmSADUpRmBVo5waR5hDCCjLiRbbNA3e2QsfZ3XG8FCaLyV9d1G3yUimZWNpGA7hl?rdid=wqfXvyOZyFdQxWce#\" target=\"_blank\" rel=\"noreferrer noopener\">Kontroll<\/a> egy olvas\u00f3i besz\u00e1mol\u00f3ra hivatkozva azt \u00edrta, hogy a volt t\u00e1rcavezet\u0151 p\u00e9ntek este val\u00f3ban a B\u00e9cs fel\u00e9 k\u00f6zleked\u0151 Railjet vonattal hagyta el Budapestet, ahol a szerelv\u00e9ny business oszt\u00e1ly\u00e1n utazott.<\/p>\n\n\n\n<p class=\"wp-block-paragraph\">A politikus vas\u00fati utaz\u00e1s\u00e1r\u00f3l kor\u00e1bban a kelenf\u00f6ldi p\u00e1lyaudvaron volt \u00e9szlel\u00e9s, \u00e1m ekkor m\u00e9g nem \u00e1lltak rendelkez\u00e9sre pontos inform\u00e1ci\u00f3k annak v\u00e9gpontj\u00e1r\u00f3l \u00e9s c\u00e9lj\u00e1r\u00f3l.<\/p>\n\n\n\n<p class=\"wp-block-paragraph\">Nem ez az els\u0151 alkalom az ut\u00f3bbi id\u0151ben, hogy a volt minisztert t\u00f6megk\u00f6zleked\u00e9si eszk\u00f6z\u00f6k\u00f6n, civilek k\u00f6r\u00e9ben fot\u00f3zt\u00e1k le. M\u00e1jus v\u00e9g\u00e9n k\u00e9t egym\u00e1st k\u00f6vet\u0151 napon is az M1-es metr\u00f3n l\u00e1tt\u00e1k utazni. <\/p>","protected":false},"excerpt":{"rendered":"<p>Ausztria f\u0151v\u00e1ros\u00e1nak rep\u00fcl\u0151ter\u00e9n k\u00e9sz\u00edtettek \u00fajabb felv\u00e9teleket Rog\u00e1n Antalr\u00f3l szombaton. A Minisztereln\u00f6ki Kabinetiroda egykori vezet\u0151j\u00e9t ezt megel\u0151z\u0151en, p\u00e9ntek este a kelenf\u00f6ldi vas\u00fat\u00e1llom\u00e1son l\u00e1tt\u00e1k, amint egy B\u00e9csbe tart\u00f3 j\u00e1ratra sz\u00e1ll fel. \u00dajabb f\u00e9nyk\u00e9pek l\u00e1ttak napvil\u00e1got Rog\u00e1n Antalr\u00f3l, akit szombaton m\u00e1r a b\u00e9csi l\u00e9gikik\u00f6t\u0151ben kaptak lencsev\u00e9gre. A h\u00edrt eredetileg k\u00f6zl\u0151 Kontroll egy olvas\u00f3i besz\u00e1mol\u00f3ra hivatkozva azt \u00edrta, hogy\u2026<\/p>","protected":false},"author":2,"featured_media":3881,"comment_status":"open","ping_status":"open","sticky":false,"template":"","format":"standard","meta":{"_gspb_post_css":"","_zh_crosspost_remote_site":"","_zh_crosspost_remote_post_id":"","_zh_crosspost_last_sync_at":"","_zh_crosspost_last_sync_direction":"","_zh_crosspost_synced_images":"","footnotes":""},"categories":[31],"tags":[2156,370,1341,2157,1798,1139,2158],"class_list":["post-3880","post","type-post","status-publish","format-standard","has-post-thumbnail","hentry","category-belfold","tag-becs","tag-belfold","tag-kontroll","tag-railjet","tag-repuloter","tag-rogan-antal","tag-utazas"],"_links":{"self":[{"href":"https:\/\/zemino.hu\/ro\/wp-json\/wp\/v2\/posts\/3880","targetHints":{"allow":["GET"]}}],"collection":[{"href":"https:\/\/zemino.hu\/ro\/wp-json\/wp\/v2\/posts"}],"about":[{"href":"https:\/\/zemino.hu\/ro\/wp-json\/wp\/v2\/types\/post"}],"author":[{"embeddable":true,"href":"https:\/\/zemino.hu\/ro\/wp-json\/wp\/v2\/users\/2"}],"replies":[{"embeddable":true,"href":"https:\/\/zemino.hu\/ro\/wp-json\/wp\/v2\/comments?post=3880"}],"version-history":[{"count":1,"href":"https:\/\/zemino.hu\/ro\/wp-json\/wp\/v2\/posts\/3880\/revisions"}],"predecessor-version":[{"id":3882,"href":"https:\/\/zemino.hu\/ro\/wp-json\/wp\/v2\/posts\/3880\/revisions\/3882"}],"wp:featuredmedia":[{"embeddable":true,"href":"https:\/\/zemino.hu\/ro\/wp-json\/wp\/v2\/media\/3881"}],"wp:attachment":[{"href":"https:\/\/zemino.hu\/ro\/wp-json\/wp\/v2\/media?parent=3880"}],"wp:term":[{"taxonomy":"category","embeddable":true,"href":"https:\/\/zemino.hu\/ro\/wp-json\/wp\/v2\/categories?post=3880"},{"taxonomy":"post_tag","embeddable":true,"href":"https:\/\/zemino.hu\/ro\/wp-json\/wp\/v2\/tags?post=3880"}],"curies":[{"name":"wp","href":"https:\/\/api.w.org\/{rel}","templated":true}]}}