{"id":3884,"date":"2026-07-12T13:02:10","date_gmt":"2026-07-12T11:02:10","guid":{"rendered":"https:\/\/zemino.hu\/?p=3884"},"modified":"2026-07-12T13:08:43","modified_gmt":"2026-07-12T11:08:43","slug":"elo-adasban-allitottak-elo-a-rendorok-szabo-balintot-a-belvarosban","status":"publish","type":"post","link":"https:\/\/zemino.hu\/ro\/belfold\/2026\/07\/12\/elo-adasban-allitottak-elo-a-rendorok-szabo-balintot-a-belvarosban\/","title":{"rendered":"\u00c9l\u0151 ad\u00e1sban \u00e1ll\u00edtott\u00e1k el\u0151 a rend\u0151r\u00f6k Szab\u00f3 B\u00e1lintot a belv\u00e1rosban"},"content":{"rendered":"<p class=\"wp-block-paragraph\"><strong>Ny\u00edlt utc\u00e1n, egy belv\u00e1rosi farmer\u00fczlet el\u0151tt fogt\u00e1k k\u00f6zre \u00e9s \u00e1ll\u00edtott\u00e1k el\u0151 a rend\u0151r\u00f6k Szab\u00f3 B\u00e1lintot. A volt szegedi \u00f6nkorm\u00e1nyzati k\u00e9pvisel\u0151 az int\u00e9zked\u00e9st mobiltelefonj\u00e1val \u00e9l\u0151ben k\u00f6zvet\u00edtette az interneten, mik\u00f6zben heves sz\u00f3v\u00e1lt\u00e1sba, majd r\u00f6vid dulakod\u00e1sba keveredett az egyenruh\u00e1sokkal a k\u00e9sz\u00fcl\u00e9k\u00e9\u00e9rt.<\/strong><\/p>\n\n\n\n<p class=\"wp-block-paragraph\">Szab\u00f3 B\u00e1lint \u00e9ppen egy belv\u00e1rosi farmer\u00fczletb\u0151l t\u00e1vozott a v\u00e1s\u00e1rolt term\u00e9k\u00e9vel, amikor az egyenruh\u00e1sok int\u00e9zked\u00e9s al\u00e1 vont\u00e1k. A volt k\u00e9pvisel\u0151 a telefonj\u00e1val azonnal k\u00f6zvet\u00edteni kezdte az esem\u00e9nyeket, mik\u00f6zben heves vit\u00e1ba sz\u00e1llt a hat\u00f3s\u00e1g munkat\u00e1rsaival. <a href=\"https:\/\/www.facebook.com\/search\/top\/?q=szab%C3%B3%20b%C3%A1lint\" target=\"_blank\" rel=\"noreferrer noopener\">A telefonos vide\u00f3 felv\u00e9telei alapj\u00e1n<\/a> az utcai igazoltat\u00e1s pillanatok alatt sz\u00f3v\u00e1lt\u00e1ss\u00e1 fajult, a politikus pedig hat\u00e1rozottan megtagadta az engedelmess\u00e9get, jogtalannak nevezve az elj\u00e1r\u00e1st.<\/p>\n\n\n\n<blockquote class=\"wp-block-quote is-layout-flow wp-block-quote-is-layout-flow\">\n<p class=\"wp-block-paragraph\">\u201eNem, biztosan nem fogok menni. Nagyon \u0151szint\u00e9n mondom, nem fogok bemenni a rend\u0151rkapit\u00e1nys\u00e1gra. Nincs \u00e9l\u0151 k\u00f6r\u00f6z\u00e9s ellenem.\u201d<\/p>\n<\/blockquote>\n\n\n\n<p class=\"wp-block-paragraph\">A rend\u0151r\u00f6kkel vitatkozva arr\u00f3l besz\u00e9lt, hogy az int\u00e9zked\u00e9s teljesen indokolatlan. \u00c1ll\u00edt\u00e1sa szerint egy volt \u00fcgy\u00e9sz mag\u00e1nv\u00e1dl\u00e1sos r\u00e1galmaz\u00e1si \u00fcgye miatt a Szegedi J\u00e1r\u00e1sb\u00edr\u00f3s\u00e1gon \u00e9rte el, hogy k\u00f6r\u00f6z\u00e9st adjanak ki ellene. Szab\u00f3 a felv\u00e9telen egy\u00e9rtelm\u0171v\u00e9 tette, hogy esze \u00e1g\u00e1ban sincs a Szombathelyi J\u00e1r\u00e1sb\u00edr\u00f3s\u00e1gra menni, \u00e9s az int\u00e9zked\u0151knek kijelentette: nem utazik Szombathelyre m\u00e9g akkor sem, ha megbilincselik vagy kiveszik a kez\u00e9b\u0151l a telefont.<\/p>\n\n\n\n<p class=\"wp-block-paragraph\">A konfliktus v\u00e9g\u00fcl a mobiltelefon haszn\u00e1lata k\u00f6r\u00fcl cs\u00facsosodott ki. A rend\u0151r\u00f6k t\u00f6bbsz\u00f6r felsz\u00f3l\u00edtott\u00e1k a f\u00e9rfit a k\u00e9sz\u00fcl\u00e9k elrak\u00e1s\u00e1ra, amit \u0151 visszautas\u00edtott. Miut\u00e1n az egyenruh\u00e1sok k\u00f6z\u00f6lt\u00e9k, hogy be kell sz\u00e1llnia a k\u00f6zelben parkol\u00f3 rend\u0151rs\u00e9gi buszba, Szab\u00f3 ism\u00e9telten ellen\u00e1llt. A k\u00f6zvet\u00edt\u00e9s utols\u00f3 m\u00e1sodperceiben a k\u00e9p r\u00e1ngat\u00f3zni kezdett, a felek huzakodni kezdtek a mobil\u00e9rt, mik\u00f6zben a volt k\u00e9pvisel\u0151 azt kiab\u00e1lta, hogy mi\u00e9rt veszik el a telefonj\u00e1t. Ezt k\u00f6vet\u0151en a felv\u00e9tel hirtelen megszakadt. <\/p>\n\n\n\n<figure class=\"wp-block-embed is-type-video is-provider-facebook wp-block-embed-facebook\"><div class=\"wp-block-embed__wrapper\">\n<div id=\"fb-root\"><\/div><script async=\"1\" defer=\"1\" crossorigin=\"anonymous\" src=\"https:\/\/connect.facebook.net\/hu_HU\/sdk.js#xfbml=1&amp;version=v26.0\"><\/script><div class=\"fb-video\" data-href=\"https:\/\/www.facebook.com\/reel\/1571531261305223\/?cft%5B0%5D=AZb8mGyxiImggk4jwlolh39ABsu3XLKFpTYYzb67U4jRBtoNE0YWOhY9hG7IA0MmO4Z9X9Z-HAjUBbKevBWUYi__ADmwAqF7xFPp-4f0QwspkE6N4QCJSrE0g801Ut-J5uacQW7a2mqdHNwNDO2c9fGJkxGEfop-jgp2Cq1M0g0UUw&amp;tn=%2CO%2CP-R\" data-width=\"500\"><\/div>\n<\/div><\/figure>\n\n\n\n<p class=\"wp-block-paragraph\"><\/p>","protected":false},"excerpt":{"rendered":"<p>Ny\u00edlt utc\u00e1n, egy belv\u00e1rosi farmer\u00fczlet el\u0151tt fogt\u00e1k k\u00f6zre \u00e9s \u00e1ll\u00edtott\u00e1k el\u0151 a rend\u0151r\u00f6k Szab\u00f3 B\u00e1lintot. A volt szegedi \u00f6nkorm\u00e1nyzati k\u00e9pvisel\u0151 az int\u00e9zked\u00e9st mobiltelefonj\u00e1val \u00e9l\u0151ben k\u00f6zvet\u00edtette az interneten, mik\u00f6zben heves sz\u00f3v\u00e1lt\u00e1sba, majd r\u00f6vid dulakod\u00e1sba keveredett az egyenruh\u00e1sokkal a k\u00e9sz\u00fcl\u00e9k\u00e9\u00e9rt. Szab\u00f3 B\u00e1lint \u00e9ppen egy belv\u00e1rosi farmer\u00fczletb\u0151l t\u00e1vozott a v\u00e1s\u00e1rolt term\u00e9k\u00e9vel, amikor az egyenruh\u00e1sok int\u00e9zked\u00e9s al\u00e1 vont\u00e1k. A\u2026<\/p>","protected":false},"author":2,"featured_media":3883,"comment_status":"open","ping_status":"open","sticky":false,"template":"","format":"standard","meta":{"_gspb_post_css":"","_zh_crosspost_remote_site":"","_zh_crosspost_remote_post_id":"","_zh_crosspost_last_sync_at":"","_zh_crosspost_last_sync_direction":"","_zh_crosspost_synced_images":"","footnotes":""},"categories":[31],"tags":[2160,1012,1011,76,2159],"class_list":["post-3884","post","type-post","status-publish","format-standard","has-post-thumbnail","hentry","category-belfold","tag-elo-kozvetites","tag-eloallitas","tag-igazoltatas","tag-rendorseg","tag-szabo-balint"],"_links":{"self":[{"href":"https:\/\/zemino.hu\/ro\/wp-json\/wp\/v2\/posts\/3884","targetHints":{"allow":["GET"]}}],"collection":[{"href":"https:\/\/zemino.hu\/ro\/wp-json\/wp\/v2\/posts"}],"about":[{"href":"https:\/\/zemino.hu\/ro\/wp-json\/wp\/v2\/types\/post"}],"author":[{"embeddable":true,"href":"https:\/\/zemino.hu\/ro\/wp-json\/wp\/v2\/users\/2"}],"replies":[{"embeddable":true,"href":"https:\/\/zemino.hu\/ro\/wp-json\/wp\/v2\/comments?post=3884"}],"version-history":[{"count":2,"href":"https:\/\/zemino.hu\/ro\/wp-json\/wp\/v2\/posts\/3884\/revisions"}],"predecessor-version":[{"id":3887,"href":"https:\/\/zemino.hu\/ro\/wp-json\/wp\/v2\/posts\/3884\/revisions\/3887"}],"wp:featuredmedia":[{"embeddable":true,"href":"https:\/\/zemino.hu\/ro\/wp-json\/wp\/v2\/media\/3883"}],"wp:attachment":[{"href":"https:\/\/zemino.hu\/ro\/wp-json\/wp\/v2\/media?parent=3884"}],"wp:term":[{"taxonomy":"category","embeddable":true,"href":"https:\/\/zemino.hu\/ro\/wp-json\/wp\/v2\/categories?post=3884"},{"taxonomy":"post_tag","embeddable":true,"href":"https:\/\/zemino.hu\/ro\/wp-json\/wp\/v2\/tags?post=3884"}],"curies":[{"name":"wp","href":"https:\/\/api.w.org\/{rel}","templated":true}]}}