{"id":3910,"date":"2026-07-12T17:31:04","date_gmt":"2026-07-12T15:31:04","guid":{"rendered":"https:\/\/zemino.hu\/?p=3910"},"modified":"2026-07-12T18:03:06","modified_gmt":"2026-07-12T16:03:06","slug":"lakatos-brendon-tamadas-rablas-tiktok-video","status":"publish","type":"post","link":"https:\/\/zemino.hu\/ro\/villogos\/2026\/07\/12\/lakatos-brendon-tamadas-rablas-tiktok-video\/","title":{"rendered":"Kirabolt\u00e1k Lakatos Brendont: Heten t\u00e1madtak r\u00e1"},"content":{"rendered":"<p class=\"wp-block-paragraph\"><strong>Egy h\u00e9tf\u0151s banda rohamozta meg \u00e9s rabolta ki az utc\u00e1n Lakatos Brendont. A n\u00e9pszer\u0171 TikTok-szt\u00e1r a k\u00f6z\u00f6ss\u00e9gi oldal\u00e1n k\u00f6zz\u00e9tett felv\u00e9telen ugyan azzal b\u00fcszk\u00e9lkedett, hogy a hatalmas t\u00faler\u0151 ellen\u00e9re sem b\u00edrtak vele a t\u00e1mad\u00f3k, a fizikai s\u00e9r\u00fcl\u00e9sei \u00e9s v\u00e9rfoltos inge eg\u00e9szen m\u00e1sr\u00f3l \u00e1rulkodnak.<\/strong><\/p>\n\n\n\n<p class=\"wp-block-paragraph\">Az utc\u00e1n v\u00e1lt egy h\u00e9t szem\u00e9lyb\u0151l \u00e1ll\u00f3 csoport c\u00e9lpontj\u00e1v\u00e1 <a href=\"https:\/\/www.blikk.hu\/sztarvilag\/hazai-sztarok\/gwm-lakatos-brendon-azahriah\/6bzlb5v\" target=\"_blank\" rel=\"noreferrer noopener\">a n\u00e9pszer\u0171 magyar TikTok-szt\u00e1r<\/a>, Lakatos Brendon, aki <a href=\"https:\/\/www.facebook.com\/reel\/2548812012215688\" target=\"_blank\" rel=\"noreferrer noopener\">egy vide\u00f3ban<\/a> r\u00e9szletezte az esetet. A nemr\u00e9g szabadult f\u00e9rfi a t\u0151le megszokott st\u00edlusban, cinikusan reag\u00e1lt a t\u00f6rt\u00e9ntekre, \u00e9s a kamer\u00e1n kereszt\u00fcl \u00fczent a t\u00e1mad\u00f3knak:<\/p>\n\n\n\n<blockquote class=\"wp-block-quote is-layout-flow wp-block-quote-is-layout-flow\">\n<p class=\"wp-block-paragraph\">Heten j\u00f6ttetek r\u00e1m, kiszak\u00edtott\u00e1tok a nyakl\u00e1ncomat, csin\u00e1ltatok egy rabl\u00e1st. Legyetek szerencs\u00e9sek!<\/p>\n<\/blockquote>\n\n\n\n<p class=\"wp-block-paragraph\">B\u00e1r a tartalomgy\u00e1rt\u00f3 a felv\u00e9telen azzal b\u00fcszk\u00e9lkedett, hogy a hatalmas t\u00faler\u0151 ellen\u00e9re sem b\u00edrtak vele \u00e9s talpon tudott maradni, a fizikai nyomok eg\u00e9szen m\u00e1sr\u00f3l \u00e1rulkodnak. Lakatos Brendon homlok\u00e1n egy v\u00e9rz\u0151 seb l\u00e1that\u00f3, az \u00f6kle szint\u00e9n megs\u00e9r\u00fclt, az eleg\u00e1ns, h\u00f3feh\u00e9r ing\u00e9t pedig v\u00e9rfoltok bor\u00edtj\u00e1k. Arr\u00f3l egyel\u0151re nem \u00e1ll rendelkez\u00e9sre inform\u00e1ci\u00f3, hogy a s\u00e9rtett tett-e feljelent\u00e9st a hat\u00f3s\u00e1gokn\u00e1l az elk\u00f6vet\u0151k ellen \u2013 der\u00fclt ki a <a href=\"https:\/\/www.blikk.hu\/sztarvilag\/hazai-sztarok\/lakatos-brendon-tamadas-rablas\/z02j84s\" target=\"_blank\" rel=\"noreferrer noopener\">Blikk<\/a> besz\u00e1mol\u00f3j\u00e1b\u00f3l.<\/p>\n\n\n\n<p class=\"wp-block-paragraph\">A f\u00e9rfi alig egy h\u00f3nappal ezel\u0151tt szabadult a b\u00f6rt\u00f6nb\u0151l, ahol hossz\u00fa \u00e9veket t\u00f6lt\u00f6tt egy kor\u00e1bbi er\u0151szakos b\u0171ncselekm\u00e9ny miatt. Az akkori \u00edt\u00e9let szerint egy konfliktus sor\u00e1n az aut\u00f3j\u00e1val a gyalogosok fel\u00e9 hajtott, k\u00e9st r\u00e1ntott, \u00e9s a t\u00e1rsas\u00e1g egyik tagj\u00e1t megsebes\u00edtette, ami\u00e9rt h\u00e9t \u00e9v hat h\u00f3nap b\u00f6rt\u00f6nb\u00fcntet\u00e9st szabtak ki r\u00e1, a k\u00f6z\u00fcgyekt\u0151l \u00e9s a j\u00e1rm\u0171vezet\u00e9st\u0151l val\u00f3 eltilt\u00e1s mellett. J\u00faniusban azt\u00e1n gyorsan terjedni is kezdett a k\u00f6z\u00f6ss\u00e9gi m\u00e9di\u00e1ban a felv\u00e9tel, amelyen a botr\u00e1nyair\u00f3l ismert f\u00e9rfi a szabadul\u00e1s\u00e1t \u00fcnnepelte meg, jelent\u0151s p\u00e9nzk\u00f6tegekkel \u00e9s vodkalocsol\u00e1ssal k\u00eds\u00e9rve.<\/p>\n\n\n\n<figure class=\"wp-block-embed is-type-video is-provider-facebook wp-block-embed-facebook\"><div class=\"wp-block-embed__wrapper\">\n<div id=\"fb-root\"><\/div><script async=\"1\" defer=\"1\" crossorigin=\"anonymous\" src=\"https:\/\/connect.facebook.net\/hu_HU\/sdk.js#xfbml=1&amp;version=v26.0\"><\/script><div class=\"fb-video\" data-href=\"https:\/\/www.facebook.com\/reel\/2548812012215688\" data-width=\"500\"><\/div>\n<\/div><\/figure>\n\n\n\n<p class=\"wp-block-paragraph\">A tartalomgy\u00e1rt\u00f3 nem is olyan r\u00e9g, egy h\u00f3nappal ezel\u0151tt szabadult a b\u00f6rt\u00f6nb\u0151l, ahol hossz\u00fa \u00e9veket t\u00f6lt\u00f6tt, miut\u00e1n egy er\u0151szakos b\u0171ncselekm\u00e9ny miatt el\u00edt\u00e9lt\u00e9k. A kor\u00e1bbi eset sor\u00e1n Lakatos egy konfliktus alkalm\u00e1val az aut\u00f3j\u00e1val egy gyalogos fel\u00e9 hajtott, majd k\u00e9st r\u00e1ntott, \u00e9s a t\u00e1rsas\u00e1g egyik tagj\u00e1t megsebes\u00edtette. Emiatt h\u00e9t \u00e9v hat h\u00f3nap b\u00f6rt\u00f6nb\u00fcntet\u00e9st szabtak ki r\u00e1, valamint a k\u00f6z\u00fcgyekt\u0151l \u00e9s a j\u00e1rm\u0171vezet\u00e9st\u0151l is eltiltott\u00e1k. J\u00faniusban azt\u00e1n gyorsan terjedni kezdett a k\u00f6z\u00f6ss\u00e9gi m\u00e9di\u00e1ban az a felv\u00e9tel, amelyen a botr\u00e1nyair\u00f3l ismert f\u00e9rfi a szabadul\u00e1s\u00e1nak els\u0151 pillanatait p\u00e9nzk\u00f6teggel \u00e9s vodkalocsol\u00e1ssal \u00fcnnepelte meg.<\/p>","protected":false},"excerpt":{"rendered":"<p>Egy h\u00e9tf\u0151s banda rohamozta meg \u00e9s rabolta ki az utc\u00e1n Lakatos Brendont. A n\u00e9pszer\u0171 TikTok-szt\u00e1r a k\u00f6z\u00f6ss\u00e9gi oldal\u00e1n k\u00f6zz\u00e9tett felv\u00e9telen ugyan azzal b\u00fcszk\u00e9lkedett, hogy a hatalmas t\u00faler\u0151 ellen\u00e9re sem b\u00edrtak vele a t\u00e1mad\u00f3k, a fizikai s\u00e9r\u00fcl\u00e9sei \u00e9s v\u00e9rfoltos inge eg\u00e9szen m\u00e1sr\u00f3l \u00e1rulkodnak. Az utc\u00e1n v\u00e1lt egy h\u00e9t szem\u00e9lyb\u0151l \u00e1ll\u00f3 csoport c\u00e9lpontj\u00e1v\u00e1 a n\u00e9pszer\u0171 magyar TikTok-szt\u00e1r,\u2026<\/p>","protected":false},"author":2,"featured_media":3911,"comment_status":"open","ping_status":"open","sticky":false,"template":"","format":"standard","meta":{"_gspb_post_css":"","_zh_crosspost_remote_site":"zsaruhirek","_zh_crosspost_remote_post_id":"78885","_zh_crosspost_last_sync_at":"2026-07-12 17:30:17","_zh_crosspost_last_sync_direction":"zsaruhirek_to_zemino","_zh_crosspost_synced_images":"","footnotes":""},"categories":[325],"tags":[119,2169,2170,2171,275,1503,40],"class_list":["post-3910","post","type-post","status-publish","format-standard","has-post-thumbnail","hentry","category-villogos","tag-borton","tag-lakatos-brendon","tag-rablas","tag-szabadulas","tag-tiktok","tag-verekedes","tag-video"],"_links":{"self":[{"href":"https:\/\/zemino.hu\/ro\/wp-json\/wp\/v2\/posts\/3910","targetHints":{"allow":["GET"]}}],"collection":[{"href":"https:\/\/zemino.hu\/ro\/wp-json\/wp\/v2\/posts"}],"about":[{"href":"https:\/\/zemino.hu\/ro\/wp-json\/wp\/v2\/types\/post"}],"author":[{"embeddable":true,"href":"https:\/\/zemino.hu\/ro\/wp-json\/wp\/v2\/users\/2"}],"replies":[{"embeddable":true,"href":"https:\/\/zemino.hu\/ro\/wp-json\/wp\/v2\/comments?post=3910"}],"version-history":[{"count":1,"href":"https:\/\/zemino.hu\/ro\/wp-json\/wp\/v2\/posts\/3910\/revisions"}],"predecessor-version":[{"id":3912,"href":"https:\/\/zemino.hu\/ro\/wp-json\/wp\/v2\/posts\/3910\/revisions\/3912"}],"wp:featuredmedia":[{"embeddable":true,"href":"https:\/\/zemino.hu\/ro\/wp-json\/wp\/v2\/media\/3911"}],"wp:attachment":[{"href":"https:\/\/zemino.hu\/ro\/wp-json\/wp\/v2\/media?parent=3910"}],"wp:term":[{"taxonomy":"category","embeddable":true,"href":"https:\/\/zemino.hu\/ro\/wp-json\/wp\/v2\/categories?post=3910"},{"taxonomy":"post_tag","embeddable":true,"href":"https:\/\/zemino.hu\/ro\/wp-json\/wp\/v2\/tags?post=3910"}],"curies":[{"name":"wp","href":"https:\/\/api.w.org\/{rel}","templated":true}]}}