{"id":3934,"date":"2026-07-13T07:59:36","date_gmt":"2026-07-13T05:59:36","guid":{"rendered":"https:\/\/zemino.hu\/?p=3934"},"modified":"2026-07-13T08:00:07","modified_gmt":"2026-07-13T06:00:07","slug":"erdotuz-parizs-kozeleben-fontainebleau-autopalya-lezaras","status":"publish","type":"post","link":"https:\/\/zemino.hu\/ro\/kulfold\/2026\/07\/13\/erdotuz-parizs-kozeleben-fontainebleau-autopalya-lezaras\/","title":{"rendered":"Hatalmas erd\u0151t\u0171z tombol P\u00e1rizs k\u00f6zel\u00e9ben, lez\u00e1rt\u00e1k az aut\u00f3p\u00e1ly\u00e1t, \u00e1llnak a vonatok"},"content":{"rendered":"<p class=\"wp-block-paragraph\"><strong>T\u0171zolt\u00f3 rep\u00fcl\u0151g\u00e9pek \u00e9s mintegy n\u00e9gysz\u00e1z t\u0171zolt\u00f3 k\u00fczd a P\u00e1rizst\u00f3l \u00f6tven kilom\u00e9terre fekv\u0151 Fontainebleau-i erd\u0151ben puszt\u00edt\u00f3 l\u00e1ngokkal, amelyek vas\u00e1rnap d\u00e9lut\u00e1n \u00f3ta m\u00e1r t\u00f6bb mint h\u00e1romsz\u00e1z hekt\u00e1rnyi ter\u00fcletre terjedtek \u00e1t. A rendk\u00edv\u00fcli h\u0151s\u00e9g \u00e1ltal feler\u0151s\u00edtett erd\u0151t\u0171z miatt teljesen le kellett z\u00e1rni az A6-os aut\u00f3p\u00e1ly\u00e1t, a p\u00e1rizsi TGV szuperexpressz-vonatok forgalm\u00e1ban pedig legal\u00e1bb hat\u00f3r\u00e1s k\u00e9s\u00e9sek alakultak ki.<\/strong><\/p>\n\n\n\n<p class=\"wp-block-paragraph\">A k\u00e1nikulai melegben rendk\u00edv\u00fcl gyorsan terjed\u0151 l\u00e1ngok vas\u00e1rnap d\u00e9lut\u00e1n csaptak fel az A6-os aut\u00f3p\u00e1lya ment\u00e9n, majd onnan \u00e9rtek el a h\u00edres erd\u0151s\u00e9gbe \u2013 k\u00f6z\u00f6lte az MTI.<\/p>\n\n\n\n<p class=\"wp-block-paragraph\">Philippe Tabarot k\u00f6zleked\u00e9si miniszter vas\u00e1rnap este bejelentette, hogy a t\u0171zv\u00e9sz miatt mindk\u00e9t ir\u00e1nyban lez\u00e1rt\u00e1k a P\u00e1rizst Franciaorsz\u00e1g d\u00e9li r\u00e9sz\u00e9vel \u00f6sszek\u00f6t\u0151 A6-os aut\u00f3p\u00e1lya \u00e9rintett szakasz\u00e1t. A helyzet a d\u00e9lkelet fel\u00e9 k\u00f6zleked\u0151 TGV szuperexpresszek menetrendj\u00e9t is felbor\u00edtotta. A francia \u00e1llami vas\u00fatt\u00e1rsas\u00e1g, az SNCF t\u00e1j\u00e9koztat\u00e1sa szerint a p\u00e1rizsi Gare de Lyon p\u00e1lyaudvarr\u00f3l indul\u00f3 \u00e9s oda \u00e9rkez\u0151 szerelv\u00e9nyek legal\u00e1bb hat\u00f3r\u00e1s k\u00e9s\u00e9ssel k\u00f6zlekednek, \u00e9ppen a franciaorsz\u00e1gi ny\u00e1ri vak\u00e1ci\u00f3 els\u0151 h\u00e9tv\u00e9g\u00e9j\u00e9n.<\/p>\n\n\n\n<p class=\"wp-block-paragraph\">A katasztr\u00f3fav\u00e9delem munk\u00e1j\u00e1t nehez\u00edti, hogy a t\u0171z \u201erendk\u00edv\u00fcli m\u00e9ret\u0171\u201d, a h\u00e9tf\u0151re virrad\u00f3 \u00e9jszakai \u00f3r\u00e1kban m\u00e1r t\u00f6bb mint 300 hekt\u00e1ron puszt\u00edtott, \u00e9s Yannis Bouzar alprefektus k\u00f6zl\u00e9se szerint egyel\u0151re nem siker\u00fclt megf\u00e9kezni, a l\u00e1ngok tov\u00e1bb terjednek. A gyors terjed\u00e9s miatt az orsz\u00e1g d\u00e9li r\u00e9sz\u00e9b\u0151l, Bordeaux-b\u00f3l \u00e9s Nimes-b\u0151l k\u00e9t Dash t\u00edpus\u00fa t\u0171zolt\u00f3rep\u00fcl\u0151g\u00e9pet vez\u00e9nyeltek a helysz\u00ednre. A t\u0171zolt\u00f3s\u00e1g t\u00e1j\u00e9koztat\u00e1sa alapj\u00e1n P\u00e1rizs k\u00f6rny\u00e9k\u00e9n most els\u0151 alkalommal vetettek be ilyen rep\u00fcl\u0151g\u00e9peket. A v\u00e9dekez\u00e9sben k\u00e9t v\u00edzbomb\u00e1z\u00f3 helikopter, egy felder\u00edt\u0151 rep\u00fcl\u0151g\u00e9p, valamint mintegy 400 t\u0171zolt\u00f3 vesz r\u00e9szt, akik eddig k\u00f6r\u00fclbel\u00fcl 15 lak\u00f3h\u00e1zat \u00fcr\u00edtettek ki.<\/p>\n\n\n\n<p class=\"wp-block-paragraph\">Az olt\u00e1si munk\u00e1latokat ir\u00e1ny\u00edt\u00f3 Olivier Compta ezredes az AFP h\u00edr\u00fcgyn\u00f6ks\u00e9gnek elmondta, hogy a rep\u00fcl\u0151g\u00e9pek bevet\u00e9se n\u00e9lk\u00fcl Noisy-sur-Ecole \u00e9s Vaudou\u00e9 telep\u00fcl\u00e9seket is evaku\u00e1lni kellett volna. Az ezredes hozz\u00e1tette: a ment\u0151csapatok v\u00e1rhat\u00f3an m\u00e9g egy-k\u00e9t h\u00e9tig fognak dolgozni a helysz\u00ednen, \u00e9s ehhez Franciaorsz\u00e1g eg\u00e9sz ter\u00fclet\u00e9r\u0151l kapnak er\u0151s\u00edt\u00e9st \u2013 sz\u00e1molt be a helyzetr\u0151l az <a href=\"https:\/\/www.google.com\/search?q=https:\/\/index.hu\/kulfold\/2026\/07\/13\/franciaorszag-parizs-hoseg-erdotuz-fontainebleau\/\/%3Ftoken%3Dd55d1af6c151d80859711df7ebea4952\" target=\"_blank\" rel=\"noreferrer noopener\">Index<\/a>.<\/p>\n\n\n\n<figure class=\"wp-block-embed is-type-video is-provider-facebook wp-block-embed-facebook\"><div class=\"wp-block-embed__wrapper\">\n<div id=\"fb-root\"><\/div><script async=\"1\" defer=\"1\" crossorigin=\"anonymous\" src=\"https:\/\/connect.facebook.net\/hu_HU\/sdk.js#xfbml=1&amp;version=v26.0\"><\/script><div class=\"fb-video\" data-href=\"https:\/\/www.facebook.com\/reel\/1370861897704964\/\" data-width=\"500\"><\/div>\n<\/div><\/figure>\n\n\n\n<p class=\"wp-block-paragraph\">A p\u00e1rizsi r\u00e9gi\u00f3t m\u00e1r t\u00f6bb mint egy hete s\u00fajt\u00f3 intenz\u00edv h\u0151s\u00e9g jelent\u0151sen megn\u00f6velte a t\u0171zvesz\u00e9ly kock\u00e1zat\u00e1t, de az orsz\u00e1g m\u00e1s r\u00e9szeir\u0151l, \u00edgy az \u00e9szaki ter\u00fcletekr\u0151l \u00e9s az Atlanti-\u00f3ce\u00e1n partvid\u00e9k\u00e9r\u0151l is jelentettek erd\u0151t\u00fczeket. A polg\u00e1ri v\u00e9delem adatai szerint az \u00e9v eleje \u00f3ta m\u00e1r t\u00f6bb mint 25 ezer hekt\u00e1rnyi ter\u00fclet v\u00e1lt a t\u0171z martal\u00e9k\u00e1v\u00e1 Franciaorsz\u00e1gban, ami k\u00f6zel a k\u00e9tszerese a 2025-\u00f6s \u00e9v azonos id\u0151szak\u00e1ban regisztr\u00e1lt adatoknak. A hat\u00f3s\u00e1gok fokozott \u00f3vatoss\u00e1gra intik a lakoss\u00e1got, \u00e9s figyelmeztettek, hogy a sz\u00e1nd\u00e9kos vagy gondatlan gy\u00fajtogat\u00f3k ellen b\u00fcntet\u0151elj\u00e1r\u00e1st ind\u00edtanak.<\/p>","protected":false},"excerpt":{"rendered":"<p>T\u0171zolt\u00f3 rep\u00fcl\u0151g\u00e9pek \u00e9s mintegy n\u00e9gysz\u00e1z t\u0171zolt\u00f3 k\u00fczd a P\u00e1rizst\u00f3l \u00f6tven kilom\u00e9terre fekv\u0151 Fontainebleau-i erd\u0151ben puszt\u00edt\u00f3 l\u00e1ngokkal, amelyek vas\u00e1rnap d\u00e9lut\u00e1n \u00f3ta m\u00e1r t\u00f6bb mint h\u00e1romsz\u00e1z hekt\u00e1rnyi ter\u00fcletre terjedtek \u00e1t. A rendk\u00edv\u00fcli h\u0151s\u00e9g \u00e1ltal feler\u0151s\u00edtett erd\u0151t\u0171z miatt teljesen le kellett z\u00e1rni az A6-os aut\u00f3p\u00e1ly\u00e1t, a p\u00e1rizsi TGV szuperexpressz-vonatok forgalm\u00e1ban pedig legal\u00e1bb hat\u00f3r\u00e1s k\u00e9s\u00e9sek alakultak ki. A k\u00e1nikulai\u2026<\/p>","protected":false},"author":2,"featured_media":3935,"comment_status":"open","ping_status":"open","sticky":false,"template":"","format":"standard","meta":{"_gspb_post_css":"","_zh_crosspost_remote_site":"zsaruhirek","_zh_crosspost_remote_post_id":"78906","_zh_crosspost_last_sync_at":"2026-07-13 07:59:14","_zh_crosspost_last_sync_direction":"zsaruhirek_to_zemino","_zh_crosspost_synced_images":"","footnotes":""},"categories":[33],"tags":[2177,1881,2178,1516,666,1921,2179],"class_list":["post-3934","post","type-post","status-publish","format-standard","has-post-thumbnail","hentry","category-kulfold","tag-autopalya-lezaras","tag-erdotuz","tag-fontainebleau","tag-franciaorszag","tag-katasztrofavedelem","tag-parizs","tag-tgv"],"_links":{"self":[{"href":"https:\/\/zemino.hu\/ro\/wp-json\/wp\/v2\/posts\/3934","targetHints":{"allow":["GET"]}}],"collection":[{"href":"https:\/\/zemino.hu\/ro\/wp-json\/wp\/v2\/posts"}],"about":[{"href":"https:\/\/zemino.hu\/ro\/wp-json\/wp\/v2\/types\/post"}],"author":[{"embeddable":true,"href":"https:\/\/zemino.hu\/ro\/wp-json\/wp\/v2\/users\/2"}],"replies":[{"embeddable":true,"href":"https:\/\/zemino.hu\/ro\/wp-json\/wp\/v2\/comments?post=3934"}],"version-history":[{"count":1,"href":"https:\/\/zemino.hu\/ro\/wp-json\/wp\/v2\/posts\/3934\/revisions"}],"predecessor-version":[{"id":3936,"href":"https:\/\/zemino.hu\/ro\/wp-json\/wp\/v2\/posts\/3934\/revisions\/3936"}],"wp:featuredmedia":[{"embeddable":true,"href":"https:\/\/zemino.hu\/ro\/wp-json\/wp\/v2\/media\/3935"}],"wp:attachment":[{"href":"https:\/\/zemino.hu\/ro\/wp-json\/wp\/v2\/media?parent=3934"}],"wp:term":[{"taxonomy":"category","embeddable":true,"href":"https:\/\/zemino.hu\/ro\/wp-json\/wp\/v2\/categories?post=3934"},{"taxonomy":"post_tag","embeddable":true,"href":"https:\/\/zemino.hu\/ro\/wp-json\/wp\/v2\/tags?post=3934"}],"curies":[{"name":"wp","href":"https:\/\/api.w.org\/{rel}","templated":true}]}}