{"id":3950,"date":"2026-07-13T13:47:02","date_gmt":"2026-07-13T11:47:02","guid":{"rendered":"https:\/\/zemino.hu\/?p=3950"},"modified":"2026-07-13T13:47:08","modified_gmt":"2026-07-13T11:47:08","slug":"gulyas-gergely-lemondott-fidesz-bojkott-parlament-alaptorveny-modositas","status":"publish","type":"post","link":"https:\/\/zemino.hu\/ro\/kozelet\/2026\/07\/13\/gulyas-gergely-lemondott-fidesz-bojkott-parlament-alaptorveny-modositas\/","title":{"rendered":"Rendk\u00edv\u00fcli: Guly\u00e1s Gergely lemondott"},"content":{"rendered":"<p class=\"wp-block-paragraph\"><strong>Rendk\u00edv\u00fcli sajt\u00f3t\u00e1j\u00e9koztat\u00f3n jelentette be lemond\u00e1s\u00e1t Guly\u00e1s Gergely, a Fidesz frakci\u00f3vezet\u0151je h\u00e9tf\u0151n, az Alapt\u00f6rv\u00e9ny 17. m\u00f3dos\u00edt\u00e1s\u00e1r\u00f3l sz\u00f3l\u00f3 parlamenti voksol\u00e1s el\u0151tt. A politikus k\u00f6z\u00f6lte, hogy a Fidesz-frakci\u00f3 bojkott\u00e1lja a h\u00e9tf\u0151i \u00fcl\u00e9st, a KDNP k\u00e9pvisel\u0151csoportja szint\u00e9n t\u00e1vol marad, \u00edgy tiltakozva a szerint\u00fck p\u00e9ld\u00e1tlan \u00e9s antidemokratikus k\u00f6zjogi l\u00e9p\u00e9sek ellen.<\/strong><\/p>\n\n\n\n<p class=\"wp-block-paragraph\">Guly\u00e1s Gergely a sajt\u00f3t\u00e1j\u00e9koztat\u00f3n p\u00e9ld\u00e1tlan hat\u00e1r\u00e1tl\u00e9p\u00e9snek nevezte a Magyar P\u00e9ter minisztereln\u00f6k \u00e1ltal beny\u00fajtott alkotm\u00e1nym\u00f3dos\u00edt\u00e1si csomagot. \u00dagy fogalmazott, a tervezett elemek k\u00fcl\u00f6n-k\u00fcl\u00f6n is s\u00falyosak, egy\u00fctt pedig v\u00e9gk\u00e9pp ellehetetlen\u00edtik a jog\u00e1llami kereteket.<\/p>\n\n\n\n<blockquote class=\"wp-block-quote is-layout-flow wp-block-quote-is-layout-flow\">\n<p class=\"wp-block-paragraph\">\u201eMostant\u00f3l olyan politikai verseny van Magyarorsz\u00e1gon, ahol a k\u00e9pvisel\u0151k legal\u00e1bb fele ki van z\u00e1rva a politikai versenyb\u0151l. (\u2026) Ezen k\u00edv\u00fcl is p\u00e9ld\u00e1tlan az \u00e1llameln\u00f6k lev\u00e1lt\u00e1sa, az az er\u0151szakos hozz\u00e1\u00e1ll\u00e1s, amit az elm\u00falt id\u0151szakban megtapasztalhattunk. (\u2026) \u00cdgy teh\u00e1t tiltakozunk, tiltakozunk azzal, hogy nem vesz\u00fcnk r\u00e9szt az \u00fcl\u00e9sen.\u201d<\/p>\n<\/blockquote>\n\n\n\n<p class=\"wp-block-paragraph\">A politikus bejelentette, hogy a kialakult helyzet miatt t\u00e1vozik a Fidesz k\u00e9pvisel\u0151csoport\u00e1nak \u00e9l\u00e9r\u0151l: \u201eA legnagyobb ellenz\u00e9ki frakci\u00f3nak nem lehet olyan vezet\u0151je, aki k\u00f6zjogi \u00e9rtelemben\u201d nem lehet vezet\u0151je annak, ez\u00e9rt \u201elemondok a frakci\u00f3vezet\u0151i tiszts\u00e9gr\u0151l\u201d \u2013 mondta Guly\u00e1s Gergely. A frakci\u00f3tagok a parlamenti munka helyett Antal J\u00f3zsef s\u00edrj\u00e1t fogj\u00e1k megkoszor\u00fazni figyelemfelh\u00edv\u00e1sk\u00e9nt.<\/p>\n\n\n\n<p class=\"wp-block-paragraph\">A sajt\u00f3t\u00e1j\u00e9koztat\u00f3n az ellenz\u00e9ki politikusok feket\u00e9be \u00f6lt\u00f6zve jelentek meg, jelezve, hogy a mai napot a magyar demokr\u00e1cia gy\u00e1sznapj\u00e1nak tekintik. R\u00e9tv\u00e1ri Bence, a KDNP frakci\u00f3vezet\u0151je \u00e9lesen b\u00edr\u00e1lta a korm\u00e1nyf\u0151t, kijelentve, hogy \u201enem lesz\u00fcnk statiszt\u00e1k Magyar P\u00e9ter filmsz\u00ednh\u00e1z\u00e1ban\u201d. R\u00e9tv\u00e1ri szerint egy\u00e9rtelm\u0171en l\u00e1tszik, hogy a minisztereln\u00f6k mindenkit elt\u00e1vol\u00edt a poz\u00edci\u00f3j\u00e1b\u00f3l, aki nem az \u0151 egy\u00e9ni elk\u00e9pzel\u00e9seit t\u00e1mogatja. Hozz\u00e1tette, hogy a KDNP-frakci\u00f3 szint\u00e9n \u00f6ssze\u00fclt, de \u0151k egyhang\u00fa d\u00f6nt\u00e9ssel \u00fagy hat\u00e1roztak, hogy nem k\u00edv\u00e1nnak frakci\u00f3vezet\u0151t cser\u00e9lni, \u00e9s nem ilyen form\u00e1ban tiltakoznak\u2013 \u00edrja a <a href=\"https:\/\/telex.hu\/belfold\/2026\/07\/13\/gulyas-gergely-bejelentes-parlament\" target=\"_blank\" rel=\"noreferrer noopener\">Telex<\/a>.<\/p>\n\n\n\n<p class=\"wp-block-paragraph\">Panyi Mikl\u00f3s fideszes parlamenti k\u00e9pvisel\u0151 kedden a 17. alkotm\u00e1nym\u00f3dos\u00edt\u00e1s \u00e1ltal\u00e1nos vit\u00e1j\u00e1nak v\u00e9g\u00e9n a parlamentben k\u00f6z\u00f6lte, hogy frakci\u00f3ik nem fognak r\u00e9szt venni a demokr\u00e1cia le\u00e9p\u00edt\u00e9s\u00e9ben, \u00edgy sem a r\u00e9szletes vit\u00e1n, sem a szavaz\u00e1son nem lesznek jelen.<\/p>\n\n\n\n<p class=\"wp-block-paragraph\">A h\u00e9tf\u0151n szavaz\u00e1sra bocs\u00e1tott 17. alapt\u00f6rv\u00e9ny-m\u00f3dos\u00edt\u00e1s az al\u00e1bbi l\u00e9nyeges pontokat tartalmazza:<\/p>\n\n\n\n<ul class=\"wp-block-list\">\n<li><strong>12 \u00e9ves cikluskorl\u00e1t<\/strong> bevezet\u00e9se a parlamenti k\u00e9pvisel\u0151kn\u00e9l;<\/li>\n\n\n\n<li>A <strong>Nemzeti Vagyonvisszaszerz\u00e9si \u00e9s V\u00e9delmi Hivatal<\/strong> fel\u00e1ll\u00edt\u00e1sa;<\/li>\n\n\n\n<li><strong>Sulyok Tam\u00e1s k\u00f6zt\u00e1rsas\u00e1gi eln\u00f6k megb\u00edzat\u00e1s\u00e1nak megsz\u00fcntet\u00e9se<\/strong>, \u00e9s \u00faj k\u00f6zt\u00e1rsas\u00e1gi eln\u00f6k v\u00e1laszt\u00e1s\u00e1t tenn\u00e9 lehet\u0151v\u00e9;<\/li>\n\n\n\n<li>A <strong>70 \u00e9ves nyugd\u00edjkorhat\u00e1r visszahozatala<\/strong> az Alkotm\u00e1nyb\u00edr\u00f3s\u00e1gon, amely automatikusan megsz\u00fcntetn\u00e9 Polt P\u00e9ter b\u00edr\u00f3s\u00e1gi eln\u00f6k mand\u00e1tum\u00e1t is.<\/li>\n<\/ul>\n\n\n\n<p class=\"wp-block-paragraph\">Mivel a korm\u00e1nyz\u00f3 Tisza-frakci\u00f3 egymaga is rendelkezik a parlamenti mand\u00e1tumok t\u00f6bb mint k\u00e9tharmad\u00e1val, a radik\u00e1lis k\u00f6zjogi reformokat a Fidesz \u00e9s a KDNP jelenl\u00e9te n\u00e9lk\u00fcl is el tudj\u00e1k fogadni. A Fidesz t\u00f6rt\u00e9net\u00e9ben nem ez az els\u0151 parlamenti bojkott: a p\u00e1rt legut\u00f3bb a 2010 el\u0151tti id\u0151szakban \u00e9lt ezzel az eszk\u00f6zzel, amikor Gyurcs\u00e1ny Ferenc akkori minisztereln\u00f6k lemond\u00e1s\u00e1t k\u00f6vetelve maradtak t\u00e1vol az \u00fcl\u00e9sekt\u0151l.<\/p>\n\n\n\n<p class=\"wp-block-paragraph\"><\/p>","protected":false},"excerpt":{"rendered":"<p>Rendk\u00edv\u00fcli sajt\u00f3t\u00e1j\u00e9koztat\u00f3n jelentette be lemond\u00e1s\u00e1t Guly\u00e1s Gergely, a Fidesz frakci\u00f3vezet\u0151je h\u00e9tf\u0151n, az Alapt\u00f6rv\u00e9ny 17. m\u00f3dos\u00edt\u00e1s\u00e1r\u00f3l sz\u00f3l\u00f3 parlamenti voksol\u00e1s el\u0151tt. A politikus k\u00f6z\u00f6lte, hogy a Fidesz-frakci\u00f3 bojkott\u00e1lja a h\u00e9tf\u0151i \u00fcl\u00e9st, a KDNP k\u00e9pvisel\u0151csoportja szint\u00e9n t\u00e1vol marad, \u00edgy tiltakozva a szerint\u00fck p\u00e9ld\u00e1tlan \u00e9s antidemokratikus k\u00f6zjogi l\u00e9p\u00e9sek ellen. Guly\u00e1s Gergely a sajt\u00f3t\u00e1j\u00e9koztat\u00f3n p\u00e9ld\u00e1tlan hat\u00e1r\u00e1tl\u00e9p\u00e9snek nevezte a Magyar P\u00e9ter\u2026<\/p>","protected":false},"author":2,"featured_media":3951,"comment_status":"open","ping_status":"open","sticky":false,"template":"","format":"standard","meta":{"_gspb_post_css":"","_zh_crosspost_remote_site":"","_zh_crosspost_remote_post_id":"","_zh_crosspost_last_sync_at":"","_zh_crosspost_last_sync_direction":"","_zh_crosspost_synced_images":"","footnotes":""},"categories":[326],"tags":[770,515,459,166,250,2183,168],"class_list":["post-3950","post","type-post","status-publish","format-standard","has-post-thumbnail","hentry","category-kozelet","tag-alaptorveny-modositas","tag-fidesz","tag-gulyas-gergely","tag-kdnp","tag-magyar-peter","tag-parlamenti-bojkott","tag-retvari-bence"],"_links":{"self":[{"href":"https:\/\/zemino.hu\/ro\/wp-json\/wp\/v2\/posts\/3950","targetHints":{"allow":["GET"]}}],"collection":[{"href":"https:\/\/zemino.hu\/ro\/wp-json\/wp\/v2\/posts"}],"about":[{"href":"https:\/\/zemino.hu\/ro\/wp-json\/wp\/v2\/types\/post"}],"author":[{"embeddable":true,"href":"https:\/\/zemino.hu\/ro\/wp-json\/wp\/v2\/users\/2"}],"replies":[{"embeddable":true,"href":"https:\/\/zemino.hu\/ro\/wp-json\/wp\/v2\/comments?post=3950"}],"version-history":[{"count":1,"href":"https:\/\/zemino.hu\/ro\/wp-json\/wp\/v2\/posts\/3950\/revisions"}],"predecessor-version":[{"id":3952,"href":"https:\/\/zemino.hu\/ro\/wp-json\/wp\/v2\/posts\/3950\/revisions\/3952"}],"wp:featuredmedia":[{"embeddable":true,"href":"https:\/\/zemino.hu\/ro\/wp-json\/wp\/v2\/media\/3951"}],"wp:attachment":[{"href":"https:\/\/zemino.hu\/ro\/wp-json\/wp\/v2\/media?parent=3950"}],"wp:term":[{"taxonomy":"category","embeddable":true,"href":"https:\/\/zemino.hu\/ro\/wp-json\/wp\/v2\/categories?post=3950"},{"taxonomy":"post_tag","embeddable":true,"href":"https:\/\/zemino.hu\/ro\/wp-json\/wp\/v2\/tags?post=3950"}],"curies":[{"name":"wp","href":"https:\/\/api.w.org\/{rel}","templated":true}]}}