{"id":4031,"date":"2026-07-15T07:18:39","date_gmt":"2026-07-15T05:18:39","guid":{"rendered":"https:\/\/zemino.hu\/?p=4031"},"modified":"2026-07-15T07:18:43","modified_gmt":"2026-07-15T05:18:43","slug":"szolo-utcai-javitointezet-vezeto-vallomas","status":"publish","type":"post","link":"https:\/\/zemino.hu\/ro\/villogos\/2026\/07\/15\/szolo-utcai-javitointezet-vezeto-vallomas\/","title":{"rendered":"Koll\u00e9g\u00e1i ellen tett terhel\u0151 vallom\u00e1st a Sz\u0151l\u0151 utcai jav\u00edt\u00f3int\u00e9zet volt rend\u00e9szeti vezet\u0151je\u00a0"},"content":{"rendered":"<p class=\"wp-block-paragraph\"><strong>Beismer\u0151 vallom\u00e1st tett \u00e9s a koll\u00e9g\u00e1i ellen is vallott az egykori Sz\u0151l\u0151 utcai jav\u00edt\u00f3int\u00e9zet volt \u201erend\u00e9szeti \u00e9s biztons\u00e1gi\u201d vezet\u0151je. A f\u00e9rfi, akit t\u00f6bbek k\u00f6z\u00f6tt azzal gyan\u00fas\u00edtanak, hogy kiskor\u00faakat b\u00e1ntalmazott, a hat\u00f3s\u00e1gokkal val\u00f3 egy\u00fcttm\u0171k\u00f6d\u00e9s\u00e9nek k\u00f6sz\u00f6nhet\u0151en elhagyhatta a letart\u00f3ztat\u00e1st, \u00e9s b\u0171n\u00fcgyi fel\u00fcgyeletbe ker\u00fclt.<\/strong><\/p>\n\n\n\n<p class=\"wp-block-paragraph\">A <a href=\"https:\/\/hvg.hu\/360\/20260715_kollegaira-vallott-es-beismero-vallomast-tett-a-szolo-utcai-javitointezet-volt-vezetoje\" target=\"_blank\" rel=\"noreferrer noopener\">HVG<\/a> inform\u00e1ci\u00f3i szerint a hat\u00f3s\u00e1ghoz k\u00f6zeli forr\u00e1sb\u00f3l \u00e1ltaluk megszerzett b\u00edr\u00f3s\u00e1gi irat \u2013 a Budai K\u00f6zponti Ker\u00fcleti B\u00edr\u00f3s\u00e1g j\u00fanius 9-i v\u00e9gz\u00e9se \u2013 alapj\u00e1n a gyan\u00fas\u00edtott az els\u0151fok\u00fa b\u00edr\u00f3s\u00e1g t\u00e1rgyal\u00e1s el\u0151k\u00e9sz\u00edt\u00e9se sor\u00e1n hozott d\u00f6nt\u00e9s\u00e9ig, de legfeljebb 2026. okt\u00f3ber 9-ig \u00f3budai lak\u00e1s\u00e1ban, b\u0171n\u00fcgyi fel\u00fcgyeletben (k\u00f6znyelven h\u00e1zi \u0151rizetben) v\u00e1rhatja az elj\u00e1r\u00e1s folytat\u00e1s\u00e1t. A d\u00f6nt\u00e9s \u00e9rtelm\u00e9ben a f\u00e9rfit n\u00e9gy \u00e1ldozat\u00e1val szemben t\u00e1voltart\u00e1sra is k\u00f6telezt\u00e9k.<\/p>\n\n\n\n<p class=\"wp-block-paragraph\">A b\u00edr\u00f3s\u00e1gi dokumentumokb\u00f3l eddig nem ismert, brut\u00e1lis r\u00e9szletek l\u00e1ttak napvil\u00e1got a Budapesti Jav\u00edt\u00f3int\u00e9zetben t\u00f6rt\u00e9ntekr\u0151l. A megalapozott gyan\u00fa szerint a volt rend\u00e9szeti vezet\u0151 t\u00f6bb kiskor\u00fa fi\u00fat is megvert, a falhoz szor\u00edtva feny\u00edtett meg, vagy az \u00e1gyr\u00f3l a f\u00f6ldre dobott. Az iratok szerint az egyik gyermeket kifejezetten az\u00e9rt b\u00e1ntalmazta, hogy eln\u00e9m\u00edtsa, \u00e9s az \u00e1ldozat ne merjen besz\u00e9lni a fi\u00fakat szexu\u00e1lisan moleszt\u00e1l\u00f3 akkori igazgat\u00f3, Juh\u00e1sz P\u00e9ter P\u00e1l \u00fcgyeir\u0151l.<\/p>\n\n\n\n<p class=\"wp-block-paragraph\">Juh\u00e1sz P\u00e9ter P\u00e1l \u00e9s \u00e9lett\u00e1rsa ellen az elj\u00e1r\u00e1s eredetileg emberkereskedelem \u00e9s k\u00e9nyszermunka miatt indult, de a nyomoz\u00e1s k\u00e9s\u0151bb szexu\u00e1lis \u00e9s gazdas\u00e1gi jelleg\u0171 b\u0171ncselekm\u00e9nyekkel jelent\u0151sen kib\u0151v\u00fclt. A volt igazgat\u00f3 m\u00e1r 2025 m\u00e1jusa \u00f3ta b\u00f6rt\u00f6nben van. <\/p>","protected":false},"excerpt":{"rendered":"<p>Beismer\u0151 vallom\u00e1st tett \u00e9s a koll\u00e9g\u00e1i ellen is vallott az egykori Sz\u0151l\u0151 utcai jav\u00edt\u00f3int\u00e9zet volt \u201erend\u00e9szeti \u00e9s biztons\u00e1gi\u201d vezet\u0151je. A f\u00e9rfi, akit t\u00f6bbek k\u00f6z\u00f6tt azzal gyan\u00fas\u00edtanak, hogy kiskor\u00faakat b\u00e1ntalmazott, a hat\u00f3s\u00e1gokkal val\u00f3 egy\u00fcttm\u0171k\u00f6d\u00e9s\u00e9nek k\u00f6sz\u00f6nhet\u0151en elhagyhatta a letart\u00f3ztat\u00e1st, \u00e9s b\u0171n\u00fcgyi fel\u00fcgyeletbe ker\u00fclt. A HVG inform\u00e1ci\u00f3i szerint a hat\u00f3s\u00e1ghoz k\u00f6zeli forr\u00e1sb\u00f3l \u00e1ltaluk megszerzett b\u00edr\u00f3s\u00e1gi irat \u2013 a\u2026<\/p>","protected":false},"author":2,"featured_media":4032,"comment_status":"open","ping_status":"open","sticky":false,"template":"","format":"standard","meta":{"_gspb_post_css":"","_zh_crosspost_remote_site":"zsaruhirek","_zh_crosspost_remote_post_id":"79180","_zh_crosspost_last_sync_at":"2026-07-15 07:17:26","_zh_crosspost_last_sync_direction":"zsaruhirek_to_zemino","_zh_crosspost_synced_images":"","footnotes":""},"categories":[325],"tags":[463,454,330,2227,440,331],"class_list":["post-4031","post","type-post","status-publish","format-standard","has-post-thumbnail","hentry","category-villogos","tag-bantalmazas","tag-bunugy","tag-juhasz-peter-pal","tag-kovacs-buna-karoly","tag-kozponti-nyomozo-fougyeszseg","tag-szolo-utca"],"_links":{"self":[{"href":"https:\/\/zemino.hu\/ro\/wp-json\/wp\/v2\/posts\/4031","targetHints":{"allow":["GET"]}}],"collection":[{"href":"https:\/\/zemino.hu\/ro\/wp-json\/wp\/v2\/posts"}],"about":[{"href":"https:\/\/zemino.hu\/ro\/wp-json\/wp\/v2\/types\/post"}],"author":[{"embeddable":true,"href":"https:\/\/zemino.hu\/ro\/wp-json\/wp\/v2\/users\/2"}],"replies":[{"embeddable":true,"href":"https:\/\/zemino.hu\/ro\/wp-json\/wp\/v2\/comments?post=4031"}],"version-history":[{"count":1,"href":"https:\/\/zemino.hu\/ro\/wp-json\/wp\/v2\/posts\/4031\/revisions"}],"predecessor-version":[{"id":4033,"href":"https:\/\/zemino.hu\/ro\/wp-json\/wp\/v2\/posts\/4031\/revisions\/4033"}],"wp:featuredmedia":[{"embeddable":true,"href":"https:\/\/zemino.hu\/ro\/wp-json\/wp\/v2\/media\/4032"}],"wp:attachment":[{"href":"https:\/\/zemino.hu\/ro\/wp-json\/wp\/v2\/media?parent=4031"}],"wp:term":[{"taxonomy":"category","embeddable":true,"href":"https:\/\/zemino.hu\/ro\/wp-json\/wp\/v2\/categories?post=4031"},{"taxonomy":"post_tag","embeddable":true,"href":"https:\/\/zemino.hu\/ro\/wp-json\/wp\/v2\/tags?post=4031"}],"curies":[{"name":"wp","href":"https:\/\/api.w.org\/{rel}","templated":true}]}}