{"id":4035,"date":"2026-07-15T08:39:02","date_gmt":"2026-07-15T06:39:02","guid":{"rendered":"https:\/\/zemino.hu\/?p=4035"},"modified":"2026-07-15T08:39:08","modified_gmt":"2026-07-15T06:39:08","slug":"pocs-janos-koztarsasagi-elnok-szatirikus-video-magyar-peter","status":"publish","type":"post","link":"https:\/\/zemino.hu\/ro\/kozelet\/2026\/07\/15\/pocs-janos-koztarsasagi-elnok-szatirikus-video-magyar-peter\/","title":{"rendered":"\u201eSoha nem hagylak el t\u00e9ged\u201d \u2013 szatirikus vide\u00f3ban jelentkezett be a k\u00f6zt\u00e1rsas\u00e1gi eln\u00f6ki posztra P\u00f3cs J\u00e1nos"},"content":{"rendered":"\n<p class=\"wp-block-paragraph\"><strong>Humoros hangv\u00e9tel\u0171 vide\u00f3val reag\u00e1lt P\u00f3cs J\u00e1nos fideszes k\u00e9pvisel\u0151 Magyar P\u00e9ter parlamenti felsz\u00f3lal\u00e1s\u00e1ra. A politikus a k\u00f6z\u00f6ss\u00e9gi oldal\u00e1n k\u00f6zz\u00e9tett felv\u00e9telen visszautas\u00edtotta a minisztereln\u00f6k frakci\u00f3vezet\u0151i felk\u00e9r\u00e9s\u00e9t, helyette ink\u00e1bb a k\u00f6zt\u00e1rsas\u00e1gi eln\u00f6ki tiszts\u00e9gre jelentkezett be, \u00e9s ironikusan \u00f6r\u00f6k h\u0171s\u00e9get fogadott a korm\u00e1nyf\u0151nek.<\/strong><\/p>\n\n\n\n<p class=\"wp-block-paragraph\">A k\u00e9pvisel\u0151 a <a href=\"https:\/\/www.facebook.com\/reel\/1487564496388323\/?__cft__[0]=AZauKJAH-VAURDK1NQI5s3jTweTfcpj407KqKv0LnJ0hZOjHnOxQ7cPdHrVO8BdsYPKqthOOiIjwy9R2e8vRJxpdXEyruz22BlL253XxrcFyat0fCTT6_GWhncYbnRnldohJKwqZL0Bmyih6wPiLWM_NBTAZYCUwQwD0jEHYxrxtl4WONW7H58QwGXBa8WEYG_PK8-8WPeWm2_UKLFefpnrX&amp;__tn__=%2CO%2CP-R\" target=\"_blank\" data-type=\"link\" data-id=\"https:\/\/www.facebook.com\/reel\/1487564496388323\/?__cft__[0]=AZauKJAH-VAURDK1NQI5s3jTweTfcpj407KqKv0LnJ0hZOjHnOxQ7cPdHrVO8BdsYPKqthOOiIjwy9R2e8vRJxpdXEyruz22BlL253XxrcFyat0fCTT6_GWhncYbnRnldohJKwqZL0Bmyih6wPiLWM_NBTAZYCUwQwD0jEHYxrxtl4WONW7H58QwGXBa8WEYG_PK8-8WPeWm2_UKLFefpnrX&amp;__tn__=%2CO%2CP-R\" rel=\"noreferrer noopener\">Facebook-oldal\u00e1n<\/a> megosztott, \u201eSz\u00e1m\u00edthat r\u00e1m Magyar P\u00e9ter \ud83d\ude1c\u201d felirat\u00fa vide\u00f3j\u00e1ban k\u00f6zvetlen\u00fcl a minisztereln\u00f6kh\u00f6z int\u00e9zte szavait. A felv\u00e9tel azzal indult, hogy P\u00f3cs J\u00e1nos mosolyogva kijelentette:<\/p>\n\n\n\n<blockquote class=\"wp-block-quote is-layout-flow wp-block-quote-is-layout-flow\">\n<p class=\"wp-block-paragraph\">Magyar P\u00e9ter minisztereln\u00f6k\u00fcnk t\u00f6bb alkalommal azt k\u00e9rte, hogy szeretn\u00e9, ha \u00e9n lenn\u00e9k a Fidesz frakci\u00f3vezet\u0151je.<\/p>\n<\/blockquote>\n\n\n\n<p class=\"wp-block-paragraph\">A vide\u00f3ban ezut\u00e1n bev\u00e1gt\u00e1k Magyar P\u00e9ter parlamenti felsz\u00f3lal\u00e1s\u00e1nak azt a r\u00e9szlet\u00e9t, amelyben a korm\u00e1nyf\u0151 az \u00fcl\u00e9steremben val\u00f3ban err\u0151l besz\u00e9lt: <\/p>\n\n\n\n<blockquote class=\"wp-block-quote is-layout-flow wp-block-quote-is-layout-flow\">\n<p class=\"wp-block-paragraph\"><em>\u201eMost v\u00e9gre megny\u00edlik a lehet\u0151s\u00e9g, hogy P\u00f3cs J\u00e1nos \u00e1tvegye a Fidesz frakci\u00f3vezet\u00e9s\u00e9t, \u00fagyhogy mi innen is drukkolunk P\u00f3cs J\u00e1nosnak.\u201d<\/em><\/p>\n<\/blockquote>\n\n\n\n<p class=\"wp-block-paragraph\">A fideszes politikus a folyos\u00f3n r\u00f6gz\u00edtett jelenetben azonban nem fogadta el a felk\u00e9r\u00e9st, \u00e9s egy mer\u00e9szebb \u00f6tlettel \u00e1llt el\u0151:<\/p>\n\n\n\n<blockquote class=\"wp-block-quote is-layout-flow wp-block-quote-is-layout-flow\">\n<p class=\"wp-block-paragraph\">Bocs\u00e1nat, de \u00e9n ezt nem szeretn\u00e9m. Esetleg lehetn\u00e9k a k\u00f6zt\u00e1rsas\u00e1gi eln\u00f6k?<\/p>\n<\/blockquote>\n\n\n\n<p class=\"wp-block-paragraph\">P\u00f3cs ezt k\u00f6vet\u0151en a minisztereln\u00f6k kor\u00e1bbi \u00edg\u00e9ret\u00e9re utalt, miszerint sz\u00e9les k\u00f6r\u0171 t\u00e1rsadalmi egyeztet\u00e9s alapj\u00e1n hoz majd d\u00f6nt\u00e9seket az orsz\u00e1gban. A k\u00e9pvisel\u0151 szerint a jel\u00f6lts\u00e9g\u00e9vel ez k\u00f6nnyen megval\u00f3sulhatna: <\/p>\n\n\n\n<blockquote class=\"wp-block-quote is-layout-flow wp-block-quote-is-layout-flow\">\n<p class=\"wp-block-paragraph\"><em>\u201eViktor sz\u00f3lna a Fidesznek, \u0151 [Magyar P\u00e9ter] meg sz\u00f3lna a Tisz\u00e1nak, \u00e9s eg\u00e9sz biztos, hogy megkapn\u00e1m a t\u00e1rsadalmi t\u00f6bbs\u00e9get.\u201d<\/em><\/p>\n<\/blockquote>\n\n\n\n<p class=\"wp-block-paragraph\">A felv\u00e9tel v\u00e9g\u00e9n a k\u00e9pvisel\u0151 egy sz\u00ednh\u00e1zi monol\u00f3ghoz m\u00e9lt\u00f3, ironikus \u00edg\u00e9rettel z\u00e1rta a bejelentkez\u00e9s\u00e9t:<\/p>\n\n\n\n<blockquote class=\"wp-block-quote is-layout-flow wp-block-quote-is-layout-flow\">\n<p class=\"wp-block-paragraph\">\u00c9s minisztereln\u00f6k \u00far, \u00edg\u00e9rem, \u00e9n h\u0171 leszek \u00f6nmagamhoz. \u00c9s \u00edg\u00e9rem, soha nem hagylak el t\u00e9ged. Mindig ott leszek veled.<\/p>\n<\/blockquote>\n\n\n\n<p class=\"wp-block-paragraph\">A vide\u00f3 z\u00e1r\u00e1sak\u00e9nt \u00fajra Magyar P\u00e9ter parlamenti arckifejez\u00e9s\u00e9t mutatt\u00e1k be, mik\u00f6zben a h\u00e1tt\u00e9rben komikus zene sz\u00f3lt.<\/p>\n\n\n\n<figure class=\"wp-block-embed is-type-wp-embed is-provider-zemino wp-block-embed-zemino\"><div class=\"wp-block-embed__wrapper\">\n<blockquote class=\"wp-embedded-content\" data-secret=\"MRIMGo8N8f\"><a href=\"https:\/\/zemino.hu\/kozelet\/2026\/07\/14\/pocs-janos-parlament-magyar-peter-videozas\/\">P\u00f3cs J\u00e1nost nem lehet megf\u00e9leml\u00edteni<\/a><\/blockquote><iframe loading=\"lazy\" class=\"wp-embedded-content\" sandbox=\"allow-scripts\" security=\"restricted\" style=\"position: absolute; visibility: hidden;\" title=\"\u201cP\u00f3cs J\u00e1nost nem lehet megf\u00e9leml\u00edteni\u201d \u2014 Zemino\" src=\"https:\/\/zemino.hu\/kozelet\/2026\/07\/14\/pocs-janos-parlament-magyar-peter-videozas\/embed\/#?secret=alrDdFKVrW#?secret=MRIMGo8N8f\" data-secret=\"MRIMGo8N8f\" width=\"500\" height=\"282\" frameborder=\"0\" marginwidth=\"0\" marginheight=\"0\" scrolling=\"no\"><\/iframe>\n<\/div><\/figure>\n","protected":false},"excerpt":{"rendered":"<p>Humoros hangv\u00e9tel\u0171 vide\u00f3val reag\u00e1lt P\u00f3cs J\u00e1nos fideszes k\u00e9pvisel\u0151 Magyar P\u00e9ter parlamenti felsz\u00f3lal\u00e1s\u00e1ra. A politikus a k\u00f6z\u00f6ss\u00e9gi oldal\u00e1n k\u00f6zz\u00e9tett felv\u00e9telen visszautas\u00edtotta a minisztereln\u00f6k frakci\u00f3vezet\u0151i felk\u00e9r\u00e9s\u00e9t, helyette ink\u00e1bb a k\u00f6zt\u00e1rsas\u00e1gi eln\u00f6ki tiszts\u00e9gre jelentkezett be, \u00e9s ironikusan \u00f6r\u00f6k h\u0171s\u00e9get fogadott a korm\u00e1nyf\u0151nek. A k\u00e9pvisel\u0151 a Facebook-oldal\u00e1n megosztott, \u201eSz\u00e1m\u00edthat r\u00e1m Magyar P\u00e9ter \ud83d\ude1c\u201d felirat\u00fa vide\u00f3j\u00e1ban k\u00f6zvetlen\u00fcl a minisztereln\u00f6kh\u00f6z int\u00e9zte\u2026<\/p>","protected":false},"author":2,"featured_media":4034,"comment_status":"open","ping_status":"open","sticky":false,"template":"","format":"standard","meta":{"_gspb_post_css":"","_zh_crosspost_remote_site":"","_zh_crosspost_remote_post_id":"","_zh_crosspost_last_sync_at":"","_zh_crosspost_last_sync_direction":"","_zh_crosspost_synced_images":"","footnotes":""},"categories":[326],"tags":[2229,515,496,250,130,1339,2228,248],"class_list":["post-4035","post","type-post","status-publish","format-standard","has-post-thumbnail","hentry","category-kozelet","tag-facebook-video","tag-fidesz","tag-koztarsasagi-elnok","tag-magyar-peter","tag-parlament","tag-pocs-janos","tag-szatira","tag-tisza-part"],"_links":{"self":[{"href":"https:\/\/zemino.hu\/ro\/wp-json\/wp\/v2\/posts\/4035","targetHints":{"allow":["GET"]}}],"collection":[{"href":"https:\/\/zemino.hu\/ro\/wp-json\/wp\/v2\/posts"}],"about":[{"href":"https:\/\/zemino.hu\/ro\/wp-json\/wp\/v2\/types\/post"}],"author":[{"embeddable":true,"href":"https:\/\/zemino.hu\/ro\/wp-json\/wp\/v2\/users\/2"}],"replies":[{"embeddable":true,"href":"https:\/\/zemino.hu\/ro\/wp-json\/wp\/v2\/comments?post=4035"}],"version-history":[{"count":1,"href":"https:\/\/zemino.hu\/ro\/wp-json\/wp\/v2\/posts\/4035\/revisions"}],"predecessor-version":[{"id":4037,"href":"https:\/\/zemino.hu\/ro\/wp-json\/wp\/v2\/posts\/4035\/revisions\/4037"}],"wp:featuredmedia":[{"embeddable":true,"href":"https:\/\/zemino.hu\/ro\/wp-json\/wp\/v2\/media\/4034"}],"wp:attachment":[{"href":"https:\/\/zemino.hu\/ro\/wp-json\/wp\/v2\/media?parent=4035"}],"wp:term":[{"taxonomy":"category","embeddable":true,"href":"https:\/\/zemino.hu\/ro\/wp-json\/wp\/v2\/categories?post=4035"},{"taxonomy":"post_tag","embeddable":true,"href":"https:\/\/zemino.hu\/ro\/wp-json\/wp\/v2\/tags?post=4035"}],"curies":[{"name":"wp","href":"https:\/\/api.w.org\/{rel}","templated":true}]}}