{"id":4038,"date":"2026-07-15T10:01:41","date_gmt":"2026-07-15T08:01:41","guid":{"rendered":"https:\/\/zemino.hu\/?p=4038"},"modified":"2026-07-15T10:02:01","modified_gmt":"2026-07-15T08:02:01","slug":"orban-viktor-dallas-vilagbajnoksag-elodonto-csalad","status":"publish","type":"post","link":"https:\/\/zemino.hu\/ro\/belfold\/2026\/07\/15\/orban-viktor-dallas-vilagbajnoksag-elodonto-csalad\/","title":{"rendered":"Orb\u00e1n Viktor a csal\u00e1dj\u00e1val egy\u00fctt, a lel\u00e1t\u00f3r\u00f3l k\u00f6vette a spanyol-francia vb-el\u0151d\u00f6nt\u0151t"},"content":{"rendered":"<p class=\"wp-block-paragraph\"><strong>A Fidesz eln\u00f6ke a dallasi stadionban, csal\u00e1dtagjai t\u00e1rsas\u00e1g\u00e1ban n\u00e9zte v\u00e9gig a labdar\u00fag\u00f3-vil\u00e1gbajnoks\u00e1g els\u0151 el\u0151d\u00f6nt\u0151j\u00e9t. Orb\u00e1n Viktor szurkol\u00e1s\u00e1t az ismert influenszer, IShowSpeed \u00e9l\u0151 vide\u00f3s k\u00f6zvet\u00edt\u00e9se r\u00f6gz\u00edtette, amelyen a politikus mellett gyermekei \u00e9s veje is felt\u0171nnek.<\/strong><\/p>\n\n\n\n<p class=\"wp-block-paragraph\">Spanyolorsz\u00e1g 2-0-ra nyerte meg a vil\u00e1gbajnoks\u00e1g els\u0151 el\u0151d\u00f6nt\u0151j\u00e9t a francia v\u00e1logatott ellen, a m\u00e9rk\u0151z\u00e9st pedig Magyarorsz\u00e1g kor\u00e1bbi minisztereln\u00f6ke is a helysz\u00ednr\u0151l k\u00f6vette \u2013 der\u00fclt ki a <a href=\"https:\/\/telex.hu\/sport\/2026\/07\/15\/orban-viktor-video-francia-spanyol-izgul-dallas-izgul\" target=\"_blank\" rel=\"noreferrer noopener\">Telex<\/a> besz\u00e1mol\u00f3j\u00e1b\u00f3l.<\/p>\n\n\n\n<p class=\"wp-block-paragraph\">Orb\u00e1n Viktor dallasi szurkol\u00e1s\u00e1r\u00f3l v\u00e9letlen\u00fcl k\u00e9sz\u00fclt felv\u00e9tel, amelyet a <a target=\"_blank\" rel=\"noreferrer noopener\" href=\"https:\/\/www.reddit.com\/r\/hungary\/comments\/1uwukej\/orb%C3%A1n_viktort_ennyire_%C3%A9rdekli_a_demokr%C3%A1cia\/?share_id=4oxYu77YKrSiXvsYlaXaT&amp;utm_content=1&amp;utm_medium=ios_app&amp;utm_name=ioscss&amp;utm_source=share&amp;utm_term=1\">Reddit<\/a> felhaszn\u00e1l\u00f3i sz\u00fartak ki. A vide\u00f3n az l\u00e1that\u00f3, amint a p\u00e1rteln\u00f6k bosszankodva az \u00e9gbe emeli a kez\u00e9t, majd visszat\u00e9r a jellegzetes meccsn\u00e9z\u0151 p\u00f3z\u00e1ba, \u00e9s karba tett k\u00e9zzel, \u00e1llva figyeli tov\u00e1bb a j\u00e1t\u00e9kot.<\/p>\n\n\n\n<p class=\"wp-block-paragraph\">A jelenetet IShowSpeed, a n\u00e9pszer\u0171 influenszer k\u00f6zvet\u00edt\u00e9se r\u00f6gz\u00edtette, amelynek k\u00f6zvetlen vide\u00f3linkje al\u00e1bb \u00e9rhet\u0151 el:<\/p>\n\n\n\n<p class=\"wp-block-paragraph\">A felv\u00e9telen 3:06:59-t\u0151l hosszasan l\u00e1that\u00f3 az Orb\u00e1n csal\u00e1d t\u00f6bb tagja is. Orb\u00e1n G\u00e1sp\u00e1r piros sapk\u00e1ban, \u00e1llva k\u00f6veti az esem\u00e9nyeket, m\u00edg a volt korm\u00e1nyf\u0151 mellett l\u00e1nya, Orb\u00e1n S\u00e1ra, valamint veje, Szokira Tam\u00e1s is helyet kapott. A felv\u00e9tel alapj\u00e1n a csal\u00e1d a stadion VIP-r\u00e9szlege alatti sorokban \u00fclt.<\/p>\n\n\n\n<figure class=\"wp-block-embed is-type-video is-provider-youtube wp-block-embed-youtube wp-embed-aspect-16-9 wp-has-aspect-ratio\"><div class=\"wp-block-embed__wrapper\">\n<iframe loading=\"lazy\" title=\"irl stream France \ud83c\uddeb\ud83c\uddf7 Vs Spain \ud83c\uddea\ud83c\uddf8! Semifinals Full World Cup Match \u26bd\ufe0f\ud83c\udf0d\" width=\"500\" height=\"281\" src=\"https:\/\/www.youtube.com\/embed\/pvpR2LBevPk?start=11205&amp;feature=oembed\" frameborder=\"0\" allow=\"accelerometer; autoplay; clipboard-write; encrypted-media; gyroscope; picture-in-picture; web-share\" referrerpolicy=\"strict-origin-when-cross-origin\" allowfullscreen><\/iframe>\n<\/div><\/figure>\n\n\n\n<p class=\"wp-block-paragraph\">A Fidesz eln\u00f6ke a kor\u00e1bbi hagyom\u00e1nyokhoz h\u0171en id\u00e9n is a helysz\u00ednen tekinti meg a labdar\u00fag\u00f3-vil\u00e1gbajnoks\u00e1g d\u00f6nt\u0151j\u00e9t. Ahogyan azt kor\u00e1bban az <a href=\"https:\/\/index.hu\/sport\/futball\/2026\/vb\/2026\/07\/13\/orban-viktor-egyesult-allamok-vilagbajnoksag\/\" target=\"_blank\" rel=\"noreferrer noopener\">Index<\/a> meg\u00edrta, a politikus mindk\u00e9t el\u0151d\u00f6nt\u0151re rendelkezik jeggyel. Orb\u00e1n Viktor egy\u00e9bk\u00e9nt el\u0151zetesen francia gy\u0151zelmet tippelt a tal\u00e1lkoz\u00f3ra.<\/p>","protected":false},"excerpt":{"rendered":"<p>A Fidesz eln\u00f6ke a dallasi stadionban, csal\u00e1dtagjai t\u00e1rsas\u00e1g\u00e1ban n\u00e9zte v\u00e9gig a labdar\u00fag\u00f3-vil\u00e1gbajnoks\u00e1g els\u0151 el\u0151d\u00f6nt\u0151j\u00e9t. Orb\u00e1n Viktor szurkol\u00e1s\u00e1t az ismert influenszer, IShowSpeed \u00e9l\u0151 vide\u00f3s k\u00f6zvet\u00edt\u00e9se r\u00f6gz\u00edtette, amelyen a politikus mellett gyermekei \u00e9s veje is felt\u0171nnek. Spanyolorsz\u00e1g 2-0-ra nyerte meg a vil\u00e1gbajnoks\u00e1g els\u0151 el\u0151d\u00f6nt\u0151j\u00e9t a francia v\u00e1logatott ellen, a m\u00e9rk\u0151z\u00e9st pedig Magyarorsz\u00e1g kor\u00e1bbi minisztereln\u00f6ke is a helysz\u00ednr\u0151l\u2026<\/p>","protected":false},"author":2,"featured_media":4042,"comment_status":"open","ping_status":"open","sticky":false,"template":"","format":"standard","meta":{"_gspb_post_css":"","_zh_crosspost_remote_site":"","_zh_crosspost_remote_post_id":"","_zh_crosspost_last_sync_at":"","_zh_crosspost_last_sync_direction":"","footnotes":""},"categories":[31],"tags":[782,2233,2232,2231,293,1263],"class_list":["post-4038","post","type-post","status-publish","format-standard","has-post-thumbnail","hentry","category-belfold","tag-belpolitika","tag-dallas","tag-ishowspeed","tag-labdarugo-vilagbajnoksag","tag-orban-viktor","tag-sport"],"_links":{"self":[{"href":"https:\/\/zemino.hu\/ro\/wp-json\/wp\/v2\/posts\/4038","targetHints":{"allow":["GET"]}}],"collection":[{"href":"https:\/\/zemino.hu\/ro\/wp-json\/wp\/v2\/posts"}],"about":[{"href":"https:\/\/zemino.hu\/ro\/wp-json\/wp\/v2\/types\/post"}],"author":[{"embeddable":true,"href":"https:\/\/zemino.hu\/ro\/wp-json\/wp\/v2\/users\/2"}],"replies":[{"embeddable":true,"href":"https:\/\/zemino.hu\/ro\/wp-json\/wp\/v2\/comments?post=4038"}],"version-history":[{"count":1,"href":"https:\/\/zemino.hu\/ro\/wp-json\/wp\/v2\/posts\/4038\/revisions"}],"predecessor-version":[{"id":4043,"href":"https:\/\/zemino.hu\/ro\/wp-json\/wp\/v2\/posts\/4038\/revisions\/4043"}],"wp:featuredmedia":[{"embeddable":true,"href":"https:\/\/zemino.hu\/ro\/wp-json\/wp\/v2\/media\/4042"}],"wp:attachment":[{"href":"https:\/\/zemino.hu\/ro\/wp-json\/wp\/v2\/media?parent=4038"}],"wp:term":[{"taxonomy":"category","embeddable":true,"href":"https:\/\/zemino.hu\/ro\/wp-json\/wp\/v2\/categories?post=4038"},{"taxonomy":"post_tag","embeddable":true,"href":"https:\/\/zemino.hu\/ro\/wp-json\/wp\/v2\/tags?post=4038"}],"curies":[{"name":"wp","href":"https:\/\/api.w.org\/{rel}","templated":true}]}}