{"id":4039,"date":"2026-07-15T09:24:56","date_gmt":"2026-07-15T07:24:56","guid":{"rendered":"https:\/\/zemino.hu\/?p=4039"},"modified":"2026-07-15T09:25:09","modified_gmt":"2026-07-15T07:25:09","slug":"farkas-ors-hajdu-janos-aranykonvoj-vallomas","status":"publish","type":"post","link":"https:\/\/zemino.hu\/ro\/belfold\/2026\/07\/15\/farkas-ors-hajdu-janos-aranykonvoj-vallomas\/","title":{"rendered":"444: Hajdu J\u00e1nos a vallom\u00e1s\u00e1ban arr\u00f3l besz\u00e9lt, hogy Farkas \u00d6rs \u00e1llamtitk\u00e1rt\u00f3l \u00e9rtes\u00fclt az ukr\u00e1n p\u00e9nzsz\u00e1ll\u00edt\u00f3kr\u00f3l"},"content":{"rendered":"<p class=\"wp-block-paragraph\"><strong>A Terrorelh\u00e1r\u00edt\u00e1si K\u00f6zpont (TEK) \u00e9l\u00e9r\u0151l az\u00f3ta lev\u00e1ltott Hajdu J\u00e1nos \u00fcgy\u00e9szs\u00e9gi vallom\u00e1s\u00e1b\u00f3l kider\u00fcl, hogy Farkas \u00d6rs polg\u00e1ri nemzetbiztons\u00e1gi szolg\u00e1latokat fel\u00fcgyel\u0151 \u00e1llamtitk\u00e1r k\u00e9t nappal az ukr\u00e1n p\u00e9nzsz\u00e1ll\u00edt\u00f3k elleni akci\u00f3 el\u0151tt megbesz\u00e9l\u00e9sre h\u00edvta \u0151t. A jogellenes fogva tart\u00e1ssal gyan\u00fas\u00edtott egykori f\u0151igazgat\u00f3 vallom\u00e1s\u00e1ban Pint\u00e9r S\u00e1ndor akkori bel\u00fcgyminiszter enged\u00e9ly\u00e9r\u0151l \u00e9s a vitatott k\u00e9nyszerint\u00e9zked\u00e9sekr\u0151l is r\u00e9szletesen besz\u00e9lt.<\/strong><\/p>\n\n\n\n<p class=\"wp-block-paragraph\">A Nemzeti Ad\u00f3- \u00e9s V\u00e1mhivatal (NAV) nemr\u00e9g b\u0171ncselekm\u00e9ny hi\u00e1ny\u00e1ban felf\u00fcggesztette a p\u00e9nzmos\u00e1s gyan\u00faja miatt ind\u00edtott nyomoz\u00e1st az ukr\u00e1n p\u00e9nzsz\u00e1ll\u00edt\u00f3k \u00fcgy\u00e9ben. A hat\u00f3s\u00e1gok jelenleg azt vizsg\u00e1lj\u00e1k, hogy a NAV t\u00f6rv\u00e9nyesen j\u00e1rt-e el, emellett pedig folyamatban van a <a href=\"https:\/\/zemino.hu\/ro\/belfold\/2026\/06\/29\/hajdu-janos-tek-gyanusitas-jogellenes-fogvatartas-aranykonvoj\/\" target=\"_blank\" data-type=\"link\" data-id=\"https:\/\/zemino.hu\/belfold\/2026\/06\/29\/hajdu-janos-tek-gyanusitas-jogellenes-fogvatartas-aranykonvoj\/\" rel=\"noreferrer noopener\">Hajdu J\u00e1nos elleni elj\u00e1r\u00e1s<\/a> is, akit az ukr\u00e1nok jogellenes fogva tart\u00e1s\u00e1val gyan\u00fas\u00edtanak.<\/p>\n\n\n\n<p class=\"wp-block-paragraph\">Az elj\u00e1r\u00e1s sor\u00e1n a volt f\u0151igazgat\u00f3 \u00e1ltal j\u00fanius 29-\u00e9n tett t\u00f6bb\u00f3r\u00e1s vallom\u00e1st a <a target=\"_blank\" rel=\"noreferrer noopener\" href=\"https:\/\/444.hu\/2026\/07\/15\/ket-nappal-a-rajtautes-elott-felhivott-farkas-ors-igy-kezdodik-hajdu-janos-vallomasa-az-aranykonvojugyben\">444.hu<\/a> szerezte meg \u00e9s id\u00e9zte hosszan. Hajdu J\u00e1nos vallom\u00e1sa szerint m\u00e1rcius 3-\u00e1n, k\u00e9t nappal az ukr\u00e1nok elfog\u00e1sa el\u0151tt telefonon kereste meg \u0151t Farkas \u00d6rs \u00e1llamtitk\u00e1r, aki egy egyeztet\u00e9sre h\u00edvta. A tal\u00e1lkoz\u00f3n rajtuk k\u00edv\u00fcl m\u00e9g h\u00e1rom f\u00e9rfi vett r\u00e9szt, \u00e1m Hajdu \u00e1ll\u00edt\u00e1sa szerint sem az urak nev\u00e9re, sem az \u00e1ltaluk k\u00e9pviselt szervezetekre nem eml\u00e9kszik.<\/p>\n\n\n\n<p class=\"wp-block-paragraph\">Ezen a megbesz\u00e9l\u00e9sen az \u00e1llamtitk\u00e1r jelezte, hogy a titkosszolg\u00e1latok l\u00e1t\u00f3k\u00f6r\u00e9be ker\u00fclt egy Magyarorsz\u00e1gon \u00e1thalad\u00f3 ukr\u00e1n p\u00e9nzsz\u00e1ll\u00edt\u00f3 konvoj, \u00e9s feljelent\u00e9st fognak tenni a nem illeg\u00e1lis, de szab\u00e1lytalan p\u00e9nzsz\u00e1ll\u00edt\u00e1s miatt. Arra a k\u00e9rd\u00e9sre, hogy a terrorelh\u00e1r\u00edt\u00e1s mi\u00e9rt kapcsol\u00f3dott be az \u00fcgybe, Hajdu \u00fagy felelt, hogy egy v\u00e9lhet\u0151en l\u0151fegyverekkel rendelkez\u0151, 6\u20138 f\u0151s m\u0171veleti egys\u00e9gr\u0151l volt sz\u00f3, amelynek elfog\u00e1s\u00e1ra kiz\u00e1r\u00f3lag a TEK volt alkalmas.<\/p>\n\n\n\n<p class=\"wp-block-paragraph\">M\u00e1snap, m\u00e1rcius 4-\u00e9n \u00fajabb egyeztet\u00e9st tartottak Farkas \u00d6rs \u00e9s m\u00e1sok t\u00e1rsas\u00e1g\u00e1ban, ahol az \u00e1llamtitk\u00e1rt lesz\u00e1m\u00edtva minden jelenl\u00e9v\u0151 hat\u00f3s\u00e1gi \u00e9s titkosszolg\u00e1lati vezet\u0151 t\u00e1bornoki rang\u00fa volt. Hajdu szerint a r\u00e9sztvev\u0151k mind ismert\u00e9k az \u00fcgyet, \u00e9s operat\u00edv inform\u00e1ci\u00f3kkal rendelkeztek a konvoj mozg\u00e1s\u00e1r\u00f3l.<\/p>\n\n\n\n<h2 id=\"kesve-erkezo-hivatalos-papirok\" class=\"wp-block-heading\">K\u00e9sve \u00e9rkez\u0151 hivatalos pap\u00edrok<\/h2>\n\n\n\n<p class=\"wp-block-paragraph\">A hivatalos elj\u00e1r\u00e1s elind\u00edt\u00e1sa ugyanakkor jelent\u0151s cs\u00fasz\u00e1sban volt a h\u00e1tt\u00e9rben zajl\u00f3 szervez\u00e9shez k\u00e9pest. A Legf\u0151bb \u00dcgy\u00e9szs\u00e9g hat\u00e1rozata, amely a NAV-ot jel\u00f6lte ki az elj\u00e1r\u00e1sra, csak a rajta\u00fct\u00e9s napj\u00e1n, m\u00e1rcius 5-\u00e9n futott be a p\u00e9nz\u00fcgy\u0151r\u00f6kh\u00f6z, az Alkotm\u00e1nyv\u00e9delmi Hivatal vezet\u0151je ugyanis csak el\u0151z\u0151 nap tette meg a feljelent\u00e9st. A NAV hivatalos felk\u00e9r\u00e9se a TEK fel\u00e9 mind\u00f6ssze f\u00e9l \u00f3r\u00e1val az akci\u00f3 el\u0151tt \u00e9rkezett meg, amikor a kommand\u00f3sok m\u00e1r teljesen felk\u00e9sz\u00fcltek a bevet\u00e9sre. Ezen a napon r\u00e1ad\u00e1sul Orb\u00e1n Viktor minisztereln\u00f6k is a TEK b\u00e1zis\u00e1n tart\u00f3zkodott egy terrorellenes koordin\u00e1ci\u00f3s bizotts\u00e1gi \u00fcl\u00e9s miatt, de Hajdu \u00e1ll\u00edt\u00e1sa szerint ezen a tal\u00e1lkoz\u00f3n fel sem mer\u00fclt az aranykonvoj elleni akci\u00f3.<\/p>\n\n\n\n<p class=\"wp-block-paragraph\">Hajdu J\u00e1nos m\u00e1rcius 4-\u00e9n szem\u00e9lyesen egyeztetett Pint\u00e9r S\u00e1ndor akkori bel\u00fcgyminiszterrel is, akinek jelezte a tervezett akci\u00f3t, \u00e9s azt, hogy az elfogott szem\u00e9lyeket, a j\u00e1rm\u0171veket \u00e9s a sz\u00e1ll\u00edtm\u00e1nyt is a TEK-ben fogj\u00e1k \u0151rizni. Pint\u00e9r ehhez hozz\u00e1j\u00e1rult, konkr\u00e9t instrukci\u00f3kat adott, \u00e9s fokozott \u00f3vint\u00e9zked\u00e9sekre intette a kommand\u00f3sokat.<\/p>\n\n\n\n<h2 id=\"bilincs-kamzsa-es-a-hatarra-szallitas\" class=\"wp-block-heading\">Bilincs, k\u00e1mzsa \u00e9s a hat\u00e1rra sz\u00e1ll\u00edt\u00e1s<\/h2>\n\n\n\n<p class=\"wp-block-paragraph\">Az ukr\u00e1nok kihallgat\u00e1sa az elfog\u00e1s napj\u00e1n \u00e9jf\u00e9l el\u0151tt v\u00e9get \u00e9rt, majd ezt k\u00f6vet\u0151en idegenrend\u00e9szeti elj\u00e1r\u00e1s indult ellen\u00fck. M\u00e1snap reggel d\u00f6nt\u00e9s sz\u00fcletett a kiutas\u00edt\u00e1sukr\u00f3l, \u00edgy a TEK az ukr\u00e1n hat\u00e1rra sz\u00e1ll\u00edtotta \u0151ket, amit Hajdu lejelentett Pint\u00e9r S\u00e1ndornak. A volt f\u0151igazgat\u00f3 vallom\u00e1s\u00e1ban hangs\u00falyozta, kor\u00e1bban fel sem mer\u00fclt, hogy a NAV tan\u00fak\u00e9nt hallgassa ki az \u00e9rintetteket:<\/p>\n\n\n\n<blockquote class=\"wp-block-quote is-layout-flow wp-block-quote-is-layout-flow\">\n<p class=\"wp-block-paragraph\">A tan\u00fa sz\u00f3 sem hangzott el, hiszen ebben az esetben az elfog\u00e1snak sem lett volna helye. Tan\u00fakat nem fogunk el kommand\u00f3val.<\/p>\n<\/blockquote>\n\n\n\n<p class=\"wp-block-paragraph\">Hajdu elismerte, hogy az ukr\u00e1nok sokat vitatott bilincsel\u00e9s\u00e9t az elfog\u00e1s alatt \u00e9s az \u0151rz\u00e9s sor\u00e1n is fenntartott\u00e1k, valamint k\u00e1mzs\u00e1t h\u00faztak a fej\u00fckre, amelynek c\u00e9lja elmond\u00e1sa szerint kiz\u00e1r\u00f3lag a szem\u00fck eltakar\u00e1sa volt a szabad l\u00e9legzetv\u00e9tel biztos\u00edt\u00e1sa mellett.<\/p>\n\n\n\n<p class=\"wp-block-paragraph\">A <a href=\"https:\/\/telex.hu\/belfold\/2026\/06\/03\/aranykonvoj-ukrajna-nav-titkosszolgalat-orban-kormany-tek\" target=\"_blank\" rel=\"noreferrer noopener\">Telex<\/a> \u00edrt arr\u00f3l, hogy Orb\u00e1n Viktor d\u00f6nt\u00f6tt a p\u00e9nzsz\u00e1ll\u00edt\u00f3k elleni fell\u00e9p\u00e9sr\u0151l, az akci\u00f3 id\u0151pontja pedig k\u00f6zvetlen\u00fcl Farkas \u00d6rs \u00e1llamtitk\u00e1rs\u00e1g\u00e1t\u00f3l \u00e9rkezett, amit az Alkotm\u00e1nyv\u00e9delmi Hivatal is meger\u0151s\u00edtett a lapnak. B\u00e1r a 444.hu kor\u00e1bbi inform\u00e1ci\u00f3i szerint l\u00e9tezhetnek olyan tan\u00favallom\u00e1sok, amelyek alapj\u00e1n Hajdu a rajta\u00fct\u00e9s k\u00f6zben telefonon besz\u00e9lt a minisztereln\u00f6kkel, a volt f\u0151igazgat\u00f3 a kihallgat\u00e1s\u00e1n ezt nem eml\u00edtette, \u00e9s nem is k\u00e9rdeztek r\u00e1 n\u00e1la \u2012 \u00edrta meg a lap.<\/p>","protected":false},"excerpt":{"rendered":"<p>A Terrorelh\u00e1r\u00edt\u00e1si K\u00f6zpont (TEK) \u00e9l\u00e9r\u0151l az\u00f3ta lev\u00e1ltott Hajdu J\u00e1nos \u00fcgy\u00e9szs\u00e9gi vallom\u00e1s\u00e1b\u00f3l kider\u00fcl, hogy Farkas \u00d6rs polg\u00e1ri nemzetbiztons\u00e1gi szolg\u00e1latokat fel\u00fcgyel\u0151 \u00e1llamtitk\u00e1r k\u00e9t nappal az ukr\u00e1n p\u00e9nzsz\u00e1ll\u00edt\u00f3k elleni akci\u00f3 el\u0151tt megbesz\u00e9l\u00e9sre h\u00edvta \u0151t. A jogellenes fogva tart\u00e1ssal gyan\u00fas\u00edtott egykori f\u0151igazgat\u00f3 vallom\u00e1s\u00e1ban Pint\u00e9r S\u00e1ndor akkori bel\u00fcgyminiszter enged\u00e9ly\u00e9r\u0151l \u00e9s a vitatott k\u00e9nyszerint\u00e9zked\u00e9sekr\u0151l is r\u00e9szletesen besz\u00e9lt. A Nemzeti Ad\u00f3- \u00e9s\u2026<\/p>","protected":false},"author":2,"featured_media":3219,"comment_status":"open","ping_status":"open","sticky":false,"template":"","format":"standard","meta":{"_gspb_post_css":"","_zh_crosspost_remote_site":"zsaruhirek","_zh_crosspost_remote_post_id":"79219","_zh_crosspost_last_sync_at":"2026-07-15 09:22:36","_zh_crosspost_last_sync_direction":"zsaruhirek_to_zemino","_zh_crosspost_synced_images":"","footnotes":""},"categories":[31],"tags":[929,782,1555,1289,293,2230,592,323],"class_list":["post-4039","post","type-post","status-publish","format-standard","has-post-thumbnail","hentry","category-belfold","tag-aranykonvoj","tag-belpolitika","tag-farkas-ors","tag-hajdu-janos","tag-orban-viktor","tag-penzszallitok","tag-pinter-sandor","tag-terrorelharitasi-kozpont"],"_links":{"self":[{"href":"https:\/\/zemino.hu\/ro\/wp-json\/wp\/v2\/posts\/4039","targetHints":{"allow":["GET"]}}],"collection":[{"href":"https:\/\/zemino.hu\/ro\/wp-json\/wp\/v2\/posts"}],"about":[{"href":"https:\/\/zemino.hu\/ro\/wp-json\/wp\/v2\/types\/post"}],"author":[{"embeddable":true,"href":"https:\/\/zemino.hu\/ro\/wp-json\/wp\/v2\/users\/2"}],"replies":[{"embeddable":true,"href":"https:\/\/zemino.hu\/ro\/wp-json\/wp\/v2\/comments?post=4039"}],"version-history":[{"count":1,"href":"https:\/\/zemino.hu\/ro\/wp-json\/wp\/v2\/posts\/4039\/revisions"}],"predecessor-version":[{"id":4041,"href":"https:\/\/zemino.hu\/ro\/wp-json\/wp\/v2\/posts\/4039\/revisions\/4041"}],"wp:featuredmedia":[{"embeddable":true,"href":"https:\/\/zemino.hu\/ro\/wp-json\/wp\/v2\/media\/3219"}],"wp:attachment":[{"href":"https:\/\/zemino.hu\/ro\/wp-json\/wp\/v2\/media?parent=4039"}],"wp:term":[{"taxonomy":"category","embeddable":true,"href":"https:\/\/zemino.hu\/ro\/wp-json\/wp\/v2\/categories?post=4039"},{"taxonomy":"post_tag","embeddable":true,"href":"https:\/\/zemino.hu\/ro\/wp-json\/wp\/v2\/tags?post=4039"}],"curies":[{"name":"wp","href":"https:\/\/api.w.org\/{rel}","templated":true}]}}