{"id":4045,"date":"2026-07-15T10:21:04","date_gmt":"2026-07-15T08:21:04","guid":{"rendered":"https:\/\/zemino.hu\/?p=4045"},"modified":"2026-07-15T10:22:50","modified_gmt":"2026-07-15T08:22:50","slug":"levaltottak-a-nav-ket-vezetojet-aranykonvoj-ugy","status":"publish","type":"post","link":"https:\/\/zemino.hu\/ro\/belfold\/2026\/07\/15\/levaltottak-a-nav-ket-vezetojet-aranykonvoj-ugy\/","title":{"rendered":"Lev\u00e1ltott\u00e1k a NAV k\u00e9t vezet\u0151j\u00e9t az aranykonvoj-\u00fcgy bels\u0151 vizsg\u00e1lata ut\u00e1n"},"content":{"rendered":"<p class=\"wp-block-paragraph\"><strong>Visszavont\u00e1k a Nemzeti Ad\u00f3- \u00e9s V\u00e1mhivatal (NAV) k\u00e9t magas rang\u00fa b\u0171n\u00fcgyi vezet\u0151j\u00e9nek megb\u00edzat\u00e1s\u00e1t. Az int\u00e9zked\u00e9s h\u00e1tter\u00e9ben az a bels\u0151 vizsg\u00e1lat \u00e1llhat, amelyet az ukr\u00e1n p\u00e9nzsz\u00e1ll\u00edt\u00f3k feltart\u00f3ztat\u00e1s\u00e1val kapcsolatos akci\u00f3 miatt ind\u00edtottak.<\/strong><\/p>\n\n\n\n<p class=\"wp-block-paragraph\">K\u00e9t vezet\u0151j\u00e9nek megb\u00edzat\u00e1s\u00e1t is visszavonta a Nemzeti Ad\u00f3- \u00e9s V\u00e1mhivatal, miut\u00e1n vizsg\u00e1lat indult az ukr\u00e1n p\u00e9nzsz\u00e1ll\u00edt\u00f3k feltart\u00f3ztat\u00e1sa, az \u00fagynevezett aranykonvoj-\u00fcgy miatt. A <a target=\"_blank\" rel=\"noreferrer noopener\" href=\"https:\/\/hvg.hu\/360\/20260715_nav-levaltott-vezetok-aranykonvoj-vizsgalat-ebx\">hvg.hu<\/a> inform\u00e1ci\u00f3i szerint Szil\u00e1gyi Tam\u00e1sr\u00f3l, a NAV B\u0171n\u00fcgyi F\u0151igazgat\u00f3s\u00e1g\u00e1n dolgoz\u00f3 b\u0171n\u00fcgyi f\u0151igazgat\u00f3-helyettesr\u0151l \u00e9s a K\u00f6zponti Nyomoz\u00f3 F\u0151oszt\u00e1ly f\u0151oszt\u00e1lyvezet\u0151j\u00e9r\u0151l, T\u00f3th M\u00e1rkr\u00f3l van sz\u00f3. A port\u00e1l megkeres\u00e9s\u00e9re az \u00e9rintettek lev\u00e1lt\u00e1s\u00e1t a P\u00e9nz\u00fcgyminiszt\u00e9rium is meger\u0151s\u00edtette.<\/p>\n\n\n\n<p class=\"wp-block-paragraph\">A lap \u00e9rtes\u00fcl\u00e9sei szerint a k\u00e9t b\u0171n\u00fcgyi vezet\u0151t a bels\u0151 vizsg\u00e1lat eredm\u00e9nyek\u00e9nt v\u00e1lthatt\u00e1k le, mivel a NAV r\u00e9sz\u00e9r\u0151l \u0151k vettek r\u00e9szt a legmagasabb rangban az akci\u00f3 el\u0151k\u00e9sz\u00edt\u00e9s\u00e9ben. Szil\u00e1gyi Tam\u00e1s \u00e9s T\u00f3th M\u00e1rk a folyamat sor\u00e1n valamelyest ellen\u00e1lltak a r\u00e1juk nehezed\u0151 nyom\u00e1snak: nem min\u0151s\u00edtett\u00e9k b\u0171ncselekm\u00e9nynek az ukr\u00e1nok tev\u00e9kenys\u00e9g\u00e9t, \u00e9s a p\u00e9nzsz\u00e1ll\u00edt\u00f3kat kiz\u00e1r\u00f3lag tan\u00fak\u00e9nt voltak hajland\u00f3ak kihallgatni. <\/p>\n\n\n\n<p class=\"wp-block-paragraph\">Ennek ellen\u00e9re a bels\u0151 vizsg\u00e1lat t\u00f6bb olyan szakmai mulaszt\u00e1st is meg\u00e1llap\u00edtott n\u00e1luk, amelyet nem lehetett figyelmen k\u00edv\u00fcl hagyni. Ilyen hib\u00e1nak min\u0151s\u00fclt p\u00e9ld\u00e1ul az, hogy belementek a p\u00e9nzsz\u00e1ll\u00edt\u00f3k Terrorelh\u00e1r\u00edt\u00e1si K\u00f6zpontn\u00e1l (TEK) t\u00f6rt\u00e9n\u0151 el\u0151\u00e1ll\u00edt\u00e1s\u00e1ba, mik\u00f6zben az \u00fcgyben a NAV volt a kijel\u00f6lt nyomoz\u00f3szerv.<\/p>\n\n\n\n<p class=\"wp-block-paragraph\">A P\u00e9nz\u00fcgyminiszt\u00e9rium t\u00e1j\u00e9koztat\u00e1sa szerint a hat\u00e1lyos jogszab\u00e1lyok \u00e9rtelm\u00e9ben a megb\u00edz\u00e1s visszavon\u00e1s\u00e1t nem sz\u00fcks\u00e9ges indokolni. A t\u00e1rca ugyanakkor jelezte, hogy transzparens, szakmai alapon m\u0171k\u00f6d\u0151, politikai befoly\u00e1st\u00f3l \u00e9s korrupci\u00f3t\u00f3l mentes m\u0171k\u00f6d\u00e9st v\u00e1r el az ad\u00f3hat\u00f3s\u00e1gt\u00f3l.<\/p>\n\n\n\n<p class=\"wp-block-paragraph\">A megkeres\u00e9sre reag\u00e1lva a NAV k\u00f6z\u00f6lte, hogy mivel az egyes int\u00e9zked\u00e9sekn\u00e9l szab\u00e1lytalans\u00e1gok voltak meg\u00e1llap\u00edthat\u00f3k, az ad\u00f3hat\u00f3s\u00e1g egy \u00fajabb, teljes k\u00f6r\u0171 vizsg\u00e1latot rendelt el az \u00fcgyben. Az aranykonvoj elleni akci\u00f3 el\u0151k\u00e9sz\u00fcleteir\u0151l egy\u00e9bk\u00e9nt nemr\u00e9g \u00fajabb r\u00e9szletek l\u00e1ttak napvil\u00e1got: Hajdu J\u00e1nost, a TEK akkori f\u0151igazgat\u00f3j\u00e1t m\u00e1r k\u00e9t nappal a rajta\u00fct\u00e9s el\u0151tt <a href=\"https:\/\/zemino.hu\/ro\/belfold\/2026\/07\/15\/farkas-ors-hajdu-janos-aranykonvoj-vallomas\/\" data-type=\"link\" data-id=\"https:\/\/zemino.hu\/belfold\/2026\/07\/15\/farkas-ors-hajdu-janos-aranykonvoj-vallomas\/\">beh\u00edvt\u00e1k egyeztetni<\/a> az Inform\u00e1ci\u00f3s Hivatal \u00e9p\u00fclet\u00e9be.<\/p>\n\n\n\n<figure class=\"wp-block-embed is-type-wp-embed is-provider-zemino wp-block-embed-zemino\"><div class=\"wp-block-embed__wrapper\">\n<blockquote class=\"wp-embedded-content\" data-secret=\"UkrreBm1og\"><a href=\"https:\/\/zemino.hu\/ro\/belfold\/2026\/07\/15\/farkas-ors-hajdu-janos-aranykonvoj-vallomas\/\">444: Hajdu J\u00e1nos a vallom\u00e1s\u00e1ban arr\u00f3l besz\u00e9lt, hogy Farkas \u00d6rs \u00e1llamtitk\u00e1rt\u00f3l \u00e9rtes\u00fclt az ukr\u00e1n p\u00e9nzsz\u00e1ll\u00edt\u00f3kr\u00f3l<\/a><\/blockquote><iframe loading=\"lazy\" class=\"wp-embedded-content\" sandbox=\"allow-scripts\" security=\"restricted\" style=\"position: absolute; visibility: hidden;\" title=\"\u201c444: Hajdu J\u00e1nos a vallom\u00e1s\u00e1ban arr\u00f3l besz\u00e9lt, hogy Farkas \u00d6rs \u00e1llamtitk\u00e1rt\u00f3l \u00e9rtes\u00fclt az ukr\u00e1n p\u00e9nzsz\u00e1ll\u00edt\u00f3kr\u00f3l\u201d \u2014 Zemino\" src=\"https:\/\/zemino.hu\/belfold\/2026\/07\/15\/farkas-ors-hajdu-janos-aranykonvoj-vallomas\/embed\/#?secret=L4TPVdY0kV#?secret=UkrreBm1og\" data-secret=\"UkrreBm1og\" width=\"500\" height=\"282\" frameborder=\"0\" marginwidth=\"0\" marginheight=\"0\" scrolling=\"no\"><\/iframe>\n<\/div><\/figure>","protected":false},"excerpt":{"rendered":"<p>Visszavont\u00e1k a Nemzeti Ad\u00f3- \u00e9s V\u00e1mhivatal (NAV) k\u00e9t magas rang\u00fa b\u0171n\u00fcgyi vezet\u0151j\u00e9nek megb\u00edzat\u00e1s\u00e1t. Az int\u00e9zked\u00e9s h\u00e1tter\u00e9ben az a bels\u0151 vizsg\u00e1lat \u00e1llhat, amelyet az ukr\u00e1n p\u00e9nzsz\u00e1ll\u00edt\u00f3k feltart\u00f3ztat\u00e1s\u00e1val kapcsolatos akci\u00f3 miatt ind\u00edtottak. K\u00e9t vezet\u0151j\u00e9nek megb\u00edzat\u00e1s\u00e1t is visszavonta a Nemzeti Ad\u00f3- \u00e9s V\u00e1mhivatal, miut\u00e1n vizsg\u00e1lat indult az ukr\u00e1n p\u00e9nzsz\u00e1ll\u00edt\u00f3k feltart\u00f3ztat\u00e1sa, az \u00fagynevezett aranykonvoj-\u00fcgy miatt. A hvg.hu inform\u00e1ci\u00f3i szerint\u2026<\/p>","protected":false},"author":2,"featured_media":4046,"comment_status":"open","ping_status":"open","sticky":false,"template":"","format":"standard","meta":{"_gspb_post_css":"","_zh_crosspost_remote_site":"zsaruhirek","_zh_crosspost_remote_post_id":"79237","_zh_crosspost_last_sync_at":"2026-07-15 10:18:43","_zh_crosspost_last_sync_direction":"zsaruhirek_to_zemino","_zh_crosspost_synced_images":"","footnotes":""},"categories":[31],"tags":[929,158,1509,1235,2234,2235],"class_list":["post-4045","post","type-post","status-publish","format-standard","has-post-thumbnail","hentry","category-belfold","tag-aranykonvoj","tag-nav","tag-nemzeti-ado-es-vamhivatal","tag-penzugyminiszterium","tag-szilagyi-tamas","tag-toth-mark"],"_links":{"self":[{"href":"https:\/\/zemino.hu\/ro\/wp-json\/wp\/v2\/posts\/4045","targetHints":{"allow":["GET"]}}],"collection":[{"href":"https:\/\/zemino.hu\/ro\/wp-json\/wp\/v2\/posts"}],"about":[{"href":"https:\/\/zemino.hu\/ro\/wp-json\/wp\/v2\/types\/post"}],"author":[{"embeddable":true,"href":"https:\/\/zemino.hu\/ro\/wp-json\/wp\/v2\/users\/2"}],"replies":[{"embeddable":true,"href":"https:\/\/zemino.hu\/ro\/wp-json\/wp\/v2\/comments?post=4045"}],"version-history":[{"count":2,"href":"https:\/\/zemino.hu\/ro\/wp-json\/wp\/v2\/posts\/4045\/revisions"}],"predecessor-version":[{"id":4049,"href":"https:\/\/zemino.hu\/ro\/wp-json\/wp\/v2\/posts\/4045\/revisions\/4049"}],"wp:featuredmedia":[{"embeddable":true,"href":"https:\/\/zemino.hu\/ro\/wp-json\/wp\/v2\/media\/4046"}],"wp:attachment":[{"href":"https:\/\/zemino.hu\/ro\/wp-json\/wp\/v2\/media?parent=4045"}],"wp:term":[{"taxonomy":"category","embeddable":true,"href":"https:\/\/zemino.hu\/ro\/wp-json\/wp\/v2\/categories?post=4045"},{"taxonomy":"post_tag","embeddable":true,"href":"https:\/\/zemino.hu\/ro\/wp-json\/wp\/v2\/tags?post=4045"}],"curies":[{"name":"wp","href":"https:\/\/api.w.org\/{rel}","templated":true}]}}