{"id":4053,"date":"2026-07-15T11:29:43","date_gmt":"2026-07-15T09:29:43","guid":{"rendered":"https:\/\/zemino.hu\/?p=4053"},"modified":"2026-07-15T11:29:49","modified_gmt":"2026-07-15T09:29:49","slug":"tarr-zoltan-visszaszerzett-milliardok-orban-janos-denes","status":"publish","type":"post","link":"https:\/\/zemino.hu\/ro\/belfold\/2026\/07\/15\/tarr-zoltan-visszaszerzett-milliardok-orban-janos-denes\/","title":{"rendered":"Tarr Zolt\u00e1n: \u201eVisszaszerezt\u00fcnk 1,3 milli\u00e1rd forintot: ennyit fizettek volna Orb\u00e1n J\u00e1nos D\u00e9nes m\u0171vei\u00e9rt\u201d"},"content":{"rendered":"<p class=\"wp-block-paragraph\"><strong>A miniszt\u00e9riumi \u00e1tvil\u00e1g\u00edt\u00e1sok sor\u00e1n siker\u00fclt visszatartani \u00e9s teljes eg\u00e9sz\u00e9ben visszaszerezni azt az 1,3 milli\u00e1rd forintos \u00e1llami t\u00e1mogat\u00e1st, amelyet \u00faj operettek meg\u00edr\u00e1s\u00e1ra, ford\u00edt\u00e1s\u00e1ra, valamint k\u00fclf\u00f6ldi bemutat\u00f3ira fizettek volna ki a K\u00e1rp\u00e1t-medencei Tehets\u00e9ggondoz\u00f3 Nonprofit Kft.-nek (KMTG).<\/strong><\/p>\n\n\n\n<p class=\"wp-block-paragraph\">Tarr Zolt\u00e1n k\u00f6z\u00f6ss\u00e9gi oldal\u00e1n megosztott <a href=\"https:\/\/www.facebook.com\/tarrzoltan.tisza\/posts\/pfbid02etEaBweJ4mCosuc2AGeQWD3E4ChpXHj6yyyW7Wpt9QJs23GMcydgMV6UP2Sm7oPql?__tn__=%2CO*F\" target=\"_blank\" data-type=\"link\" data-id=\"https:\/\/www.facebook.com\/tarrzoltan.tisza\/posts\/pfbid02etEaBweJ4mCosuc2AGeQWD3E4ChpXHj6yyyW7Wpt9QJs23GMcydgMV6UP2Sm7oPql?__tn__=%2CO*F\" rel=\"noreferrer noopener\">bejegyz\u00e9s\u00e9ben<\/a> sz\u00e1molt be a sikeres p\u00e9nzvisszaszerz\u00e9sr\u0151l. Az elvileg tehets\u00e9ggondoz\u00e1ssal foglalkoz\u00f3 KMTG fel\u00fcgyelet\u00e9\u00e9rt is felel\u0151s miniszter jelezte, hogy a gigantikus, 1,3 milli\u00e1rd forintos t\u00e1mogat\u00e1si keretet eredetileg Hank\u00f3 Bal\u00e1zs miniszt\u00e9riuma \u00edt\u00e9lte meg a szervezetnek.<\/p>\n\n\n\n<blockquote class=\"wp-block-quote is-layout-flow wp-block-quote-is-layout-flow\">\n<p class=\"wp-block-paragraph\">\u201eMiniszt\u00e9riumunk felvette a kapcsolatot az \u00e9rintett \u00e1llami c\u00e9ggel, \u00e9s annak k\u00f6zrem\u0171k\u00f6d\u00e9s\u00e9vel a teljes 1,3 milli\u00e1rd forintnyi t\u00e1mogat\u00e1st vissza tudtuk szerezni. Tov\u00e1bbi vizsg\u00e1latokat folytatunk\u201d<\/p>\n<\/blockquote>\n\n\n\n<p class=\"wp-block-paragraph\">\u2013 \u00edrta a miniszter a k\u00f6z\u00f6ss\u00e9gi m\u00e9di\u00e1ban.<\/p>\n\n\n\n<p class=\"wp-block-paragraph\">A hazai kultur\u00e1lis \u00e9letben az elm\u00falt napokban komoly fesz\u00fclts\u00e9get gener\u00e1ltak a kor\u00e1bbi kifizet\u00e9sek: kider\u00fclt ugyanis, hogy az Operettsz\u00ednh\u00e1z 90 milli\u00f3 forintot, m\u00edg a KMTG tov\u00e1bbi 422 milli\u00f3 forintot fizetett ki Orb\u00e1n J\u00e1nos D\u00e9nesnek a librett\u00f3i\u00e9rt \u2012 \u00edrta meg a <a href=\"https:\/\/444.hu\/2026\/07\/15\/orban-janos-denes-tobb-kozpenzt-penzt-kapott-a-librettoiert-mint-az-osszes-budapesti-fuggetlen-szinhaz-egy-ev-alatt\" target=\"_blank\" rel=\"noopener\">444<\/a>. Az \u00fajonnan megtal\u00e1lt, 1,3 milli\u00e1rdos t\u00e1mogat\u00e1sra ezt k\u00f6vet\u0151en, a miniszt\u00e9riumban bukkantak r\u00e1.<\/p>\n\n\n\n<p class=\"wp-block-paragraph\">Amikor a nyilv\u00e1noss\u00e1g m\u00e9g csak a nagyj\u00e1b\u00f3l f\u00e9lmilli\u00e1rd forintos kifizet\u00e9sekr\u0151l tudott, a k\u00fcl\u00f6nb\u00f6z\u0151 szakmai szervezetek m\u00e1r akkor arra h\u00edvt\u00e1k fel a figyelmet, hogy ez a t\u00e1mogat\u00e1s nagyobb \u00f6sszeg, mint amennyit a teljes budapesti f\u00fcggetlen sz\u00ednh\u00e1zi szf\u00e9ra kap egy \u00e9v alatt, \u00e9s az \u00f6sszes magyar irodalmi szervezet egy\u00fcttes t\u00e1mogat\u00e1sa sem \u00e9ri el ezt a szintet.<\/p>\n\n\n\n<figure class=\"wp-block-embed is-type-rich is-provider-facebook wp-block-embed-facebook\"><div class=\"wp-block-embed__wrapper\">\n<div id=\"fb-root\"><\/div><script async=\"1\" defer=\"1\" crossorigin=\"anonymous\" src=\"https:\/\/connect.facebook.net\/hu_HU\/sdk.js#xfbml=1&amp;version=v26.0\"><\/script><div class=\"fb-post\" data-href=\"https:\/\/www.facebook.com\/tarrzoltan.tisza\/posts\/pfbid02etEaBweJ4mCosuc2AGeQWD3E4ChpXHj6yyyW7Wpt9QJs23GMcydgMV6UP2Sm7oPql?tn=%2CO%2AF\" data-width=\"500\"><\/div>\n<\/div><\/figure>\n\n\n\n<figure class=\"wp-block-embed is-type-wp-embed is-provider-zemino wp-block-embed-zemino\"><div class=\"wp-block-embed__wrapper\">\n<blockquote class=\"wp-embedded-content\" data-secret=\"iMhZi7y1to\"><a href=\"https:\/\/zemino.hu\/ro\/belfold\/2026\/07\/11\/fasy-adam-egyenes-beszed-nka-botrany-tamogatas\/\">F\u00e1sy \u00c1d\u00e1m az NKA-botr\u00e1nyr\u00f3l: Soha az \u00e9letben nem kaptam \u00e1llami t\u00e1mogat\u00e1st<\/a><\/blockquote><iframe loading=\"lazy\" class=\"wp-embedded-content\" sandbox=\"allow-scripts\" security=\"restricted\" style=\"position: absolute; visibility: hidden;\" title=\"\u201cF\u00e1sy \u00c1d\u00e1m az NKA-botr\u00e1nyr\u00f3l: Soha az \u00e9letben nem kaptam \u00e1llami t\u00e1mogat\u00e1st\u201d \u2014 Zemino\" src=\"https:\/\/zemino.hu\/belfold\/2026\/07\/11\/fasy-adam-egyenes-beszed-nka-botrany-tamogatas\/embed\/#?secret=3ru4sWZd3p#?secret=iMhZi7y1to\" data-secret=\"iMhZi7y1to\" width=\"500\" height=\"282\" frameborder=\"0\" marginwidth=\"0\" marginheight=\"0\" scrolling=\"no\"><\/iframe>\n<\/div><\/figure>","protected":false},"excerpt":{"rendered":"<p>A miniszt\u00e9riumi \u00e1tvil\u00e1g\u00edt\u00e1sok sor\u00e1n siker\u00fclt visszatartani \u00e9s teljes eg\u00e9sz\u00e9ben visszaszerezni azt az 1,3 milli\u00e1rd forintos \u00e1llami t\u00e1mogat\u00e1st, amelyet \u00faj operettek meg\u00edr\u00e1s\u00e1ra, ford\u00edt\u00e1s\u00e1ra, valamint k\u00fclf\u00f6ldi bemutat\u00f3ira fizettek volna ki a K\u00e1rp\u00e1t-medencei Tehets\u00e9ggondoz\u00f3 Nonprofit Kft.-nek (KMTG). Tarr Zolt\u00e1n k\u00f6z\u00f6ss\u00e9gi oldal\u00e1n megosztott bejegyz\u00e9s\u00e9ben sz\u00e1molt be a sikeres p\u00e9nzvisszaszerz\u00e9sr\u0151l. Az elvileg tehets\u00e9ggondoz\u00e1ssal foglalkoz\u00f3 KMTG fel\u00fcgyelet\u00e9\u00e9rt is felel\u0151s miniszter jelezte,\u2026<\/p>","protected":false},"author":2,"featured_media":4054,"comment_status":"open","ping_status":"open","sticky":false,"template":"","format":"standard","meta":{"_gspb_post_css":"","_zh_crosspost_remote_site":"zsaruhirek","_zh_crosspost_remote_post_id":"79270","_zh_crosspost_last_sync_at":"2026-07-15 11:28:49","_zh_crosspost_last_sync_direction":"zsaruhirek_to_zemino","_zh_crosspost_synced_images":"","footnotes":""},"categories":[31],"tags":[2237,1146,2238,2239,653,704],"class_list":["post-4053","post","type-post","status-publish","format-standard","has-post-thumbnail","hentry","category-belfold","tag-kmtg","tag-kozpenz","tag-operett","tag-orban-janos-denes","tag-tamogatas","tag-tarr-zoltan"],"_links":{"self":[{"href":"https:\/\/zemino.hu\/ro\/wp-json\/wp\/v2\/posts\/4053","targetHints":{"allow":["GET"]}}],"collection":[{"href":"https:\/\/zemino.hu\/ro\/wp-json\/wp\/v2\/posts"}],"about":[{"href":"https:\/\/zemino.hu\/ro\/wp-json\/wp\/v2\/types\/post"}],"author":[{"embeddable":true,"href":"https:\/\/zemino.hu\/ro\/wp-json\/wp\/v2\/users\/2"}],"replies":[{"embeddable":true,"href":"https:\/\/zemino.hu\/ro\/wp-json\/wp\/v2\/comments?post=4053"}],"version-history":[{"count":1,"href":"https:\/\/zemino.hu\/ro\/wp-json\/wp\/v2\/posts\/4053\/revisions"}],"predecessor-version":[{"id":4055,"href":"https:\/\/zemino.hu\/ro\/wp-json\/wp\/v2\/posts\/4053\/revisions\/4055"}],"wp:featuredmedia":[{"embeddable":true,"href":"https:\/\/zemino.hu\/ro\/wp-json\/wp\/v2\/media\/4054"}],"wp:attachment":[{"href":"https:\/\/zemino.hu\/ro\/wp-json\/wp\/v2\/media?parent=4053"}],"wp:term":[{"taxonomy":"category","embeddable":true,"href":"https:\/\/zemino.hu\/ro\/wp-json\/wp\/v2\/categories?post=4053"},{"taxonomy":"post_tag","embeddable":true,"href":"https:\/\/zemino.hu\/ro\/wp-json\/wp\/v2\/tags?post=4053"}],"curies":[{"name":"wp","href":"https:\/\/api.w.org\/{rel}","templated":true}]}}