{"id":4058,"date":"2026-07-15T13:09:26","date_gmt":"2026-07-15T11:09:26","guid":{"rendered":"https:\/\/zemino.hu\/?p=4058"},"modified":"2026-07-15T13:09:58","modified_gmt":"2026-07-15T11:09:58","slug":"tiszti-foorvos-figyelmeztetes-fereghajto-daganat-schobert","status":"publish","type":"post","link":"https:\/\/zemino.hu\/ro\/villogos\/2026\/07\/15\/tiszti-foorvos-figyelmeztetes-fereghajto-daganat-schobert\/","title":{"rendered":"Schobert Norbert kijelent\u00e9se ut\u00e1n szigor\u00fa figyelmeztet\u00e9st adott ki az Orsz\u00e1gos Tisztif\u0151orvos"},"content":{"rendered":"\n<p class=\"wp-block-paragraph\"><strong>Hat\u00e1rozott felh\u00edv\u00e1sban intette \u00f3vatoss\u00e1gra a daganatos betegeket az orsz\u00e1gos tiszti f\u0151orvos, miut\u00e1n a sajt\u00f3ban \u00e9s a k\u00f6z\u00f6ss\u00e9gi m\u00e9di\u00e1ban olyan nyilatkozatok terjedtek el, amelyek \u00e1llatgy\u00f3gy\u00e1szati f\u00e9reghajt\u00f3k hum\u00e1n r\u00e1kkezel\u00e9sben val\u00f3 alkalmaz\u00e1s\u00e1t n\u00e9pszer\u0171s\u00edtik. A hat\u00f3s\u00e1g hangs\u00falyozta, hogy ezek a szerek nem enged\u00e9lyezettek emberi fogyaszt\u00e1sra, semmilyen tudom\u00e1nyos bizony\u00edt\u00e9k nem t\u00e1masztja al\u00e1 a daganatellenes hat\u00e1sukat, alkalmaz\u00e1suk pedig k\u00f6zvetlen\u00fcl vesz\u00e9lyezteti a betegek \u00e9let\u00e9t.<\/strong><\/p>\n\n\n\n<p class=\"wp-block-paragraph\">A <a href=\"https:\/\/www.facebook.com\/nngyk.hivatalos\/posts\/pfbid0b13YKGHBCTrMMHF2fPDMDrTYg5Akjpz9DbuF6bciZt1SFEKCVmYBxg5D75kFXMMHl?__cft__[0]=AZbs8smk29Z9cNhlovQHm-RuETWbEqYX7E2U0fRvX5i7peN9IT6CqTX9qaBpHbuIEy_u1KrNSsAdHfeBur4cI8ap_AznfW0MNntnragA7WW8DxGy44iWJtgDwhm2D7dKGnDi9wIADJx_N2QTVWyVvaK0hyIWjon26Md-5tjBMv6Qr4VYkCEpujJqBcFLdNh320w&amp;__tn__=%2CO%2CP-R\" target=\"_blank\" rel=\"noopener\">Nemzeti N\u00e9peg\u00e9szs\u00e9g\u00fcgyi \u00e9s Gy\u00f3gyszer\u00e9szeti K\u00f6zpont<\/a> besz\u00e1mol\u00f3ja szerint az Orsz\u00e1gos Tisztif\u0151orvos azut\u00e1n l\u00e9pett k\u00f6zbe, hogy Schobert Norbert egy kor\u00e1bbi Blikknek adott <a href=\"https:\/\/www.blikk.hu\/eletmod\/egeszseg\/schobert-norbert-rubint-reka-kezeles-fereghajto\/986s06f\" target=\"_blank\" rel=\"noreferrer noopener\">interj\u00faban arr\u00f3l besz\u00e9lt<\/a>, hogy feles\u00e9ge, Rubint R\u00e9ka onkol\u00f3giai ter\u00e1pi\u00e1ja mellett \u00e1llatpatik\u00e1kban beszerezhet\u0151 f\u00e9reghajt\u00f3 k\u00e9sz\u00edtm\u00e9nyt is haszn\u00e1l, amely \u00e1ll\u00edt\u00e1sa szerint kedvez\u0151 hat\u00e1ssal van az \u00e1llapot\u00e1ra. Az orsz\u00e1gos tiszti f\u0151orvos nyomat\u00e9kos\u00edtotta, hogy az ivermectin- vagy fenbendazoltartalm\u00fa \u00e1llatgy\u00f3gy\u00e1szati k\u00e9sz\u00edtm\u00e9nyek hum\u00e1n alkalmaz\u00e1sa szigor\u00faan tilos, \u00e9s daganatellenes hat\u00e9konys\u00e1gukr\u00f3l nincsenek klinikai bizony\u00edt\u00e9kok.<\/p>\n\n\n\n<p class=\"wp-block-paragraph\">A hivatalos k\u00f6zlem\u00e9ny r\u00e1mutat, hogy a r\u00e1kbetegs\u00e9ggel k\u00fczd\u0151k rendk\u00edv\u00fcl kiszolg\u00e1ltatottak, \u00e9s \u00e9rthet\u0151 m\u00f3don nyitottak a gy\u00f3gyul\u00e1si lehet\u0151s\u00e9gekre, \u00e1m az eg\u00e9szs\u00e9g\u00fcgyi d\u00f6nt\u00e9seiket kiz\u00e1r\u00f3lag tudom\u00e1nyosan igazolt, hiteles forr\u00e1sokra szabad alapozniuk. Az \u00e1llati szerek haszn\u00e1lata nemcsak s\u00falyos eg\u00e9szs\u00e9g\u00fcgyi kock\u00e1zatokat rejt mag\u00e1ban, de ha emiatt elhalasztj\u00e1k vagy megszak\u00edtj\u00e1k a bizony\u00edtottan hat\u00e1sos orvosi kezel\u00e9seket, az drasztikusan rontja a betegek t\u00fal\u00e9l\u00e9si es\u00e9lyeit.<\/p>\n\n\n\n<blockquote class=\"wp-block-quote is-layout-flow wp-block-quote-is-layout-flow\">\n<p class=\"wp-block-paragraph\">\u201eA jelenleg rendelkez\u00e9sre \u00e1ll\u00f3 tudom\u00e1nyos bizony\u00edt\u00e9kok alapj\u00e1n nincs olyan klinikai vizsg\u00e1lati eredm\u00e9ny, amely igazoln\u00e1 az ivermectin vagy a fenbendazol biztons\u00e1gos \u00e9s hat\u00e9kony alkalmaz\u00e1s\u00e1t daganatos betegs\u00e9gek kezel\u00e9s\u00e9ben. Ezek a k\u00e9sz\u00edtm\u00e9nyek nem szerepelnek sem a hazai, sem a nemzetk\u00f6zi onkol\u00f3giai szakmai ir\u00e1nyelvek \u00e1ltal aj\u00e1nlott daganatellenes kezel\u00e9sek k\u00f6z\u00f6tt\u201d<\/p>\n<\/blockquote>\n\n\n\n<p class=\"wp-block-paragraph\"><strong>\u2013 emelte ki az Orsz\u00e1gos Tisztif\u0151orvos, hozz\u00e1t\u00e9ve, hogy az interneten vagy k\u00f6z\u00f6ss\u00e9gi m\u00e9di\u00e1ban kering\u0151 egyedi sikert\u00f6rt\u00e9netek nem helyettes\u00edtik a klinikai vizsg\u00e1latokat.<\/strong><\/p>\n\n\n\n<p class=\"wp-block-paragraph\">A hat\u00f3s\u00e1g arra k\u00e9r minden daganatos beteget \u00e9s hozz\u00e1tartoz\u00f3t, hogy b\u00e1rmilyen \u00faj k\u00e9sz\u00edtm\u00e9ny vagy alternat\u00edv ter\u00e1pia kipr\u00f3b\u00e1l\u00e1sa el\u0151tt felt\u00e9tlen\u00fcl konzult\u00e1ljanak a kezel\u0151orvossal, aki pontosan ismeri a beteg \u00e1llapot\u00e1t. <\/p>\n\n\n\n<h2 id=\"a-kozeleti-szereplok-felelossege\" class=\"wp-block-heading\">A k\u00f6z\u00e9leti szerepl\u0151k felel\u0151ss\u00e9ge<\/h2>\n\n\n\n<blockquote class=\"wp-block-quote is-layout-flow wp-block-quote-is-layout-flow\">\n<p class=\"wp-block-paragraph\">\u201eAz Orsz\u00e1gos Tisztif\u0151orvos egy\u00fattal arra is felh\u00edvja a m\u00e9dia, a k\u00f6z\u00e9leti szerepl\u0151k \u00e9s az online tartalomk\u00e9sz\u00edt\u0151k figyelm\u00e9t, hogy eg\u00e9szs\u00e9g\u00fcgyi t\u00e9m\u00e1kban k\u00fcl\u00f6n\u00f6s felel\u0151ss\u00e9ggel j\u00e1rjanak el. A sz\u00e9les nyilv\u00e1noss\u00e1ghoz eljut\u00f3, tudom\u00e1nyosan nem megalapozott \u00e1ll\u00edt\u00e1sok befoly\u00e1solhatj\u00e1k a betegek d\u00f6nt\u00e9seit, megalapozatlan rem\u00e9nyt kelthetnek, \u00e9s vesz\u00e9lyeztethetik a biztons\u00e1gos betegell\u00e1t\u00e1st.\u201d<\/p>\n<\/blockquote>\n\n\n\n<p class=\"wp-block-paragraph\">A daganatos betegek biztons\u00e1ga k\u00f6z\u00f6s felel\u0151ss\u00e9g\u00fcnk \u2012 tette hozz\u00e1.<\/p>\n\n\n\n<figure class=\"wp-block-embed is-type-rich is-provider-facebook wp-block-embed-facebook\"><div class=\"wp-block-embed__wrapper\">\n<div id=\"fb-root\"><\/div><script async=\"1\" defer=\"1\" crossorigin=\"anonymous\" src=\"https:\/\/connect.facebook.net\/hu_HU\/sdk.js#xfbml=1&amp;version=v26.0\"><\/script><div class=\"fb-post\" data-href=\"https:\/\/www.facebook.com\/nngyk.hivatalos\/posts\/pfbid0b13YKGHBCTrMMHF2fPDMDrTYg5Akjpz9DbuF6bciZt1SFEKCVmYBxg5D75kFXMMHl?cft%5B0%5D=AZY5Rxeu3VL6XI8kC_XhCzq1OIsDX31fAfYHyvIFibFt54bHkxKuGtf6T8R6FRpwRmzIcGo-knPKfNK6DnlCTB1zehcxD2ygEKk28Jrnv2MDqFdrpo28wOkJKXWa7ywc2dxqtCyf_98V9Fq1DBkALx74GjHsVYV4Vd3ptPycxx1Mc9HcIwWwrr5E2o7xlAykEJou0026tn%3D%2CO%2CP-R\" data-width=\"500\"><\/div>\n<\/div><\/figure>\n\n\n\n<p class=\"wp-block-paragraph\"><\/p>\n","protected":false},"excerpt":{"rendered":"<p>Hat\u00e1rozott felh\u00edv\u00e1sban intette \u00f3vatoss\u00e1gra a daganatos betegeket az orsz\u00e1gos tiszti f\u0151orvos, miut\u00e1n a sajt\u00f3ban \u00e9s a k\u00f6z\u00f6ss\u00e9gi m\u00e9di\u00e1ban olyan nyilatkozatok terjedtek el, amelyek \u00e1llatgy\u00f3gy\u00e1szati f\u00e9reghajt\u00f3k hum\u00e1n r\u00e1kkezel\u00e9sben val\u00f3 alkalmaz\u00e1s\u00e1t n\u00e9pszer\u0171s\u00edtik. A hat\u00f3s\u00e1g hangs\u00falyozta, hogy ezek a szerek nem enged\u00e9lyezettek emberi fogyaszt\u00e1sra, semmilyen tudom\u00e1nyos bizony\u00edt\u00e9k nem t\u00e1masztja al\u00e1 a daganatellenes hat\u00e1sukat, alkalmaz\u00e1suk pedig k\u00f6zvetlen\u00fcl vesz\u00e9lyezteti a\u2026<\/p>","protected":false},"author":2,"featured_media":4059,"comment_status":"open","ping_status":"open","sticky":false,"template":"","format":"standard","meta":{"_gspb_post_css":"","_zh_crosspost_remote_site":"zsaruhirek","_zh_crosspost_remote_post_id":"79290","_zh_crosspost_last_sync_at":"2026-07-15 13:08:56","_zh_crosspost_last_sync_direction":"zsaruhirek_to_zemino","_zh_crosspost_synced_images":"","footnotes":""},"categories":[325],"tags":[1741,2240,2241,2242,2243,2244,148],"class_list":["post-4058","post","type-post","status-publish","format-standard","has-post-thumbnail","hentry","category-villogos","tag-daganatos-betegseg","tag-fenbendazol","tag-fereghajto","tag-ivermectin","tag-orszagos-tisztifoorvos","tag-rubint-reka","tag-schobert-norbert"],"_links":{"self":[{"href":"https:\/\/zemino.hu\/ro\/wp-json\/wp\/v2\/posts\/4058","targetHints":{"allow":["GET"]}}],"collection":[{"href":"https:\/\/zemino.hu\/ro\/wp-json\/wp\/v2\/posts"}],"about":[{"href":"https:\/\/zemino.hu\/ro\/wp-json\/wp\/v2\/types\/post"}],"author":[{"embeddable":true,"href":"https:\/\/zemino.hu\/ro\/wp-json\/wp\/v2\/users\/2"}],"replies":[{"embeddable":true,"href":"https:\/\/zemino.hu\/ro\/wp-json\/wp\/v2\/comments?post=4058"}],"version-history":[{"count":1,"href":"https:\/\/zemino.hu\/ro\/wp-json\/wp\/v2\/posts\/4058\/revisions"}],"predecessor-version":[{"id":4060,"href":"https:\/\/zemino.hu\/ro\/wp-json\/wp\/v2\/posts\/4058\/revisions\/4060"}],"wp:featuredmedia":[{"embeddable":true,"href":"https:\/\/zemino.hu\/ro\/wp-json\/wp\/v2\/media\/4059"}],"wp:attachment":[{"href":"https:\/\/zemino.hu\/ro\/wp-json\/wp\/v2\/media?parent=4058"}],"wp:term":[{"taxonomy":"category","embeddable":true,"href":"https:\/\/zemino.hu\/ro\/wp-json\/wp\/v2\/categories?post=4058"},{"taxonomy":"post_tag","embeddable":true,"href":"https:\/\/zemino.hu\/ro\/wp-json\/wp\/v2\/tags?post=4058"}],"curies":[{"name":"wp","href":"https:\/\/api.w.org\/{rel}","templated":true}]}}