{"id":4062,"date":"2026-07-15T14:19:36","date_gmt":"2026-07-15T12:19:36","guid":{"rendered":"https:\/\/zemino.hu\/?p=4062"},"modified":"2026-07-15T14:19:52","modified_gmt":"2026-07-15T12:19:52","slug":"lemond-szijjarto-peter-a-kinai-byd-nal-folytatja-karrierjet","status":"publish","type":"post","link":"https:\/\/zemino.hu\/ro\/belfold\/2026\/07\/15\/lemond-szijjarto-peter-a-kinai-byd-nal-folytatja-karrierjet\/","title":{"rendered":"Lemond Szijj\u00e1rt\u00f3 P\u00e9ter: a k\u00ednai BYD-n\u00e1l folytatja karrierj\u00e9t"},"content":{"rendered":"\n<p class=\"wp-block-paragraph\"><strong>Hivatalosan is lemond orsz\u00e1ggy\u0171l\u00e9si k\u00e9pvisel\u0151i mand\u00e1tum\u00e1r\u00f3l Szijj\u00e1rt\u00f3 P\u00e9ter, miut\u00e1n nemzetk\u00f6zi vezet\u0151i poz\u00edci\u00f3t kapott az elektromosaut\u00f3-gy\u00e1rt\u00f3 BYD v\u00e1llalatn\u00e1l. A politikus szerd\u00e1t\u00f3l a glob\u00e1lis c\u00e9gcsoport k\u00fcls\u0151 kapcsolatai\u00e9rt, valamint az \u00faj \u00fczlet\u00e1gak fejleszt\u00e9s\u00e9\u00e9rt felel\u0151s vezet\u0151k\u00e9nt dolgozik tov\u00e1bb. D\u00f6nt\u00e9s\u00e9vel v\u00e9glegess\u00e9 v\u00e1lt, hogy befejezi t\u00f6bb \u00e9vtizedes parlamenti munk\u00e1j\u00e1t.<\/strong><\/p>\n\n\n\n<p class=\"wp-block-paragraph\">A volt t\u00e1rcavezet\u0151 a <a href=\"https:\/\/www.facebook.com\/szijjarto.peter.official\/posts\/pfbid02MhoTUoSbcqFfdjXP8uv8FBDuL1q54VpY3dvDivNgpngBTzBMTA6Bdv1NrWiY5jMTl?__cft__[0]=AZYpSCIU51_jCCdaMphE6upGa0BW-ec878Tv29PrwhGMoXq9rFS36TfhoNOQjWC6nAHtjQ-AWzjkWkNcWLGRqMPebdMh46fRku7EDfoA1G2OENx21ZXR3O43dTKZQ89kRx4jNAGwleBW-R035T66kfzrtzYjMBHQozORbnCJ7_DUrg&amp;__tn__=%2CO%2CP-R\" target=\"_blank\" data-type=\"link\" data-id=\"https:\/\/www.facebook.com\/szijjarto.peter.official\/posts\/pfbid02MhoTUoSbcqFfdjXP8uv8FBDuL1q54VpY3dvDivNgpngBTzBMTA6Bdv1NrWiY5jMTl?__cft__[0]=AZYpSCIU51_jCCdaMphE6upGa0BW-ec878Tv29PrwhGMoXq9rFS36TfhoNOQjWC6nAHtjQ-AWzjkWkNcWLGRqMPebdMh46fRku7EDfoA1G2OENx21ZXR3O43dTKZQ89kRx4jNAGwleBW-R035T66kfzrtzYjMBHQozORbnCJ7_DUrg&amp;__tn__=%2CO%2CP-R\" rel=\"noreferrer noopener\">k\u00f6z\u00f6ss\u00e9gi m\u00e9di\u00e1ban<\/a> jelentette be t\u00e1voz\u00e1s\u00e1t az Orsz\u00e1ggy\u0171l\u00e9sb\u0151l. Elmond\u00e1sa alapj\u00e1n egy rendk\u00edv\u00fcl megtisztel\u0151 aj\u00e1nlatot fogadott el a vil\u00e1ggazdas\u00e1g egyik meghat\u00e1roz\u00f3, \u00faj energi\u00e1j\u00fa j\u00e1rm\u0171veket gy\u00e1rt\u00f3 v\u00e1llalat\u00e1t\u00f3l.<\/p>\n\n\n\n<blockquote class=\"wp-block-quote is-layout-flow wp-block-quote-is-layout-flow\">\n<p class=\"wp-block-paragraph\">\u201eBeny\u00fajtottam a parlamenti mand\u00e1tumomr\u00f3l sz\u00f3l\u00f3 lemond\u00e1somat. Ennek oka, hogy rendk\u00edv\u00fcl megtisztel\u0151 aj\u00e1nlatot kaptam a vil\u00e1ggazdas\u00e1g egyik meghat\u00e1roz\u00f3 v\u00e1llalat\u00e1t\u00f3l egy nemzetk\u00f6zi poz\u00edci\u00f3 bet\u00f6lt\u00e9s\u00e9re. A BYD az elm\u00falt h\u00fasz \u00e9v egyik legnagyobb aut\u00f3ipari sikert\u00f6rt\u00e9nete \u00e9s egyben az \u00faj energi\u00e1j\u00fa j\u00e1rm\u0171vek vil\u00e1gels\u0151 gy\u00e1rt\u00f3ja is.\u201d<\/p>\n<\/blockquote>\n\n\n\n<p class=\"wp-block-paragraph\">\u2013 \u00edrta Szijj\u00e1rt\u00f3 P\u00e9ter a bejegyz\u00e9s\u00e9ben.<\/p>\n\n\n\n<p class=\"wp-block-paragraph\">A politikus 2002 \u00f3ta volt orsz\u00e1ggy\u0171l\u00e9si k\u00e9pvisel\u0151, majd 2010-t\u0151l Orb\u00e1n Viktor minisztereln\u00f6k szem\u00e9lyes sz\u00f3viv\u0151jek\u00e9nt, 2012-t\u0151l pedig k\u00fcl\u00fcgyi \u00e9s k\u00fclgazdas\u00e1gi \u00e1llamtitk\u00e1rk\u00e9nt tev\u00e9kenykedett. K\u00fclgazdas\u00e1gi \u00e9s k\u00fcl\u00fcgyminiszterr\u00e9 2014-ben nevezt\u00e9k ki, ezt a tiszts\u00e9get eg\u00e9szen 2026-ig t\u00f6lt\u00f6tte be. Miniszteri munk\u00e1ss\u00e1ga alatt, 2021 december\u00e9ben az Oroszorsz\u00e1ggal val\u00f3 k\u00e9toldal\u00fa kapcsolatok fejleszt\u00e9s\u00e9\u00e9rt megkapta a Bar\u00e1ts\u00e1g\u00e9rt \u00e9rdemrendet Szergej Lavrov orosz k\u00fcl\u00fcgyminisztert\u0151l Moszkv\u00e1ban.<\/p>\n\n\n\n<p class=\"wp-block-paragraph\">Az <a href=\"https:\/\/index.hu\/belfold\/2026\/07\/15\/szijjarto-peter-lemondas-orszaggyules-mandatum\/\" target=\"_blank\" rel=\"noreferrer noopener\">Index.hu<\/a> besz\u00e1mol\u00f3ja szerint Szijj\u00e1rt\u00f3 kulcsszerepet j\u00e1tszott a BYD magyarorsz\u00e1gi, szegedi \u00f3ri\u00e1sberuh\u00e1z\u00e1s\u00e1nak el\u0151k\u00e9sz\u00edt\u00e9s\u00e9ben is, amelyr\u0151l m\u00e9g 2024 febru\u00e1rj\u00e1ban \u00fagy nyilatkozott, hogy \u00e1ltala haz\u00e1nk dikt\u00e1lni fogja a glob\u00e1lis technol\u00f3giai forradalom temp\u00f3j\u00e1t. A k\u00ednai aut\u00f3gy\u00e1rt\u00f3 Szegeden \u00e9p\u00edtette fel eur\u00f3pai gy\u00e1r\u00e1t, \u00e9s a r\u00e9gi\u00f3ban els\u0151k\u00e9nt Magyarorsz\u00e1gon nyitott m\u00e1rkakeresked\u00e9st.<\/p>\n\n\n\n<p class=\"wp-block-paragraph\">A politikus a 2026-os orsz\u00e1ggy\u0171l\u00e9si v\u00e1laszt\u00e1son nem indult egy\u00e9ni v\u00e1laszt\u00f3ker\u00fcletben, de az orsz\u00e1gos list\u00e1r\u00f3l k\u00e9pvisel\u0151i mand\u00e1tumot szerzett. Miut\u00e1n a v\u00e1laszt\u00e1sokon a Tisza P\u00e1rt k\u00e9tharmados gy\u0151zelmet aratott, Szijj\u00e1rt\u00f3 P\u00e9ter 12 \u00e9v ut\u00e1n t\u00e1vozott a K\u00fclgazdas\u00e1gi \u00e9s K\u00fcl\u00fcgyminiszt\u00e9rium \u00e9l\u00e9r\u0151l, most pedig a parlamenti k\u00e9pvisel\u0151s\u00e9gnek is v\u00e9get vet a multinacion\u00e1lis v\u00e1llalati karrier kedv\u00e9\u00e9rt.<\/p>\n\n\n\n<p class=\"wp-block-paragraph\"><\/p>\n","protected":false},"excerpt":{"rendered":"<p>Hivatalosan is lemond orsz\u00e1ggy\u0171l\u00e9si k\u00e9pvisel\u0151i mand\u00e1tum\u00e1r\u00f3l Szijj\u00e1rt\u00f3 P\u00e9ter, miut\u00e1n nemzetk\u00f6zi vezet\u0151i poz\u00edci\u00f3t kapott az elektromosaut\u00f3-gy\u00e1rt\u00f3 BYD v\u00e1llalatn\u00e1l. A politikus szerd\u00e1t\u00f3l a glob\u00e1lis c\u00e9gcsoport k\u00fcls\u0151 kapcsolatai\u00e9rt, valamint az \u00faj \u00fczlet\u00e1gak fejleszt\u00e9s\u00e9\u00e9rt felel\u0151s vezet\u0151k\u00e9nt dolgozik tov\u00e1bb. D\u00f6nt\u00e9s\u00e9vel v\u00e9glegess\u00e9 v\u00e1lt, hogy befejezi t\u00f6bb \u00e9vtizedes parlamenti munk\u00e1j\u00e1t. A volt t\u00e1rcavezet\u0151 a k\u00f6z\u00f6ss\u00e9gi m\u00e9di\u00e1ban jelentette be t\u00e1voz\u00e1s\u00e1t az Orsz\u00e1ggy\u0171l\u00e9sb\u0151l. Elmond\u00e1sa\u2026<\/p>","protected":false},"author":2,"featured_media":4063,"comment_status":"open","ping_status":"open","sticky":false,"template":"","format":"standard","meta":{"_gspb_post_css":"","_zh_crosspost_remote_site":"","_zh_crosspost_remote_post_id":"","_zh_crosspost_last_sync_at":"","_zh_crosspost_last_sync_direction":"","footnotes":""},"categories":[31],"tags":[569,732,373,2245,855],"class_list":["post-4062","post","type-post","status-publish","format-standard","has-post-thumbnail","hentry","category-belfold","tag-byd","tag-kulugyminiszter","tag-lemondas","tag-mandatum","tag-szijjarto-peter"],"_links":{"self":[{"href":"https:\/\/zemino.hu\/ro\/wp-json\/wp\/v2\/posts\/4062","targetHints":{"allow":["GET"]}}],"collection":[{"href":"https:\/\/zemino.hu\/ro\/wp-json\/wp\/v2\/posts"}],"about":[{"href":"https:\/\/zemino.hu\/ro\/wp-json\/wp\/v2\/types\/post"}],"author":[{"embeddable":true,"href":"https:\/\/zemino.hu\/ro\/wp-json\/wp\/v2\/users\/2"}],"replies":[{"embeddable":true,"href":"https:\/\/zemino.hu\/ro\/wp-json\/wp\/v2\/comments?post=4062"}],"version-history":[{"count":1,"href":"https:\/\/zemino.hu\/ro\/wp-json\/wp\/v2\/posts\/4062\/revisions"}],"predecessor-version":[{"id":4064,"href":"https:\/\/zemino.hu\/ro\/wp-json\/wp\/v2\/posts\/4062\/revisions\/4064"}],"wp:featuredmedia":[{"embeddable":true,"href":"https:\/\/zemino.hu\/ro\/wp-json\/wp\/v2\/media\/4063"}],"wp:attachment":[{"href":"https:\/\/zemino.hu\/ro\/wp-json\/wp\/v2\/media?parent=4062"}],"wp:term":[{"taxonomy":"category","embeddable":true,"href":"https:\/\/zemino.hu\/ro\/wp-json\/wp\/v2\/categories?post=4062"},{"taxonomy":"post_tag","embeddable":true,"href":"https:\/\/zemino.hu\/ro\/wp-json\/wp\/v2\/tags?post=4062"}],"curies":[{"name":"wp","href":"https:\/\/api.w.org\/{rel}","templated":true}]}}