{"id":4065,"date":"2026-07-15T14:47:38","date_gmt":"2026-07-15T12:47:38","guid":{"rendered":"https:\/\/zemino.hu\/?p=4065"},"modified":"2026-07-15T14:47:46","modified_gmt":"2026-07-15T12:47:46","slug":"pocs-janos-sajtotajekoztato-zsolti-bacsi-ugyved","status":"publish","type":"post","link":"https:\/\/zemino.hu\/ro\/belfold\/2026\/07\/15\/pocs-janos-sajtotajekoztato-zsolti-bacsi-ugyved\/","title":{"rendered":"B\u0171ncselekm\u00e9nyre val\u00f3 felbujt\u00e1ssal v\u00e1dolja P\u00f3cs J\u00e1nos a Zsolti b\u00e1csi \u00fcgy tan\u00faj\u00e1nak \u00fcgyv\u00e9dj\u00e9t"},"content":{"rendered":"<p class=\"wp-block-paragraph\"><strong>Sajt\u00f3t\u00e1j\u00e9koztat\u00f3n v\u00e1dolta meg bizony\u00edt\u00e9kok n\u00e9lk\u00fcl a Fidesz k\u00e9t orsz\u00e1ggy\u0171l\u00e9si k\u00e9pvisel\u0151je a Kontroll h\u00edrport\u00e1lt \u00e9s Bang\u00f3 S\u00e1ndor \u00fcgyv\u00e9dj\u00e9t azzal, hogy hamis tan\u00faz\u00e1sra vett\u00e9k r\u00e1 a fiatal f\u00e9rfit a \u201eZsolti b\u00e1csi\u201d n\u00e9ven elh\u00edres\u00fclt \u00fcgyben. A politikusok szerint a jog\u00e1sznak \u00e9s Magyar M\u00e1rtonnak is magyar\u00e1zattal kell szolg\u00e1lnia a t\u00f6rt\u00e9ntekre. A v\u00e1dakat az \u00e9rintettek kor\u00e1bban hat\u00e1rozottan visszautas\u00edtott\u00e1k.<\/strong><\/p>\n\n\n\n<p class=\"wp-block-paragraph\">Szerd\u00e1n tartott k\u00f6z\u00f6s sajt\u00f3t\u00e1j\u00e9koztat\u00f3t Panyi Mikl\u00f3s \u00e9s P\u00f3cs J\u00e1nos, az ellenz\u00e9ki Fidesz orsz\u00e1ggy\u0171l\u00e9si k\u00e9pvisel\u0151i. A politikusok az \u00fcgyv\u00e9d belv\u00e1rosi irod\u00e1j\u00e1nak \u00e9p\u00fclete el\u0151tt besz\u00e9ltek, \u00e9s k\u00f6vetelt\u00e9k Magyar M\u00e1rton, valamint Bang\u00f3 S\u00e1ndor jogi k\u00e9pvisel\u0151je, Litresits Andr\u00e1s szerep\u00e9nek tiszt\u00e1z\u00e1s\u00e1t.<\/p>\n\n\n\n<p class=\"wp-block-paragraph\">Panyi Mikl\u00f3s \u201ekamunak\u201d \u00e9s az elm\u00falt 36 \u00e9v egyik \u201elegaljasabb politikai akci\u00f3j\u00e1nak\u201d nevezte az \u00fcgyet, \u00e9s hangs\u00falyozta, hogy a k\u00e9t \u00e9rintettnek megvan a lehet\u0151s\u00e9ge tiszt\u00e1zni a szerep\u00e9t a nyilv\u00e1noss\u00e1g el\u0151tt, \u00e9s ha ezt nem teszik meg, \u201eaz is el\u00e1rul r\u00f3luk valamit\u201d. A k\u00e9pvisel\u0151 kifejtette, hogy Litresits Andr\u00e1s \u00fcgyv\u00e9dk\u00e9nt 2025 \u0151sze \u00f3ta \u00e1llt Bang\u00f3 S\u00e1ndor mellett, \u00e9s szerinte jelent\u0151s szerepe volt abban, hogy a v\u00e9denc\u00e9t \u00f6sszek\u00f6ss\u00e9k Magyar M\u00e1rtonnal \u00e9s az \u00e1ltala alap\u00edtott Kontrollal. Panyi \u00fagy fogalmazott, hogy ha az \u00fcgyv\u00e9dnek tudom\u00e1sa volt arr\u00f3l, hogy Bang\u00f3nak p\u00e9nzt \u00edg\u00e9rtek a hamis v\u00e1dak\u00e9rt, az b\u0171ncselekm\u00e9nynek min\u0151s\u00fcl.<\/p>\n\n\n\n<p class=\"wp-block-paragraph\">P\u00f3cs J\u00e1nos a r\u00e9szleteket felid\u00e9zve kijelentette, hogy Litresitsnek sz\u00e1mos fontos k\u00e9rd\u00e9st kell tiszt\u00e1znia az \u00fcgy\u00e9szs\u00e9gen, amelyek\u00e9rt \u201eminden bizonnyal a jogi felel\u0151ss\u00e9get v\u00e1llalni kell\u201d. A politikus elmondta, hogy m\u00e1r t\u00f6bb feljelent\u00e9st is tett a hat\u00f3s\u00e1gn\u00e1l az \u00fcggyel kapcsolatban. Kor\u00e1bban azzal v\u00e1dolta meg a minisztereln\u00f6k testv\u00e9r\u00e9t, a Kontroll alap\u00edt\u00f3jak\u00e9nt dolgoz\u00f3 Magyar M\u00e1rtont, hogy lefizette a Sz\u0151l\u0151 utcai \u00fcgy \u201ekoronatan\u00faj\u00e1t\u201d, Bang\u00f3 S\u00e1ndort. Magyar M\u00e1rton kor\u00e1bban visszautas\u00edtotta a v\u00e1dakat, \u00e9s maga Bang\u00f3 S\u00e1ndor is tagadta, hogy p\u00e9nzt kapott volna a port\u00e1lnak adott interj\u00faj\u00e1\u00e9rt. Bang\u00f3 a kor\u00e1bbi interj\u00faj\u00e1ban besz\u00e9lt egy \u201eZsolti b\u00e1csi\u201d nev\u0171 politikusr\u00f3l, aki \u00e1ll\u00edt\u00e1sa szerint szexu\u00e1lis b\u0171ncselekm\u00e9nyeket k\u00f6vetett el a Sz\u0151l\u0151 utcai int\u00e9zetben nevelt fiatalokkal szemben.<\/p>\n\n\n\n<p class=\"wp-block-paragraph\">Az <a href=\"https:\/\/index.hu\/belfold\/2026\/07\/15\/pocs-janos-zsolti-bacsi-sajtotajekoztato-panyi-miklos-ugyved-bango-sandor\/?token=4d4debdb362f289722e932cb3a198889\" target=\"_blank\" rel=\"noreferrer noopener\">Index.hu<\/a> besz\u00e1mol\u00f3ja szerint, a sajt\u00f3t\u00e1j\u00e9koztat\u00f3n \u00fajs\u00e1g\u00edr\u00f3i k\u00e9rd\u00e9sre a mobiltelefonok parlamenti \u00fcl\u00e9sr\u0151l val\u00f3 esetleges kitilt\u00e1sa is sz\u00f3ba ker\u00fclt. P\u00f3cs J\u00e1nos ezzel kapcsolatban arra eml\u00e9keztetett, hogy a jelenlegi minisztereln\u00f6k, Magyar P\u00e9ter kor\u00e1bban nagyobb demokr\u00e1ci\u00e1t \u00edg\u00e9rt, ehhez k\u00e9pest a Fidesz-korm\u00e1nyz\u00e1s alatt soha nem voltak kitiltva a telefonok az \u00fcl\u00e9steremb\u0151l. Felid\u00e9zte, hogy kor\u00e1bban az ellenz\u00e9ki k\u00e9pvisel\u0151k k\u00f6zvetlen k\u00f6zelr\u0151l vide\u00f3zhatt\u00e1k Orb\u00e1n Viktor akkori minisztereln\u00f6k\u00f6t is.<\/p>\n\n\n\n<blockquote class=\"wp-block-quote is-layout-flow wp-block-quote-is-layout-flow\">\n<p class=\"wp-block-paragraph\">\u201eSoha senkinek nem jutott volna esz\u00e9be kitiltani a telefont, vagy a parlamenti k\u00e9pvisel\u0151ket \u00f3vod\u00e1s szintre k\u00e9nyszer\u00edteni, hogy hagyj\u00e1k a folyos\u00f3n a telefonjukat\u201d<\/p>\n<\/blockquote>\n\n\n\n<p class=\"wp-block-paragraph\">\u2013 fogalmazott P\u00f3cs J\u00e1nos, hozz\u00e1t\u00e9ve, hogy ez az int\u00e9zked\u00e9s vil\u00e1gosan megmutatja a jelenlegi minisztereln\u00f6k \u201edemokr\u00e1ciat\u0171r\u0151 k\u00e9pess\u00e9g\u00e9t\u201d.<\/p>\n\n\n\n<figure class=\"wp-block-embed\"><div class=\"wp-block-embed__wrapper\">\nhttps:\/\/www.facebook.com\/watch\/live\/?ref=watch_permalink&#038;v=2197058837754096&#038;rdid=iUCH7MrGxrZT8BIZ\n<\/div><\/figure>\n\n\n\n<figure class=\"wp-block-embed is-type-wp-embed is-provider-zemino wp-block-embed-zemino\"><div class=\"wp-block-embed__wrapper\">\n<blockquote class=\"wp-embedded-content\" data-secret=\"gZN8xaks6e\"><a href=\"https:\/\/zemino.hu\/ro\/kozelet\/2026\/07\/15\/pocs-janos-koztarsasagi-elnok-szatirikus-video-magyar-peter\/\">\u201eSoha nem hagylak el t\u00e9ged\u201d \u2013 szatirikus vide\u00f3ban jelentkezett be a k\u00f6zt\u00e1rsas\u00e1gi eln\u00f6ki posztra P\u00f3cs J\u00e1nos<\/a><\/blockquote><iframe loading=\"lazy\" class=\"wp-embedded-content\" sandbox=\"allow-scripts\" security=\"restricted\" style=\"position: absolute; visibility: hidden;\" title=\"\u201c\u201eSoha nem hagylak el t\u00e9ged\u201d \u2013 szatirikus vide\u00f3ban jelentkezett be a k\u00f6zt\u00e1rsas\u00e1gi eln\u00f6ki posztra P\u00f3cs J\u00e1nos\u201d \u2014 Zemino\" src=\"https:\/\/zemino.hu\/kozelet\/2026\/07\/15\/pocs-janos-koztarsasagi-elnok-szatirikus-video-magyar-peter\/embed\/#?secret=hVmXncpqZ7#?secret=gZN8xaks6e\" data-secret=\"gZN8xaks6e\" width=\"500\" height=\"282\" frameborder=\"0\" marginwidth=\"0\" marginheight=\"0\" scrolling=\"no\"><\/iframe>\n<\/div><\/figure>","protected":false},"excerpt":{"rendered":"<p>Sajt\u00f3t\u00e1j\u00e9koztat\u00f3n v\u00e1dolta meg bizony\u00edt\u00e9kok n\u00e9lk\u00fcl a Fidesz k\u00e9t orsz\u00e1ggy\u0171l\u00e9si k\u00e9pvisel\u0151je a Kontroll h\u00edrport\u00e1lt \u00e9s Bang\u00f3 S\u00e1ndor \u00fcgyv\u00e9dj\u00e9t azzal, hogy hamis tan\u00faz\u00e1sra vett\u00e9k r\u00e1 a fiatal f\u00e9rfit a \u201eZsolti b\u00e1csi\u201d n\u00e9ven elh\u00edres\u00fclt \u00fcgyben. A politikusok szerint a jog\u00e1sznak \u00e9s Magyar M\u00e1rtonnak is magyar\u00e1zattal kell szolg\u00e1lnia a t\u00f6rt\u00e9ntekre. A v\u00e1dakat az \u00e9rintettek kor\u00e1bban hat\u00e1rozottan visszautas\u00edtott\u00e1k. Szerd\u00e1n tartott\u2026<\/p>","protected":false},"author":2,"featured_media":4066,"comment_status":"open","ping_status":"open","sticky":false,"template":"","format":"standard","meta":{"_gspb_post_css":"","_zh_crosspost_remote_site":"","_zh_crosspost_remote_post_id":"","_zh_crosspost_last_sync_at":"","_zh_crosspost_last_sync_direction":"","_zh_crosspost_synced_images":"","footnotes":""},"categories":[31],"tags":[2248,515,2247,1342,1708,1339,2246],"class_list":["post-4065","post","type-post","status-publish","format-standard","has-post-thumbnail","hentry","category-belfold","tag-bango-sandor","tag-fidesz","tag-litresits-andras","tag-magyar-marton","tag-panyi-miklos","tag-pocs-janos","tag-zsolti-bacsi"],"_links":{"self":[{"href":"https:\/\/zemino.hu\/ro\/wp-json\/wp\/v2\/posts\/4065","targetHints":{"allow":["GET"]}}],"collection":[{"href":"https:\/\/zemino.hu\/ro\/wp-json\/wp\/v2\/posts"}],"about":[{"href":"https:\/\/zemino.hu\/ro\/wp-json\/wp\/v2\/types\/post"}],"author":[{"embeddable":true,"href":"https:\/\/zemino.hu\/ro\/wp-json\/wp\/v2\/users\/2"}],"replies":[{"embeddable":true,"href":"https:\/\/zemino.hu\/ro\/wp-json\/wp\/v2\/comments?post=4065"}],"version-history":[{"count":1,"href":"https:\/\/zemino.hu\/ro\/wp-json\/wp\/v2\/posts\/4065\/revisions"}],"predecessor-version":[{"id":4067,"href":"https:\/\/zemino.hu\/ro\/wp-json\/wp\/v2\/posts\/4065\/revisions\/4067"}],"wp:featuredmedia":[{"embeddable":true,"href":"https:\/\/zemino.hu\/ro\/wp-json\/wp\/v2\/media\/4066"}],"wp:attachment":[{"href":"https:\/\/zemino.hu\/ro\/wp-json\/wp\/v2\/media?parent=4065"}],"wp:term":[{"taxonomy":"category","embeddable":true,"href":"https:\/\/zemino.hu\/ro\/wp-json\/wp\/v2\/categories?post=4065"},{"taxonomy":"post_tag","embeddable":true,"href":"https:\/\/zemino.hu\/ro\/wp-json\/wp\/v2\/tags?post=4065"}],"curies":[{"name":"wp","href":"https:\/\/api.w.org\/{rel}","templated":true}]}}