{"id":4081,"date":"2026-07-15T16:23:19","date_gmt":"2026-07-15T14:23:19","guid":{"rendered":"https:\/\/zemino.hu\/?p=4081"},"modified":"2026-07-15T16:23:27","modified_gmt":"2026-07-15T14:23:27","slug":"deutsch-tamas-tisza-part-unios-forrasok-alkotmanyos-puccs","status":"publish","type":"post","link":"https:\/\/zemino.hu\/ro\/kozelet\/2026\/07\/15\/deutsch-tamas-tisza-part-unios-forrasok-alkotmanyos-puccs\/","title":{"rendered":"Deutsch Tam\u00e1s: Magyar P\u00e9ter \u00e9s a Tisza-korm\u00e1ny \u00e9ppen alkotm\u00e1nyos puccsot k\u00f6vet el. Ezt nem fogjuk sz\u00f3 n\u00e9lk\u00fcl hagyni!"},"content":{"rendered":"\n<p class=\"wp-block-paragraph\"><strong>A Fidesz\u2013KDNP eur\u00f3pai parlamenti k\u00e9pvisel\u0151je a k\u00f6z\u00f6ss\u00e9gi oldal\u00e1n \u00e9lesen b\u00edr\u00e1lta Magyar P\u00e9tert \u00e9s a Tisza P\u00e1rt eur\u00f3pai parlamenti k\u00e9pvisel\u0151it. Deutsch Tam\u00e1s \u00e1ll\u00edt\u00e1sa szerint a tisz\u00e1s politikusok az elm\u00falt k\u00e9t \u00e9vben mindent megtettek az\u00e9rt, hogy Magyarorsz\u00e1g ne juthasson hozz\u00e1 a jogosan j\u00e1r\u00f3 uni\u00f3s forr\u00e1sokhoz, a jelenlegi korm\u00e1nyt pedig alkotm\u00e1nyos puccsal v\u00e1dolja.<\/strong><\/p>\n\n\n\n<p class=\"wp-block-paragraph\">Facebook-oldal\u00e1n megjelent <a href=\"https:\/\/www.facebook.com\/dajcstomi\/posts\/pfbid0BLP9qw1tXGPRbB3P59xkz8dhpKmMAzNTBXZxRxwfTdgxHjo5zkBz2Gby4cuQBuugl?__cft__[0]=AZaVsemCnQoO5ou6hktvpejnh6cMypvw8zE0-sWR_AjHhiPi3qiyJhav7GQPhcDIZRScgzB401fv5kgI-OoUc6G-fZf0emOSwH2d_2l9fSTYR7CJeyzqIRnOE5GkWFb7MAyxWWhnNbFjl4SvT_Ye-OgNOXswNDqdWxHtvZUP770h7fdheBrWOkoJNQYYGbGW3G0&amp;__tn__=%2CO%2CP-R\" data-type=\"link\" data-id=\"https:\/\/www.facebook.com\/dajcstomi\/posts\/pfbid0BLP9qw1tXGPRbB3P59xkz8dhpKmMAzNTBXZxRxwfTdgxHjo5zkBz2Gby4cuQBuugl?__cft__[0]=AZaVsemCnQoO5ou6hktvpejnh6cMypvw8zE0-sWR_AjHhiPi3qiyJhav7GQPhcDIZRScgzB401fv5kgI-OoUc6G-fZf0emOSwH2d_2l9fSTYR7CJeyzqIRnOE5GkWFb7MAyxWWhnNbFjl4SvT_Ye-OgNOXswNDqdWxHtvZUP770h7fdheBrWOkoJNQYYGbGW3G0&amp;__tn__=%2CO%2CP-R\" target=\"_blank\" rel=\"noreferrer noopener\">bejegyz\u00e9sben<\/a> a Deutsch kifejtette, hogy a Tisza P\u00e1rt EP-k\u00e9pvisel\u0151i a kor\u00e1bbi DK-s \u00e9s momentumos k\u00e9pvisel\u0151kh\u00f6z hasonl\u00f3an j\u00e1rtak el az uni\u00f3s p\u00e9nzek \u00fcgy\u00e9ben. Szerinte r\u00e1ad\u00e1sul ebb\u0151l nem is csin\u00e1ltak titkot, \u00e9s p\u00e9ldak\u00e9nt Koll\u00e1r King\u00e1t eml\u00edtette, aki szerinte az Eur\u00f3pai Parlamentben kijelentette, hogy a forr\u00e1sok visszatart\u00e1sa j\u00f3, mert a magyar \u00e1llampolg\u00e1rok roml\u00f3 \u00e9letmin\u0151s\u00e9ge az ellenz\u00e9ket er\u0151s\u00edtette.<\/p>\n\n\n\n<p class=\"wp-block-paragraph\">A politikus hangs\u00falyozta, hogy a Fidesz\u2013KDNP eur\u00f3pai parlamenti k\u00e9pvisel\u0151i a v\u00e1laszt\u00e1sokat megel\u0151z\u0151en \u00e9s azt k\u00f6vet\u0151en is hossz\u00fa \u00e9vek \u00f3ta az\u00e9rt dolgoztak, hogy megsz\u0171nj\u00f6n az uni\u00f3s forr\u00e1sok politikai okokb\u00f3l t\u00f6rt\u00e9n\u0151 visszatart\u00e1sa. Deutsch Tam\u00e1s k\u00f6zl\u00e9se szerint a v\u00e1laszt\u00e1sok ut\u00e1n a Fidesz EP-k\u00e9pvisel\u0151i hivatalosan kezdem\u00e9nyezt\u00e9k a Magyarorsz\u00e1ggal szembeni, a forr\u00e1sok befagyaszt\u00e1s\u00e1nak alapj\u00e1ul szolg\u00e1l\u00f3 7. cikk szerinti elj\u00e1r\u00e1s azonnali hat\u00e1ly\u00fa megsz\u00fcntet\u00e9s\u00e9t. A politikus felh\u00edvta Magyar P\u00e9ter figyelm\u00e9t arra, hogy ezt a kezdem\u00e9nyez\u00e9st \u00e9ppen a Tisza P\u00e1rt br\u00fcsszeli p\u00e1rtcsal\u00e1dja, az Eur\u00f3pai N\u00e9pp\u00e1rt akad\u00e1lyozta meg.<\/p>\n\n\n\n<p class=\"wp-block-paragraph\">A bejegyz\u00e9s v\u00e9g\u00e9n s\u00falyos v\u00e1dakat fogalmazott meg a jelenlegi kabinettel szemben. \u00c1ll\u00edt\u00e1sa szerint Magyar P\u00e9ter \u00e9s a Tisza-korm\u00e1ny \u00e9ppen alkotm\u00e1nyos puccsot k\u00f6vet el Magyarorsz\u00e1gon, valamint p\u00e9ld\u00e1tlanul durva t\u00e1mad\u00e1st int\u00e9z a demokr\u00e1cia ellen, amit a Fidesz\u2013KDNP nem fog sz\u00f3 n\u00e9lk\u00fcl hagyni. A politikus hozz\u00e1tette, hogy a korm\u00e1nyf\u0151 \u00e9s t\u00e1rsai p\u00e9ld\u00e1tlan m\u00f3don rombolj\u00e1k a jog\u00e1llamot, \u00e9s ennek a felel\u0151ss\u00e9g\u00e9t egyed\u00fcl nekik kell viselni\u00fck.<\/p>\n\n\n\n<figure class=\"wp-block-embed is-type-rich is-provider-facebook wp-block-embed-facebook\"><div class=\"wp-block-embed__wrapper\">\n<div id=\"fb-root\"><\/div><script async=\"1\" defer=\"1\" crossorigin=\"anonymous\" src=\"https:\/\/connect.facebook.net\/hu_HU\/sdk.js#xfbml=1&amp;version=v26.0\"><\/script><div class=\"fb-post\" data-href=\"https:\/\/www.facebook.com\/dajcstomi\/posts\/pfbid0BLP9qw1tXGPRbB3P59xkz8dhpKmMAzNTBXZxRxwfTdgxHjo5zkBz2Gby4cuQBuugl?cft%5B0%5D=AZaVsemCnQoO5ou6hktvpejnh6cMypvw8zE0-sWR_AjHhiPi3qiyJhav7GQPhcDIZRScgzB401fv5kgI-OoUc6G-fZf0emOSwH2d_2l9fSTYR7CJeyzqIRnOE5GkWFb7MAyxWWhnNbFjl4SvT_Ye-OgNOXswNDqdWxHtvZUP770h7fdheBrWOkoJNQYYGbGW3G0&amp;tn=%2CO%2CP-R\" data-width=\"500\"><\/div>\n<\/div><\/figure>\n","protected":false},"excerpt":{"rendered":"<p>A Fidesz\u2013KDNP eur\u00f3pai parlamenti k\u00e9pvisel\u0151je a k\u00f6z\u00f6ss\u00e9gi oldal\u00e1n \u00e9lesen b\u00edr\u00e1lta Magyar P\u00e9tert \u00e9s a Tisza P\u00e1rt eur\u00f3pai parlamenti k\u00e9pvisel\u0151it. Deutsch Tam\u00e1s \u00e1ll\u00edt\u00e1sa szerint a tisz\u00e1s politikusok az elm\u00falt k\u00e9t \u00e9vben mindent megtettek az\u00e9rt, hogy Magyarorsz\u00e1g ne juthasson hozz\u00e1 a jogosan j\u00e1r\u00f3 uni\u00f3s forr\u00e1sokhoz, a jelenlegi korm\u00e1nyt pedig alkotm\u00e1nyos puccsal v\u00e1dolja. Facebook-oldal\u00e1n megjelent bejegyz\u00e9sben a Deutsch\u2026<\/p>","protected":false},"author":2,"featured_media":4082,"comment_status":"open","ping_status":"open","sticky":false,"template":"","format":"standard","meta":{"_gspb_post_css":"","_zh_crosspost_remote_site":"","_zh_crosspost_remote_post_id":"","_zh_crosspost_last_sync_at":"","_zh_crosspost_last_sync_direction":"","_zh_crosspost_synced_images":"","footnotes":""},"categories":[326],"tags":[2254,1802,2253,733,515,250,248,950],"class_list":["post-4081","post","type-post","status-publish","format-standard","has-post-thumbnail","hentry","category-kozelet","tag-alkotmanyos-puccs","tag-deutsch-tamas","tag-europai-parlament","tag-facebook","tag-fidesz","tag-magyar-peter","tag-tisza-part","tag-unios-forrasok"],"_links":{"self":[{"href":"https:\/\/zemino.hu\/ro\/wp-json\/wp\/v2\/posts\/4081","targetHints":{"allow":["GET"]}}],"collection":[{"href":"https:\/\/zemino.hu\/ro\/wp-json\/wp\/v2\/posts"}],"about":[{"href":"https:\/\/zemino.hu\/ro\/wp-json\/wp\/v2\/types\/post"}],"author":[{"embeddable":true,"href":"https:\/\/zemino.hu\/ro\/wp-json\/wp\/v2\/users\/2"}],"replies":[{"embeddable":true,"href":"https:\/\/zemino.hu\/ro\/wp-json\/wp\/v2\/comments?post=4081"}],"version-history":[{"count":1,"href":"https:\/\/zemino.hu\/ro\/wp-json\/wp\/v2\/posts\/4081\/revisions"}],"predecessor-version":[{"id":4083,"href":"https:\/\/zemino.hu\/ro\/wp-json\/wp\/v2\/posts\/4081\/revisions\/4083"}],"wp:featuredmedia":[{"embeddable":true,"href":"https:\/\/zemino.hu\/ro\/wp-json\/wp\/v2\/media\/4082"}],"wp:attachment":[{"href":"https:\/\/zemino.hu\/ro\/wp-json\/wp\/v2\/media?parent=4081"}],"wp:term":[{"taxonomy":"category","embeddable":true,"href":"https:\/\/zemino.hu\/ro\/wp-json\/wp\/v2\/categories?post=4081"},{"taxonomy":"post_tag","embeddable":true,"href":"https:\/\/zemino.hu\/ro\/wp-json\/wp\/v2\/tags?post=4081"}],"curies":[{"name":"wp","href":"https:\/\/api.w.org\/{rel}","templated":true}]}}