{"id":4086,"date":"2026-07-15T18:38:45","date_gmt":"2026-07-15T16:38:45","guid":{"rendered":"https:\/\/zemino.hu\/?p=4086"},"modified":"2026-07-15T18:38:50","modified_gmt":"2026-07-15T16:38:50","slug":"rendeszeti-vezetoket-cserelt-le-posfai-gabor","status":"publish","type":"post","link":"https:\/\/zemino.hu\/ro\/belfold\/2026\/07\/15\/rendeszeti-vezetoket-cserelt-le-posfai-gabor\/","title":{"rendered":"P\u00f3sfai G\u00e1bor bel\u00fcgyminiszter rend\u00e9szeti vezet\u0151ket cser\u00e9lt le"},"content":{"rendered":"<p class=\"wp-block-paragraph\"><strong>P\u00f3sfai G\u00e1bor bel\u00fcgyminiszter t\u00f6bb rend\u00e9szeti vezet\u0151 felment\u00e9s\u00e9r\u0151l, kinevez\u00e9s\u00e9r\u0151l \u00e9s megb\u00edz\u00e1s\u00e1r\u00f3l hozott d\u00f6nt\u00e9st. Az \u00e9rintett tiszts\u00e9gek k\u00f6z\u00f6tt szerepel a budapesti rend\u0151rf\u0151kapit\u00e1nyi poszt, t\u00f6bb v\u00e1rmegyei rend\u0151r-f\u0151kapit\u00e1nys\u00e1g vezet\u00e9se, valamint a Nemzeti Inform\u00e1ci\u00f3s K\u00f6zpont f\u0151igazgat\u00f3i sz\u00e9ke is.<\/strong><\/p>\n\n\n\n<p class=\"wp-block-paragraph\">Szerd\u00e1n juttatta el k\u00f6zlem\u00e9ny\u00e9t a Bel\u00fcgyminiszt\u00e9rium az MTI-hez, amelyben r\u00e9szletesen ismertett\u00e9k a P\u00f3sfai G\u00e1bor bel\u00fcgyminiszter \u00e1ltal meghozott szem\u00e9lyi d\u00f6nt\u00e9seket \u00e9s az \u00faj ut\u00f3dok kinevez\u00e9s\u00e9t. A v\u00e1ltoz\u00e1sok egy r\u00e9sze m\u00e1r j\u00falius 14-\u00e9n hat\u00e1lyba l\u00e9pett, m\u00edg a t\u00f6bbi felment\u00e9s \u00e9s kinevez\u00e9s j\u00falius 15-\u00e9n, illetve 16-\u00e1n v\u00e1lik \u00e9rv\u00e9nyess\u00e9.<\/p>\n\n\n\n<h2 id=\"atszervezesek-a-fovarosban-es-az-orszagos-kozpontokban\" class=\"wp-block-heading\">\u00c1tszervez\u00e9sek a f\u0151v\u00e1rosban \u00e9s az orsz\u00e1gos k\u00f6zpontokban<\/h2>\n\n\n\n<p class=\"wp-block-paragraph\">A d\u00f6nt\u00e9sek \u00e9rtelm\u00e9ben a Nemzeti Inform\u00e1ci\u00f3s K\u00f6zpont \u00e9l\u00e9re j\u00falius 14-i hat\u00e1llyal Orosz L\u00e1szl\u00f3 nemzetbiztons\u00e1gi alezredes ker\u00fclt f\u0151igazgat\u00f3k\u00e9nt, akit a t\u00e1rcavezet\u0151 egy\u00fattal nemzetbiztons\u00e1gi ezredess\u00e9 l\u00e9ptetett el\u0151. Budapest \u00faj rend\u0151rf\u0151kapit\u00e1nya j\u00falius 16-t\u00f3l Baricska Norbert Tam\u00e1s rend\u0151r ezredes lesz.<\/p>\n\n\n\n<p class=\"wp-block-paragraph\">V\u00e1ltoz\u00e1s t\u00f6rt\u00e9nik az Orsz\u00e1gos Rend\u0151r-f\u0151kapit\u00e1nys\u00e1g (ORFK) vezet\u00e9s\u00e9ben is: a miniszter j\u00falius 15-i hat\u00e1llyal visszavonta T\u00f6reki S\u00e1ndor rend\u0151r vez\u00e9r\u0151rnagy b\u0171n\u00fcgyi orsz\u00e1gos rend\u0151rf\u0151kapit\u00e1ny-helyettesi kinevez\u00e9s\u00e9t. Hely\u00e9t j\u00falius 16-t\u00f3l Pl\u00e1nk R\u00f3bert rend\u0151r ezredes veszi \u00e1t. A Rend\u0151rs\u00e9gi Oktat\u00e1si \u00e9s Kik\u00e9pz\u0151 K\u00f6zpont \u00e1llom\u00e1ny\u00e1ba igazgat\u00f3nak Varga Mih\u00e1ly Vilmos rend\u0151r alezredest nevezt\u00e9k ki j\u00falius 16-i hat\u00e1llyal, akit ezzel egy id\u0151ben rend\u0151r ezredess\u00e9 l\u00e9ptettek el\u0151.<\/p>\n\n\n\n<h2 id=\"uj-vezetok-a-varmegyei-fokapitanysagok-elen\" class=\"wp-block-heading\">\u00daj vezet\u0151k a v\u00e1rmegyei f\u0151kapit\u00e1nys\u00e1gok \u00e9l\u00e9n<\/h2>\n\n\n\n<p class=\"wp-block-paragraph\">A v\u00e1rmegyei szint\u0171 rend\u0151ri vezet\u00e9sekn\u00e9l az al\u00e1bbi \u00e1trendez\u0151d\u00e9sek t\u00f6rt\u00e9nnek:<\/p>\n\n\n\n<ul class=\"wp-block-list\">\n<li><strong>Pest v\u00e1rmegye:<\/strong> A f\u0151kapit\u00e1nys\u00e1g vezet\u00e9s\u00e9vel Lauda Zolt\u00e1n rend\u0151r dand\u00e1rt\u00e1bornokot b\u00edzta meg a miniszter j\u00falius 15-i hat\u00e1llyal.<\/li>\n\n\n\n<li><strong>N\u00f3gr\u00e1d v\u00e1rmegye:<\/strong> Somssich Gabriella rend\u0151r dand\u00e1rt\u00e1bornok vezet\u0151i kinevez\u00e9s\u00e9t j\u00falius 15-\u00e9vel visszavont\u00e1k, a feladatok ell\u00e1t\u00e1s\u00e1val j\u00falius 16-t\u00f3l K\u00e1lm\u00e1n Zsolt rend\u0151r ezredest b\u00edzt\u00e1k meg.<\/li>\n\n\n\n<li><strong>Veszpr\u00e9m v\u00e1rmegye:<\/strong> D\u00e9k\u00e1ny Bal\u00e1zs rend\u0151r dand\u00e1rt\u00e1bornok j\u00falius 15-tel t\u00e1vozik a f\u0151kapit\u00e1nyi posztr\u00f3l. A feladatk\u00f6r ell\u00e1t\u00e1s\u00e1ra j\u00falius 16-t\u00f3l a kor\u00e1bbi Somogy v\u00e1rmegyei rend\u0151rf\u0151kapit\u00e1nyt, Moln\u00e1r G\u00e1bor rend\u0151r dand\u00e1rt\u00e1bornokot k\u00e9rt\u00e9k fel.<\/li>\n\n\n\n<li><strong>Vas v\u00e1rmegye:<\/strong> Fekete G\u00e9za Gy\u00f6rgy rend\u0151r alezredes f\u0151kapit\u00e1nyi megb\u00edz\u00e1s\u00e1t j\u00falius 15-i hat\u00e1llyal vont\u00e1k vissza, az \u00faj f\u0151kapit\u00e1ny j\u00falius 16-t\u00f3l Tak\u00e1cs Tibor rend\u0151r alt\u00e1bornagy lesz.<\/li>\n<\/ul>\n\n\n\n<p class=\"wp-block-paragraph\">A rend\u0151rs\u00e9gi szervezetek mellett a katasztr\u00f3fav\u00e9delemn\u00e9l is t\u00f6rt\u00e9nt kinevez\u00e9s: a B\u00e9k\u00e9s V\u00e1rmegyei Katasztr\u00f3fav\u00e9delmi Igazgat\u00f3s\u00e1got j\u00falius 15-t\u0151l Matuska Zolt\u00e1n t\u0171zolt\u00f3 ezredes vezeti.<\/p>\n\n\n\n<figure class=\"wp-block-embed is-type-wp-embed is-provider-zemino wp-block-embed-zemino\"><div class=\"wp-block-embed__wrapper\">\n<blockquote class=\"wp-embedded-content\" data-secret=\"OQads7Stkr\"><a href=\"https:\/\/zemino.hu\/ro\/belfold\/2026\/07\/15\/szabo-bence-harom-het-alatt-ezredes-belugyminiszterium-kabinetfonok\/\">H\u00e1rom h\u00e9t alatt sz\u00e1zadosb\u00f3l ezredes, \u00e9s P\u00f3sfai G\u00e1bor kabinetf\u0151n\u00f6ke lett Szab\u00f3 Bence<\/a><\/blockquote><iframe loading=\"lazy\" class=\"wp-embedded-content\" sandbox=\"allow-scripts\" security=\"restricted\" style=\"position: absolute; visibility: hidden;\" title=\"\u201cH\u00e1rom h\u00e9t alatt sz\u00e1zadosb\u00f3l ezredes, \u00e9s P\u00f3sfai G\u00e1bor kabinetf\u0151n\u00f6ke lett Szab\u00f3 Bence\u201d \u2014 Zemino\" src=\"https:\/\/zemino.hu\/belfold\/2026\/07\/15\/szabo-bence-harom-het-alatt-ezredes-belugyminiszterium-kabinetfonok\/embed\/#?secret=gCOVZhlD0M#?secret=OQads7Stkr\" data-secret=\"OQads7Stkr\" width=\"500\" height=\"282\" frameborder=\"0\" marginwidth=\"0\" marginheight=\"0\" scrolling=\"no\"><\/iframe>\n<\/div><\/figure>","protected":false},"excerpt":{"rendered":"<p>P\u00f3sfai G\u00e1bor bel\u00fcgyminiszter t\u00f6bb rend\u00e9szeti vezet\u0151 felment\u00e9s\u00e9r\u0151l, kinevez\u00e9s\u00e9r\u0151l \u00e9s megb\u00edz\u00e1s\u00e1r\u00f3l hozott d\u00f6nt\u00e9st. Az \u00e9rintett tiszts\u00e9gek k\u00f6z\u00f6tt szerepel a budapesti rend\u0151rf\u0151kapit\u00e1nyi poszt, t\u00f6bb v\u00e1rmegyei rend\u0151r-f\u0151kapit\u00e1nys\u00e1g vezet\u00e9se, valamint a Nemzeti Inform\u00e1ci\u00f3s K\u00f6zpont f\u0151igazgat\u00f3i sz\u00e9ke is. Szerd\u00e1n juttatta el k\u00f6zlem\u00e9ny\u00e9t a Bel\u00fcgyminiszt\u00e9rium az MTI-hez, amelyben r\u00e9szletesen ismertett\u00e9k a P\u00f3sfai G\u00e1bor bel\u00fcgyminiszter \u00e1ltal meghozott szem\u00e9lyi d\u00f6nt\u00e9seket \u00e9s az \u00faj\u2026<\/p>","protected":false},"author":2,"featured_media":4087,"comment_status":"open","ping_status":"open","sticky":false,"template":"","format":"standard","meta":{"_gspb_post_css":"","_zh_crosspost_remote_site":"zsaruhirek","_zh_crosspost_remote_post_id":"79352","_zh_crosspost_last_sync_at":"2026-07-15 18:13:32","_zh_crosspost_last_sync_direction":"zsaruhirek_to_zemino","_zh_crosspost_synced_images":"","footnotes":""},"categories":[31],"tags":[902,666,2255,2256,865,76,2257],"class_list":["post-4086","post","type-post","status-publish","format-standard","has-post-thumbnail","hentry","category-belfold","tag-belugyminiszterium","tag-katasztrofavedelem","tag-kinevezesek","tag-orszagos-rendor-fokapitanysag-orfk","tag-posfai-gabor","tag-rendorseg","tag-szemelyi-valtozasok"],"_links":{"self":[{"href":"https:\/\/zemino.hu\/ro\/wp-json\/wp\/v2\/posts\/4086","targetHints":{"allow":["GET"]}}],"collection":[{"href":"https:\/\/zemino.hu\/ro\/wp-json\/wp\/v2\/posts"}],"about":[{"href":"https:\/\/zemino.hu\/ro\/wp-json\/wp\/v2\/types\/post"}],"author":[{"embeddable":true,"href":"https:\/\/zemino.hu\/ro\/wp-json\/wp\/v2\/users\/2"}],"replies":[{"embeddable":true,"href":"https:\/\/zemino.hu\/ro\/wp-json\/wp\/v2\/comments?post=4086"}],"version-history":[{"count":1,"href":"https:\/\/zemino.hu\/ro\/wp-json\/wp\/v2\/posts\/4086\/revisions"}],"predecessor-version":[{"id":4089,"href":"https:\/\/zemino.hu\/ro\/wp-json\/wp\/v2\/posts\/4086\/revisions\/4089"}],"wp:featuredmedia":[{"embeddable":true,"href":"https:\/\/zemino.hu\/ro\/wp-json\/wp\/v2\/media\/4087"}],"wp:attachment":[{"href":"https:\/\/zemino.hu\/ro\/wp-json\/wp\/v2\/media?parent=4086"}],"wp:term":[{"taxonomy":"category","embeddable":true,"href":"https:\/\/zemino.hu\/ro\/wp-json\/wp\/v2\/categories?post=4086"},{"taxonomy":"post_tag","embeddable":true,"href":"https:\/\/zemino.hu\/ro\/wp-json\/wp\/v2\/tags?post=4086"}],"curies":[{"name":"wp","href":"https:\/\/api.w.org\/{rel}","templated":true}]}}