{"id":4097,"date":"2026-07-16T06:52:07","date_gmt":"2026-07-16T04:52:07","guid":{"rendered":"https:\/\/zemino.hu\/?p=4097"},"modified":"2026-07-16T06:54:14","modified_gmt":"2026-07-16T04:54:14","slug":"ti-nem-polgariak-vagytok-hanem-szarhazi-arulok","status":"publish","type":"post","link":"https:\/\/zemino.hu\/ro\/kozelet\/2026\/07\/16\/ti-nem-polgariak-vagytok-hanem-szarhazi-arulok\/","title":{"rendered":"\u201eTi nem polg\u00e1riak vagytok, hanem szarh\u00e1zi \u00e1rul\u00f3k!\u201d"},"content":{"rendered":"<p class=\"wp-block-paragraph\"><strong>\u00c9les hangv\u00e9tel\u0171 \u00edr\u00e1sban b\u00edr\u00e1lta a Vadhajt\u00e1sok azokat a jobboldali szerepl\u0151ket \u2013 \u00e9l\u00fck\u00f6n Ferencz Orsoly\u00e1val \u2013, akik a napokban egy \u00faj politikai form\u00e1ci\u00f3 alap\u00edt\u00e1s\u00e1t lengett\u00e9k be. A port\u00e1l szerint a kezdem\u00e9nyez\u00e9s m\u00f6g\u00f6tt \u00e1ll\u00f3k val\u00f3j\u00e1ban \u00e1rul\u00e1st k\u00f6vetnek el, mik\u00f6zben kor\u00e1bban maguk is a nemzeti oldal t\u00e1mogat\u00e1s\u00e1ra t\u00e1maszkodtak.<\/strong><\/p>\n\n\n\n<p class=\"wp-block-paragraph\">A <a target=\"_blank\" rel=\"noreferrer noopener\" href=\"https:\/\/www.vadhajtasok.hu\/2026\/07\/15\/ti-nem-polgariak-vagytok-hanem-szarhazi-arulok\">Vadhajt\u00e1sok<\/a> cikke szerint az \u00faj p\u00e1rt alap\u00edt\u00e1s\u00e1t belenget\u0151 csoport tagjai hetek \u00f3ta t\u00e1madj\u00e1k a port\u00e1lt, amit 1-2 ezres n\u00e9zetts\u00e9g\u0171 csatorn\u00e1kon tesznek a figyelemfelkelt\u00e9s \u00e9s a H\u00edr TV-s szerepl\u00e9sek rem\u00e9ny\u00e9ben. A port\u00e1l hangs\u00falyozta, hogy \u0151k meg\u0151rzik eddigi poz\u00edci\u00f3jukat a jobboldal sz\u00e9l\u00e9n. Megl\u00e1t\u00e1suk szerint a b\u00edr\u00e1l\u00f3ik k\u00f6z\u00fcl egyed\u00fcl Navracsics Tiborban maradt annyi tisztess\u00e9g, hogy kor\u00e1bban ny\u00edltan kimondja: a Vadhajt\u00e1sok n\u00e9lk\u00fcl a nemzeti oldalnak nem lenne hangja ezekben az id\u0151kben.<\/p>\n\n\n\n<p class=\"wp-block-paragraph\">A szerkeszt\u0151s\u00e9g k\u00fcl\u00f6n megsz\u00f3l\u00edtotta a bejegyz\u00e9sben \u201eOrsika\u201d n\u00e9ven eml\u00edtett <a href=\"https:\/\/zemino.hu\/ro\/kozelet\/2026\/07\/15\/ferencz-orsolya-fidesz-uj-part-szervezodes\/\">Ferencz Orsoly\u00e1t,<\/a> felr\u00f3va neki, hogy mik\u00f6zben 2023-ban m\u00e9g szinte minden posztjukat kedvelte, most retteg a hangukt\u00f3l. A cikk felid\u00e9zi, hogy az <a href=\"https:\/\/zemino.hu\/ro\/kozelet\/2026\/07\/15\/ferencz-orsolya-fidesz-uj-part-szervezodes\/\">\u00faj politikai kezdem\u00e9nyez\u00e9st<\/a> a m\u00falt h\u00e9ten, egy n\u00e9gy polg\u00e1rmester r\u00e9szv\u00e9tel\u00e9vel megtartott kerti partin tal\u00e1lt\u00e1k ki, de a k\u00f6zv\u00e9lem\u00e9nyt az\u00f3ta sem t\u00e1j\u00e9koztatt\u00e1k a r\u00e9szletekr\u0151l, \u00edgy arr\u00f3l sem, hogy ki finansz\u00edrozza majd a p\u00e1rton bel\u00fcli bomlaszt\u00e1st.<\/p>\n\n\n\n<blockquote class=\"wp-block-quote is-layout-flow wp-block-quote-is-layout-flow\">\n<p class=\"wp-block-paragraph\">\u201eTi \u00e9s a polg\u00e1ri oldal? Ti a libsi kirekeszt\u0151k voltatok mindig is a Fideszben. Szeretettel v\u00e1rjuk milyen \u201em\u00e9di\u00e1t\u201d pakoltok \u00f6ssze, unalmas m\u00e1r a r\u00e9gi libsi t\u00e1bor. Gyertek csak, j\u00f3 kis m\u00f3ka lesz, m\u00e1r akkor eltaposni, amikor el sem indultatok. Csak \u00fagy, a kirekeszt\u00e9s jegy\u00e9ben.\u201d<\/p>\n<\/blockquote>\n\n\n\n<p class=\"wp-block-paragraph\">A Vadhajt\u00e1sok jelezte, hogy Navracsics Tibor miatt \u2013 \u00e9s mivel a kezdem\u00e9nyez\u0151k nem tudt\u00e1k a port\u00e1lt az oldaluk ellen ford\u00edtani \u2013 egyel\u0151re nem kezdenek el r\u00e9szletesebben \u201esztorizgatni\u201d a h\u00e1tt\u00e9rr\u0151l, de a tervezett form\u00e1ci\u00f3t polg\u00e1ri \u00e9rt\u00e9krend helyett ny\u00edlt \u00e1rul\u00e1snak tartj\u00e1k.<\/p>\n\n\n\n<figure class=\"wp-block-embed is-type-rich is-provider-facebook wp-block-embed-facebook\"><div class=\"wp-block-embed__wrapper\">\n<div id=\"fb-root\"><\/div><script async=\"1\" defer=\"1\" crossorigin=\"anonymous\" src=\"https:\/\/connect.facebook.net\/hu_HU\/sdk.js#xfbml=1&amp;version=v26.0\"><\/script><div class=\"fb-post\" data-href=\"https:\/\/www.facebook.com\/Vadhajtasok\/posts\/pfbid02PycpXRQaAKY7Ef9SuccJPjZjDGu8fMAkpUERforT3qJeuBrjyv79mX1H85mjLjh4l\" data-width=\"500\"><\/div>\n<\/div><\/figure>\n\n\n\n<figure class=\"wp-block-embed is-type-wp-embed is-provider-zemino wp-block-embed-zemino\"><div class=\"wp-block-embed__wrapper\">\n<blockquote class=\"wp-embedded-content\" data-secret=\"QO1RhuuaBS\"><a href=\"https:\/\/zemino.hu\/ro\/kozelet\/2026\/07\/15\/ferencz-orsolya-fidesz-uj-part-szervezodes\/\">\u00daj jobboldali p\u00e1rt szervez\u0151dik? Ferencz Orsolya szak\u00edtana a Fidesszel<\/a><\/blockquote><iframe loading=\"lazy\" class=\"wp-embedded-content\" sandbox=\"allow-scripts\" security=\"restricted\" style=\"position: absolute; visibility: hidden;\" title=\"\u201c\u00daj jobboldali p\u00e1rt szervez\u0151dik? Ferencz Orsolya szak\u00edtana a Fidesszel\u201d \u2014 Zemino\" src=\"https:\/\/zemino.hu\/kozelet\/2026\/07\/15\/ferencz-orsolya-fidesz-uj-part-szervezodes\/embed\/#?secret=lMbaNY82VF#?secret=QO1RhuuaBS\" data-secret=\"QO1RhuuaBS\" width=\"500\" height=\"282\" frameborder=\"0\" marginwidth=\"0\" marginheight=\"0\" scrolling=\"no\"><\/iframe>\n<\/div><\/figure>","protected":false},"excerpt":{"rendered":"<p>\u00c9les hangv\u00e9tel\u0171 \u00edr\u00e1sban b\u00edr\u00e1lta a Vadhajt\u00e1sok azokat a jobboldali szerepl\u0151ket \u2013 \u00e9l\u00fck\u00f6n Ferencz Orsoly\u00e1val \u2013, akik a napokban egy \u00faj politikai form\u00e1ci\u00f3 alap\u00edt\u00e1s\u00e1t lengett\u00e9k be. A port\u00e1l szerint a kezdem\u00e9nyez\u00e9s m\u00f6g\u00f6tt \u00e1ll\u00f3k val\u00f3j\u00e1ban \u00e1rul\u00e1st k\u00f6vetnek el, mik\u00f6zben kor\u00e1bban maguk is a nemzeti oldal t\u00e1mogat\u00e1s\u00e1ra t\u00e1maszkodtak. A Vadhajt\u00e1sok cikke szerint az \u00faj p\u00e1rt alap\u00edt\u00e1s\u00e1t belenget\u0151 csoport\u2026<\/p>","protected":false},"author":2,"featured_media":4096,"comment_status":"open","ping_status":"open","sticky":false,"template":"","format":"standard","meta":{"_gspb_post_css":"","_zh_crosspost_remote_site":"","_zh_crosspost_remote_post_id":"","_zh_crosspost_last_sync_at":"","_zh_crosspost_last_sync_direction":"","_zh_crosspost_synced_images":"","footnotes":""},"categories":[326],"tags":[515,2251,2260,2261,1057],"class_list":["post-4097","post","type-post","status-publish","format-standard","has-post-thumbnail","hentry","category-kozelet","tag-fidesz","tag-jobboldal","tag-navracsics-tibor","tag-partszakadas","tag-vadhajtasok"],"_links":{"self":[{"href":"https:\/\/zemino.hu\/ro\/wp-json\/wp\/v2\/posts\/4097","targetHints":{"allow":["GET"]}}],"collection":[{"href":"https:\/\/zemino.hu\/ro\/wp-json\/wp\/v2\/posts"}],"about":[{"href":"https:\/\/zemino.hu\/ro\/wp-json\/wp\/v2\/types\/post"}],"author":[{"embeddable":true,"href":"https:\/\/zemino.hu\/ro\/wp-json\/wp\/v2\/users\/2"}],"replies":[{"embeddable":true,"href":"https:\/\/zemino.hu\/ro\/wp-json\/wp\/v2\/comments?post=4097"}],"version-history":[{"count":2,"href":"https:\/\/zemino.hu\/ro\/wp-json\/wp\/v2\/posts\/4097\/revisions"}],"predecessor-version":[{"id":4101,"href":"https:\/\/zemino.hu\/ro\/wp-json\/wp\/v2\/posts\/4097\/revisions\/4101"}],"wp:featuredmedia":[{"embeddable":true,"href":"https:\/\/zemino.hu\/ro\/wp-json\/wp\/v2\/media\/4096"}],"wp:attachment":[{"href":"https:\/\/zemino.hu\/ro\/wp-json\/wp\/v2\/media?parent=4097"}],"wp:term":[{"taxonomy":"category","embeddable":true,"href":"https:\/\/zemino.hu\/ro\/wp-json\/wp\/v2\/categories?post=4097"},{"taxonomy":"post_tag","embeddable":true,"href":"https:\/\/zemino.hu\/ro\/wp-json\/wp\/v2\/tags?post=4097"}],"curies":[{"name":"wp","href":"https:\/\/api.w.org\/{rel}","templated":true}]}}