{"id":6172,"date":"2026-08-29T08:20:44","date_gmt":"2026-08-29T06:20:44","guid":{"rendered":"https:\/\/zemino.hu\/?p=6172"},"modified":"2026-08-29T08:20:46","modified_gmt":"2026-08-29T06:20:46","slug":"francia-kisrepulo-gripen-riaszto-legter-sertes","status":"publish","type":"post","link":"https:\/\/zemino.hu\/ro\/belfold\/2026\/08\/29\/francia-kisrepulo-gripen-riaszto-legter-sertes\/","title":{"rendered":"Francia kisrep\u00fcl\u0151 miatt l\u00e9pett \u00e9letbe riaszt\u00e1s a magyar Gripenekn\u00e9l"},"content":{"rendered":"<p class=\"wp-block-paragraph\"><strong>Riasztani kellett a Magyar Honv\u00e9ds\u00e9g vad\u00e1szg\u00e9peit p\u00e9ntek d\u00e9lut\u00e1n egy francia kisrep\u00fcl\u0151g\u00e9p miatt, amely enged\u00e9ly n\u00e9lk\u00fcl l\u00e9pett be a hazai l\u00e9gt\u00e9rbe. B\u00e1r a kecskem\u00e9ti b\u00e1zisr\u00f3l v\u00e9g\u00fcl nem kellett felsz\u00e1llniuk a Gripeneknek, az \u00fcgyben l\u00e9gt\u00e9rs\u00e9rt\u00e9s \u00e9s l\u00e9giforgalmi szab\u00e1lys\u00e9rt\u00e9s miatt feljelent\u00e9st tettek.<\/strong><\/p>\n\n\n\n<p class=\"wp-block-paragraph\">Az eset augusztus 28-\u00e1n, p\u00e9nteken d\u00e9lut\u00e1n t\u00f6rt\u00e9nt, amikor egy francia PA28 t\u00edpus\u00fa kisrep\u00fcl\u0151g\u00e9p Szlov\u00e9nia fel\u0151l, Ausztri\u00e1n kereszt\u00fcl Csehorsz\u00e1g fel\u00e9 tartott. A j\u00e1rm\u0171 pil\u00f3t\u00e1ja azonban \u00fat k\u00f6zben nem l\u00e9pett kapcsolatba a polg\u00e1ri l\u00e9giforgalom-ir\u00e1ny\u00edt\u00e1ssal. A helyzetre reag\u00e1lva az osztr\u00e1k k\u00e9szenl\u00e9ti g\u00e9pp\u00e1r felsz\u00e1llt, aminek hat\u00e1s\u00e1ra a magyar Gripenek el\u0151sz\u00f6r visszal\u00e9ptek egy alacsonyabb k\u00e9szenl\u00e9ti fokozatba.<\/p>\n\n\n\n<p class=\"wp-block-paragraph\">Ruszin-Szendi Romulusz t\u00e1j\u00e9koztat\u00e1sa szerint a kisg\u00e9p pil\u00f3t\u00e1ja az osztr\u00e1k vad\u00e1szg\u00e9peket \u00e9szlelve Fert\u0151szentmikl\u00f3s t\u00e9rs\u00e9g\u00e9ben enged\u00e9ly n\u00e9lk\u00fcl \u00e1trep\u00fclt a magyar l\u00e9gt\u00e9rbe. A <a href=\"https:\/\/www.facebook.com\/ruszinszendiromulusz\/posts\/pfbid0dRWmGmcHcj17y5ABUM7cvR5LdeaUoHMz5UHtRxvK3KKE8c924bm2vDnj4dyaRGVhl\" target=\"_blank\" rel=\"noopener\">k\u00f6z\u00f6ss\u00e9gi oldal\u00e1n<\/a> megosztott bejegyz\u00e9s\u00e9ben kifejtette, hogy a r\u00e1di\u00f3kapcsolat v\u00e9g\u00fcl m\u00e9gis helyre\u00e1llt az osztr\u00e1k ir\u00e1ny\u00edt\u00e1ssal, \u00e9s a rep\u00fcl\u0151g\u00e9p Kapuv\u00e1r t\u00e9rs\u00e9g\u00e9ben elhagyta a magyar l\u00e9gteret.<\/p>\n\n\n\n<p class=\"wp-block-paragraph\">Mivel a kapcsolat rendez\u0151d\u00f6tt, a magyar Gripeneknek v\u00e9g\u00fcl nem kellett elhagyniuk a kecskem\u00e9ti b\u00e1zist. A t\u00f6rt\u00e9ntek miatt ugyanakkor l\u00e9gt\u00e9rs\u00e9rt\u00e9s \u00e9s l\u00e9giforgalmi szab\u00e1lys\u00e9rt\u00e9s gyan\u00faj\u00e1val feljelent\u00e9st tettek az illet\u00e9kesek.<\/p>\n\n\n\n<figure class=\"wp-block-embed is-type-rich is-provider-facebook wp-block-embed-facebook\"><div class=\"wp-block-embed__wrapper\">\n<div id=\"fb-root\"><\/div><script async=\"1\" defer=\"1\" crossorigin=\"anonymous\" src=\"https:\/\/connect.facebook.net\/hu_HU\/sdk.js#xfbml=1&amp;version=v26.0\"><\/script><div class=\"fb-post\" data-href=\"https:\/\/www.facebook.com\/ruszinszendiromulusz\/posts\/pfbid0dRWmGmcHcj17y5ABUM7cvR5LdeaUoHMz5UHtRxvK3KKE8c924bm2vDnj4dyaRGVhl?__cft__%5B0%5D=AZaEM6P08GaAGR4aWxbjLIY6Nd5olaecAxrvlleej1HGyIycy7A5NKhmIiU6fVxfyyhRzxZP3uBe2fhFDSsGZxnDoO5HA_xolAmCX9d-DcR2ev2m_2QqgBxXvZQ7VUFo7oOMvYAK_uvBWk3pYSftdRiZIhxtpY2C4v93RMfeoIQ15Qu0026__tn__%3D%2CO%2CP-R\" data-width=\"500\"><\/div>\n<\/div><\/figure>","protected":false},"excerpt":{"rendered":"<p>Riasztani kellett a magyar Gripeneket egy francia kisrep\u00fcl\u0151g\u00e9p miatt, amely enged\u00e9ly n\u00e9lk\u00fcl l\u00e9pett be a magyar l\u00e9gt\u00e9rbe. Feljelent\u00e9st tettek az \u00fcgyben.<\/p>","protected":false},"author":7,"featured_media":6177,"comment_status":"open","ping_status":"open","sticky":false,"template":"","format":"standard","meta":{"_gspb_post_css":"","_zh_crosspost_remote_site":"zsaruhirek","_zh_crosspost_remote_post_id":"86204","_zh_crosspost_last_sync_at":"2026-08-29 08:16:04","_zh_crosspost_last_sync_direction":"zsaruhirek_to_zemino","footnotes":""},"categories":[31],"tags":[3314,791,1250,3315,604,413,411],"class_list":["post-6172","post","type-post","status-publish","format-standard","has-post-thumbnail","hentry","category-belfold","tag-fertoszentmiklos","tag-gripen","tag-gyor-moson-sopron-varmegye","tag-kapuvar","tag-legtersertes","tag-magyar-honvedseg","tag-ruszin-szendi-romulusz"],"_links":{"self":[{"href":"https:\/\/zemino.hu\/ro\/wp-json\/wp\/v2\/posts\/6172","targetHints":{"allow":["GET"]}}],"collection":[{"href":"https:\/\/zemino.hu\/ro\/wp-json\/wp\/v2\/posts"}],"about":[{"href":"https:\/\/zemino.hu\/ro\/wp-json\/wp\/v2\/types\/post"}],"author":[{"embeddable":true,"href":"https:\/\/zemino.hu\/ro\/wp-json\/wp\/v2\/users\/7"}],"replies":[{"embeddable":true,"href":"https:\/\/zemino.hu\/ro\/wp-json\/wp\/v2\/comments?post=6172"}],"version-history":[{"count":2,"href":"https:\/\/zemino.hu\/ro\/wp-json\/wp\/v2\/posts\/6172\/revisions"}],"predecessor-version":[{"id":6179,"href":"https:\/\/zemino.hu\/ro\/wp-json\/wp\/v2\/posts\/6172\/revisions\/6179"}],"wp:featuredmedia":[{"embeddable":true,"href":"https:\/\/zemino.hu\/ro\/wp-json\/wp\/v2\/media\/6177"}],"wp:attachment":[{"href":"https:\/\/zemino.hu\/ro\/wp-json\/wp\/v2\/media?parent=6172"}],"wp:term":[{"taxonomy":"category","embeddable":true,"href":"https:\/\/zemino.hu\/ro\/wp-json\/wp\/v2\/categories?post=6172"},{"taxonomy":"post_tag","embeddable":true,"href":"https:\/\/zemino.hu\/ro\/wp-json\/wp\/v2\/tags?post=6172"}],"curies":[{"name":"wp","href":"https:\/\/api.w.org\/{rel}","templated":true}]}}