{"id":6180,"date":"2026-08-29T12:08:45","date_gmt":"2026-08-29T10:08:45","guid":{"rendered":"https:\/\/zemino.hu\/?p=6180"},"modified":"2026-08-29T12:09:14","modified_gmt":"2026-08-29T10:09:14","slug":"deutsch-tamas-magyar-peter-btk-biralat","status":"publish","type":"post","link":"https:\/\/zemino.hu\/ro\/kozelet\/2026\/08\/29\/deutsch-tamas-magyar-peter-btk-biralat\/","title":{"rendered":"Deutsch Tam\u00e1s: A pics@ba ki kell dobnia a Btk.-t"},"content":{"rendered":"<p class=\"wp-block-paragraph\"><strong>K\u00f6z\u00f6ss\u00e9gi oldal\u00e1n int\u00e9zett heves b\u00edr\u00e1latot Deutsch Tam\u00e1s a korm\u00e1nyp\u00e1rti Tisza P\u00e1rt eln\u00f6ke, Magyar P\u00e9ter minisztereln\u00f6k ellen. Az ellenz\u00e9ki Fidesz eur\u00f3pai parlamenti k\u00e9pvisel\u0151je bejegyz\u00e9s\u00e9ben a b\u00fcntet\u0151 t\u00f6rv\u00e9nyk\u00f6nyv elvet\u00e9s\u00e9t, stat\u00e1ri\u00e1lis elj\u00e1r\u00e1sokat \u00e9s k\u00e9nyszermunkat\u00e1bort emlegetett.<\/strong><\/p>\n\n\n\n<p class=\"wp-block-paragraph\">Az ellenz\u00e9ki politikus szombaton egy <a target=\"_blank\" rel=\"noopener\" href=\"https:\/\/www.facebook.com\/dajcstomi\/posts\/pfbid02cFUWKHWXp1KPn5JnG6LHqTXGmguvVb6mm66X6thQJn6Kqsy6FaJJr71HjsEjvL7wl?rdid=NT75Uv8h6it7OarC#\">friss poszttal<\/a> jelentkezett, amelyben Csurka Istv\u00e1nt\u00f3l id\u00e9zve \u00fagy fogalmazott: \u201eDr. unok\u00e1nak ideje lenne abbahagynia v\u00e9gre a totyorg\u00e1st a konszenzuskeres\u00e9s homokoz\u00f3ja k\u00f6r\u00fcl\u201d. Deutsch Tam\u00e1s a bejegyz\u00e9s\u00e9ben vil\u00e1goss\u00e1 tette, hogy a megnevez\u00e9s alatt a minisztereln\u00f6k\u00f6t \u00e9rti.<\/p>\n\n\n\n<p class=\"wp-block-paragraph\">A fideszes eur\u00f3pai parlamenti k\u00e9pvisel\u0151 \u00edgy fejtette ki v\u00e9lem\u00e9ny\u00e9t a korm\u00e1nyf\u0151 politikai megnyilv\u00e1nul\u00e1sair\u00f3l:<\/p>\n\n\n\n<blockquote class=\"wp-block-quote is-layout-flow wp-block-quote-is-layout-flow\">\n<p class=\"wp-block-paragraph\">A pics@ba ki kell dobnia a Btk.-t, a b\u00fcntet\u0151elj\u00e1r\u00e1sr\u00f3l sz\u00f3l\u00f3 t\u00f6rv\u00e9nyt \u00e9s stat\u00e1ri\u00e1lis elj\u00e1r\u00e1sokra van sz\u00fcks\u00e9g!<\/p>\n<\/blockquote>\n\n\n\n<p class=\"wp-block-paragraph\">Deutsch Tam\u00e1s \u00e1ll\u00edt\u00e1sa szerint minderre az\u00e9rt lenne sz\u00fcks\u00e9g, mert v\u00e9lem\u00e9nye alapj\u00e1n akit a minisztereln\u00f6k egy k\u00f6z\u00f6ss\u00e9gi m\u00e9di\u00e1s bejegyz\u00e9sben, kommentben vagy a parlamenti napirend el\u0151tti felsz\u00f3lal\u00e1s\u00e1ban megv\u00e1dol, azt azonnal az \u00fajranyitott recski k\u00e9nyszermunkat\u00e1borba kellene intern\u00e1lni, legkevesebb \u00e9letfogytiglanra. A k\u00e9pvisel\u0151 a bejegyz\u00e9s\u00e9t a j\u00f3l ismert \u201eEnnyi.\u201d fordulattal z\u00e1rta.<\/p>\n\n\n\n<figure class=\"wp-block-embed is-type-rich is-provider-facebook wp-block-embed-facebook\"><div class=\"wp-block-embed__wrapper\">\n<div id=\"fb-root\"><\/div><script async=\"1\" defer=\"1\" crossorigin=\"anonymous\" src=\"https:\/\/connect.facebook.net\/hu_HU\/sdk.js#xfbml=1&amp;version=v26.0\"><\/script><div class=\"fb-post\" data-href=\"https:\/\/www.facebook.com\/dajcstomi\/posts\/pfbid02cFUWKHWXp1KPn5JnG6LHqTXGmguvVb6mm66X6thQJn6Kqsy6FaJJr71HjsEjvL7wl\" data-width=\"500\"><\/div>\n<\/div><\/figure>","protected":false},"excerpt":{"rendered":"<p>K\u00f6z\u00f6ss\u00e9gi oldal\u00e1n int\u00e9zett heves b\u00edr\u00e1latot Deutsch Tam\u00e1s a korm\u00e1nyp\u00e1rti Tisza P\u00e1rt eln\u00f6ke, Magyar P\u00e9ter minisztereln\u00f6k ellen. Az ellenz\u00e9ki Fidesz eur\u00f3pai parlamenti k\u00e9pvisel\u0151je bejegyz\u00e9s\u00e9ben a b\u00fcntet\u0151 t\u00f6rv\u00e9nyk\u00f6nyv elvet\u00e9s\u00e9t, stat\u00e1ri\u00e1lis elj\u00e1r\u00e1sokat \u00e9s k\u00e9nyszermunkat\u00e1bort emlegetett. Az ellenz\u00e9ki politikus szombaton egy friss poszttal jelentkezett, amelyben Csurka Istv\u00e1nt\u00f3l id\u00e9zve \u00fagy fogalmazott: \u201eDr. unok\u00e1nak ideje lenne abbahagynia v\u00e9gre a totyorg\u00e1st a\u2026<\/p>","protected":false},"author":2,"featured_media":4222,"comment_status":"open","ping_status":"open","sticky":false,"template":"","format":"standard","meta":{"_gspb_post_css":"","_zh_crosspost_remote_site":"","_zh_crosspost_remote_post_id":"","_zh_crosspost_last_sync_at":"","_zh_crosspost_last_sync_direction":"","footnotes":""},"categories":[326],"tags":[61,1802,2253,515,250,434,248],"class_list":["post-6180","post","type-post","status-publish","format-standard","has-post-thumbnail","hentry","category-kozelet","tag-budapest","tag-deutsch-tamas","tag-europai-parlament","tag-fidesz","tag-magyar-peter","tag-pest-varmegye","tag-tisza-part"],"_links":{"self":[{"href":"https:\/\/zemino.hu\/ro\/wp-json\/wp\/v2\/posts\/6180","targetHints":{"allow":["GET"]}}],"collection":[{"href":"https:\/\/zemino.hu\/ro\/wp-json\/wp\/v2\/posts"}],"about":[{"href":"https:\/\/zemino.hu\/ro\/wp-json\/wp\/v2\/types\/post"}],"author":[{"embeddable":true,"href":"https:\/\/zemino.hu\/ro\/wp-json\/wp\/v2\/users\/2"}],"replies":[{"embeddable":true,"href":"https:\/\/zemino.hu\/ro\/wp-json\/wp\/v2\/comments?post=6180"}],"version-history":[{"count":1,"href":"https:\/\/zemino.hu\/ro\/wp-json\/wp\/v2\/posts\/6180\/revisions"}],"predecessor-version":[{"id":6182,"href":"https:\/\/zemino.hu\/ro\/wp-json\/wp\/v2\/posts\/6180\/revisions\/6182"}],"wp:featuredmedia":[{"embeddable":true,"href":"https:\/\/zemino.hu\/ro\/wp-json\/wp\/v2\/media\/4222"}],"wp:attachment":[{"href":"https:\/\/zemino.hu\/ro\/wp-json\/wp\/v2\/media?parent=6180"}],"wp:term":[{"taxonomy":"category","embeddable":true,"href":"https:\/\/zemino.hu\/ro\/wp-json\/wp\/v2\/categories?post=6180"},{"taxonomy":"post_tag","embeddable":true,"href":"https:\/\/zemino.hu\/ro\/wp-json\/wp\/v2\/tags?post=6180"}],"curies":[{"name":"wp","href":"https:\/\/api.w.org\/{rel}","templated":true}]}}