{"id":6183,"date":"2026-08-29T13:28:45","date_gmt":"2026-08-29T11:28:45","guid":{"rendered":"https:\/\/zemino.hu\/?p=6183"},"modified":"2026-08-29T13:28:46","modified_gmt":"2026-08-29T11:28:46","slug":"florian-teri-feluljaro-felujitas-befejezes","status":"publish","type":"post","link":"https:\/\/zemino.hu\/ro\/belfold\/2026\/08\/29\/florian-teri-feluljaro-felujitas-befejezes\/","title":{"rendered":"Iskolakezd\u00e9sre elk\u00e9sz\u00fclt a Fl\u00f3ri\u00e1n t\u00e9ri fel\u00fclj\u00e1r\u00f3k fel\u00faj\u00edt\u00e1sa: vas\u00e1rnapt\u00f3l \u00fajra j\u00e1rhat\u00f3 az \u00e9szaki h\u00edd is"},"content":{"rendered":"<p class=\"wp-block-paragraph\"><strong>Befejez\u0151d\u00f6tt a Fl\u00f3ri\u00e1n t\u00e9ri fel\u00fclj\u00e1r\u00f3k teljes k\u00f6r\u0171 szerkezeti rekonstrukci\u00f3ja, \u00edgy augusztus 30-\u00e1n, vas\u00e1rnap hajnalban megny\u00edlik a k\u00f6z\u00fati forgalom az \u00e9szaki fel\u00fclj\u00e1r\u00f3n a Szentendrei \u00fat fel\u00e9. Az iskolakezd\u00e9sre elk\u00e9sz\u00fclt beruh\u00e1z\u00e1s ut\u00e1n m\u00e1r csak kisebb felsz\u00edni helyre\u00e1ll\u00edt\u00e1si munk\u00e1latok maradnak h\u00e1tra.<\/strong><\/p>\n\n\n\n<p class=\"wp-block-paragraph\">A Szentendrei utat \u00e9s az \u00c1rp\u00e1d hidat \u00f6sszek\u00f6t\u0151 k\u00e9t fel\u00fclj\u00e1r\u00f3 kiemelt szerepet t\u00f6lt be a f\u0151v\u00e1ros \u00e9s az agglomer\u00e1ci\u00f3 k\u00f6zleked\u00e9s\u00e9ben, hiszen naponta t\u00f6bb t\u00edzezer j\u00e1rm\u0171 halad \u00e1t rajtuk. A t\u00f6bb mint negyven\u00e9ves hidak \u00e1llapota az elm\u00falt h\u00fasz \u00e9vben jelent\u0151sen leromlott: a nedvess\u00e9g \u00e9s a szennyez\u0151d\u00e9sek k\u00e1ros\u00edtott\u00e1k a vasbeton szerkezeteket, a be\u00e1z\u00e1sok miatt a betonac\u00e9lok rozsd\u00e1sodni kezdtek, a betonfel\u00fcletek pedig t\u00f6nkrementek \u2013 der\u00fclt ki a <a href=\"https:\/\/bkk.hu\/hirek\/2026\/08\/vasarnap-hajnalban-ujra-megnyilik-a-florian-teri-eszaki-feluljaro.17193\/\" target=\"_blank\" rel=\"noopener\">BKK<\/a> k\u00f6zlem\u00e9ny\u00e9b\u0151l. A most lez\u00e1rult, a KM \u00c9p\u00edt\u0151 Kft. gener\u00e1lkivitelez\u00e9s\u00e9ben v\u00e9gzett rekonstrukci\u00f3 sor\u00e1n mindk\u00e9t fel\u00fclj\u00e1r\u00f3 szerkezete \u00e9s h\u00eddtartoz\u00e9kai teljes k\u00f6r\u0171 \u00e1llagjav\u00edt\u00e1son estek \u00e1t.<\/p>\n\n\n\n<h3 id=\"a-rekonstrukcio-reszletei-es-a-szerkezeti-munkak\" class=\"wp-block-heading\">A rekonstrukci\u00f3 r\u00e9szletei \u00e9s a szerkezeti munk\u00e1k<\/h3>\n\n\n\n<p class=\"wp-block-paragraph\">A 686,57 m\u00e9ter szerkezeti hossz\u00fas\u00e1g\u00fa fel\u00fclj\u00e1r\u00f3kon \u00e9s a csatlakoz\u00f3 r\u00e1mp\u00e1kon teljesen \u00faj aszfaltburkolat \u00e9s \u00faj h\u00eddp\u00e1lyaszigetel\u00e9s k\u00e9sz\u00fclt, emellett jav\u00edtott\u00e1k a p\u00e1lyalemezek geometri\u00e1j\u00e1t is. A szakemberek elbontott\u00e1k a s\u00e9r\u00fclt betonfel\u00fcleteket, meg\u00e1ll\u00edtott\u00e1k a betonac\u00e9lok korr\u00f3zi\u00f3j\u00e1t, p\u00f3tolt\u00e1k a hi\u00e1nyz\u00f3 ac\u00e9lelemeket, \u00e9s gondoskodtak a s\u00f3korr\u00f3zi\u00f3 elleni v\u00e9delemr\u0151l.<\/p>\n\n\n\n<p class=\"wp-block-paragraph\">A h\u00eddf\u0151kn\u00e9l \u00faj sarukat \u00e9s dilat\u00e1ci\u00f3s szerkezeteket \u00e9p\u00edtettek be, megsz\u00fcntett\u00e9k a pill\u00e9rek feletti dilat\u00e1ci\u00f3kat, kicser\u00e9lt\u00e9k a h\u00eddszeg\u00e9lyeket \u00e9s a korl\u00e1tokat, valamint fel\u00faj\u00edtott\u00e1k a h\u00eddf\u0151k k\u0151burkolat\u00e1t \u00e9s elt\u00e1vol\u00edtott\u00e1k a graffitiket is. B\u00e1r a szerkezeti fel\u00faj\u00edt\u00e1s befejez\u0151d\u00f6tt, a felsz\u00edni csom\u00f3pont helyre\u00e1ll\u00edt\u00e1sa \u00e9s a kisebb hibajav\u00edt\u00e1sok az ideiglenes forgalomtechnikai elemek megsz\u00fcntet\u00e9s\u00e9vel m\u00e9g szeptember 17-ig folytat\u00f3dnak. A Szentendrei \u00faton \u00e9s a Pacsirtamez\u0151 utc\u00e1ban bevezetett aut\u00f3busz-el\u0151nybenr\u00e9szes\u00edt\u00e9sek megmaradnak, seg\u00edtve a k\u00f6z\u00f6ss\u00e9gi k\u00f6zleked\u00e9st.<\/p>\n\n\n\n<h3 id=\"merfoldkovek-es-jelentos-megtakaritas\" class=\"wp-block-heading\">M\u00e9rf\u00f6ldk\u00f6vek \u00e9s jelent\u0151s megtakar\u00edt\u00e1s<\/h3>\n\n\n\n<p class=\"wp-block-paragraph\">A beruh\u00e1z\u00e1s teljes, brutt\u00f3 k\u00f6lts\u00e9gvet\u00e9si kerete 3,27 milli\u00e1rd forint volt, \u00e1m a k\u00f6zbeszerz\u00e9si versenynek k\u00f6sz\u00f6nhet\u0151en a munk\u00e1latok az eredetileg becs\u00fclt \u00f6sszeg 59,45 sz\u00e1zal\u00e9k\u00e1b\u00f3l val\u00f3sultak meg, amivel t\u00f6bb mint 2 milli\u00e1rd forintot sp\u00f3roltak meg a budapestieknek. A fedezetet a F\u0151v\u00e1rosi \u00d6nkorm\u00e1nyzat biztos\u00edtotta, amelynek jelent\u0151s r\u00e9sz\u00e9t az elektronikus jegyrendszerrel kapcsolatos perben visszaszerzett \u00f6sszeg adta.<\/p>\n\n\n\n<p class=\"wp-block-paragraph\">A fel\u00faj\u00edt\u00e1s t\u00f6rt\u00e9nete 2024 m\u00e1rcius\u00e1ban indult, amikor a F\u0151v\u00e1rosi \u00d6nkorm\u00e1nyzat <a href=\"https:\/\/bkk.hu\/hirek\/2024\/03\/meg-az-iden-elkezdodhet-a-florian-teri-feluljarok-felujitasa.12439\/\" target=\"_blank\" rel=\"noopener\">biztos\u00edtotta<\/a> a sz\u00fcks\u00e9ges forr\u00e1sokat. A k\u00f6zbeszerz\u00e9s lez\u00e1rulta ut\u00e1n a BKK 2024 okt\u00f3ber\u00e9ben <a href=\"https:\/\/bkk.hu\/hirek\/2024\/10\/felujitas-elott-a-florian-teri-feluljarok-hamarosan-indulhat-a-munka.13365\/\" target=\"_blank\" rel=\"noopener\">kihirdette<\/a> a nyertes kivitelez\u0151t, majd decemberben <a href=\"https:\/\/bkk.hu\/hirek\/2024\/12\/elindulhat-a-florian-teri-feluljarok-felujitasa-2025-ben-alairtak-a-szerzodest.13660\/\" target=\"_blank\" rel=\"noopener\">al\u00e1\u00edrt\u00e1k<\/a> a v\u00e1llalkoz\u00e1si szerz\u0151d\u00e9st.<\/p>\n\n\n\n<p class=\"wp-block-paragraph\">A munkater\u00fclet 2025. febru\u00e1ri <a href=\"https:\/\/bkk.hu\/hirek\/2025\/01\/hamarosan-kezdodik-a-florian-teri-feluljarok-felujitasa-forgalmi-valtoztatasokkal-szeles-koru-tajekoztatassal-keszul-a-bkk.13745\/\" target=\"_blank\" rel=\"noopener\">\u00e1tv\u00e9tele<\/a> ut\u00e1n m\u00e1rcius 1-j\u00e9n <a href=\"https:\/\/bkk.hu\/hirek\/2025\/02\/ne-feledje-marcius-1-jen-kezdodik-a-florian-teri-feluljarok-felujitasa.13922\/\" target=\"_blank\" rel=\"noopener\">lez\u00e1rt\u00e1k<\/a> a d\u00e9li fel\u00fclj\u00e1r\u00f3t. A bont\u00e1s sor\u00e1n a v\u00e1rtn\u00e1l rosszabb m\u0171szaki \u00e1llapotot <a href=\"https:\/\/bkk.hu\/hirek\/2025\/08\/a-vartnal-rosszabb-a-florian-ter-deli-hidjanak-muszaki-allapota-valtozik-a-felujitas-utemezese-a-tervezettnel-tobblet-muszaki-tartalommal.15140\/\" target=\"_blank\" rel=\"noopener\">t\u00e1rtak fel<\/a>, ami miatt m\u00f3dos\u00edtani kellett az \u00fctemez\u00e9st. A d\u00e9li h\u00edd \u00e1tad\u00e1s-\u00e1tv\u00e9teli elj\u00e1r\u00e1sa v\u00e9g\u00fcl 2025 okt\u00f3ber\u00e9ben <a href=\"https:\/\/bkk.hu\/hirek\/2025\/10\/elkezdodott-a-florian-teri-feluljarok-deli-hidjanak-a-reszmuszaki-atadas-atveteli-eljarasa.15599\/\" target=\"_blank\" rel=\"noopener\">kezd\u0151d\u00f6tt el<\/a>, \u00e9s november 15-\u00e9n <a href=\"https:\/\/bkk.hu\/hirek\/2025\/11\/szombat-delutantol-szabad-az-ut-a-florian-teri-feluljarok-deli-hidjan.15629\/\" target=\"_blank\" rel=\"noopener\">indult meg<\/a> rajta \u00fajra a forgalom.<\/p>\n\n\n\n<p class=\"wp-block-paragraph\">Ezt k\u00f6vet\u0151en, 2025 november\u00e9nek v\u00e9g\u00e9n vette kezdet\u00e9t <a href=\"https:\/\/bkk.hu\/hirek\/2025\/11\/november-21-en-pentek-este-kezdodik-a-florian-teri-feluljarok-felujitasanak-masodik-uteme-nehezebb-lesz-autoval-az-arpad-hidon-pestrol-budara-kozlekedni.15661\/\" target=\"_blank\" rel=\"noopener\">a m\u00e1sodik \u00fctem<\/a>, amelynek sor\u00e1n lez\u00e1rt\u00e1k az \u00e9szaki fel\u00fclj\u00e1r\u00f3t. A 2026-ban folyamatosan zajl\u00f3 munk\u00e1latok sor\u00e1n m\u00e1jusban a k\u00e9sz\u00fclts\u00e9g meghaladta a <a href=\"https:\/\/bkk.hu\/hirek\/2026\/05\/70-szazalekot-meghalado-keszultsegnel-tart-a-florian-teri-feluljarok-felujitasa.16658\/\" target=\"_blank\" rel=\"noopener\">70 sz\u00e1zal\u00e9kot<\/a>, j\u00falius v\u00e9g\u00e9re pedig <a href=\"https:\/\/bkk.hu\/hirek\/2026\/08\/aszfaltozzak-a-florian-teri-feluljarot-az-iskolakezdesreujraindulhata-forgalom-az-eszaki-hidon.17114\/\" target=\"_blank\" rel=\"noopener\">90 sz\u00e1zal\u00e9k f\u00f6l\u00e9<\/a> emelkedett.<\/p>\n\n\n\n<figure class=\"wp-block-gallery has-nested-images columns-default is-cropped wp-block-gallery-1 is-layout-flex wp-block-gallery-is-layout-flex\">\n<figure class=\"wp-block-image size-large size-full\"><a href=\"https:\/\/zemino.hu\/wp-content\/uploads\/2026\/08\/cms-florianfeluljaro2-1.webp\"><img loading=\"lazy\" decoding=\"async\" width=\"950\" height=\"633\" data-id=\"6187\" src=\"https:\/\/zemino.hu\/wp-content\/uploads\/2026\/08\/cms-florianfeluljaro2-1.webp\" alt=\"\" class=\"wp-image-6187\" srcset=\"https:\/\/zemino.hu\/wp-content\/uploads\/2026\/08\/cms-florianfeluljaro2-1.webp 950w, https:\/\/zemino.hu\/wp-content\/uploads\/2026\/08\/cms-florianfeluljaro2-1-300x200.webp 300w, https:\/\/zemino.hu\/wp-content\/uploads\/2026\/08\/cms-florianfeluljaro2-1-768x512.webp 768w, https:\/\/zemino.hu\/wp-content\/uploads\/2026\/08\/cms-florianfeluljaro2-1-18x12.webp 18w\" sizes=\"auto, (max-width: 950px) 100vw, 950px\" \/><\/a><\/figure>\n\n\n\n<figure class=\"wp-block-image size-large size-full\"><a href=\"https:\/\/zemino.hu\/wp-content\/uploads\/2026\/08\/cms-florianfeluljaro1-1.webp\"><img loading=\"lazy\" decoding=\"async\" width=\"950\" height=\"633\" data-id=\"6188\" src=\"https:\/\/zemino.hu\/wp-content\/uploads\/2026\/08\/cms-florianfeluljaro1-1.webp\" alt=\"\" class=\"wp-image-6188\" srcset=\"https:\/\/zemino.hu\/wp-content\/uploads\/2026\/08\/cms-florianfeluljaro1-1.webp 950w, https:\/\/zemino.hu\/wp-content\/uploads\/2026\/08\/cms-florianfeluljaro1-1-300x200.webp 300w, https:\/\/zemino.hu\/wp-content\/uploads\/2026\/08\/cms-florianfeluljaro1-1-768x512.webp 768w, https:\/\/zemino.hu\/wp-content\/uploads\/2026\/08\/cms-florianfeluljaro1-1-18x12.webp 18w\" sizes=\"auto, (max-width: 950px) 100vw, 950px\" \/><\/a><\/figure>\n<\/figure>","protected":false},"excerpt":{"rendered":"<p>Vas\u00e1rnap hajnalban \u00fajra megny\u00edlik a meg\u00fajult Fl\u00f3ri\u00e1n t\u00e9ri \u00e9szaki fel\u00fclj\u00e1r\u00f3. Ezzel lez\u00e1rult a budapesti hidak teljes k\u00f6r\u0171 szerkezeti rekonstrukci\u00f3ja.<\/p>","protected":false},"author":2,"featured_media":6184,"comment_status":"open","ping_status":"open","sticky":false,"template":"","format":"standard","meta":{"_gspb_post_css":"","_zh_crosspost_remote_site":"zsaruhirek","_zh_crosspost_remote_post_id":"86229","_zh_crosspost_last_sync_at":"2026-08-29 13:26:11","_zh_crosspost_last_sync_direction":"zsaruhirek_to_zemino","footnotes":""},"categories":[31],"tags":[1230,214,61,3316,848,3317],"class_list":["post-6183","post","type-post","status-publish","format-standard","has-post-thumbnail","hentry","category-belfold","tag-arpad-hid","tag-bkk","tag-budapest","tag-km-epito-kft","tag-obuda","tag-szentendrei-ut"],"_links":{"self":[{"href":"https:\/\/zemino.hu\/ro\/wp-json\/wp\/v2\/posts\/6183","targetHints":{"allow":["GET"]}}],"collection":[{"href":"https:\/\/zemino.hu\/ro\/wp-json\/wp\/v2\/posts"}],"about":[{"href":"https:\/\/zemino.hu\/ro\/wp-json\/wp\/v2\/types\/post"}],"author":[{"embeddable":true,"href":"https:\/\/zemino.hu\/ro\/wp-json\/wp\/v2\/users\/2"}],"replies":[{"embeddable":true,"href":"https:\/\/zemino.hu\/ro\/wp-json\/wp\/v2\/comments?post=6183"}],"version-history":[{"count":2,"href":"https:\/\/zemino.hu\/ro\/wp-json\/wp\/v2\/posts\/6183\/revisions"}],"predecessor-version":[{"id":6189,"href":"https:\/\/zemino.hu\/ro\/wp-json\/wp\/v2\/posts\/6183\/revisions\/6189"}],"wp:featuredmedia":[{"embeddable":true,"href":"https:\/\/zemino.hu\/ro\/wp-json\/wp\/v2\/media\/6184"}],"wp:attachment":[{"href":"https:\/\/zemino.hu\/ro\/wp-json\/wp\/v2\/media?parent=6183"}],"wp:term":[{"taxonomy":"category","embeddable":true,"href":"https:\/\/zemino.hu\/ro\/wp-json\/wp\/v2\/categories?post=6183"},{"taxonomy":"post_tag","embeddable":true,"href":"https:\/\/zemino.hu\/ro\/wp-json\/wp\/v2\/tags?post=6183"}],"curies":[{"name":"wp","href":"https:\/\/api.w.org\/{rel}","templated":true}]}}