{"id":6197,"date":"2026-08-29T20:02:35","date_gmt":"2026-08-29T18:02:35","guid":{"rendered":"https:\/\/zemino.hu\/?p=6197"},"modified":"2026-08-29T20:02:36","modified_gmt":"2026-08-29T18:02:36","slug":"bungee-jumping-baleset-szin-szeged-csongrad-csanad","status":"publish","type":"post","link":"https:\/\/zemino.hu\/ro\/villogos\/2026\/08\/29\/bungee-jumping-baleset-szin-szeged-csongrad-csanad\/","title":{"rendered":"Dr\u00e1mai pillanatok a SZIN-en: a nyaka k\u00f6r\u00e9 tekeredett a bungee jumping k\u00f6tele egy fiatalnak"},"content":{"rendered":"<p class=\"wp-block-paragraph\"><strong>K\u00f3rh\u00e1zba sz\u00e1ll\u00edtottak egy fesztiv\u00e1loz\u00f3t a Szegedi Ifj\u00fas\u00e1gi Napokr\u00f3l, miut\u00e1n a bungee jumping ugr\u00e1s k\u00f6zben a nyaka k\u00f6r\u00e9 csavarodott a gumik\u00f6t\u00e9l. Az \u00fcgyben a rend\u0151rs\u00e9g elj\u00e1r\u00e1st ind\u00edtott.<\/strong><\/p>\n\n\n\n<p class=\"wp-block-paragraph\">A Szegedi Ifj\u00fas\u00e1gi Napokon (SZIN) t\u00f6rt\u00e9nt esetr\u0151l az <a href=\"https:\/\/rtl.hu\/hirado\/2026\/08\/29\/bungee-jumping-baleset-szegedi-ifjusagi-napok-kotel\" target=\"_blank\" rel=\"noopener\">RTL H\u00edrad\u00f3<\/a> sz\u00e1molt be. A buliz\u00f3 l\u00e1b\u00e1hoz r\u00f6gz\u00edtett\u00e9k a felszerel\u00e9st, majd egy darus kos\u00e1rban a magasba emelt\u00e9k, ahonnan leugrott. A gumik\u00f6t\u00e9l megny\u00fal\u00e1s\u00e1t k\u00f6vet\u0151en a visszapattan\u00e1s sor\u00e1n megfesz\u00fclt, \u00e9s a visszar\u00e1nt\u00e1s pillanat\u00e1ban a fiatal nyaka k\u00f6r\u00e9 tekeredett.<\/p>\n\n\n\n<p class=\"wp-block-paragraph\">Szemtan\u00fak elmond\u00e1sa szerint a k\u00f6t\u00e9l t\u00f6bbsz\u00f6r is fel-le r\u00e1ntotta az ugr\u00f3t. A helysz\u00ednen l\u00e9v\u0151 ment\u0151s\u00f6k azonnal ell\u00e1t\u00e1st ny\u00fajtottak a s\u00e9r\u00fcltnek, majd k\u00f3rh\u00e1zba sz\u00e1ll\u00edtott\u00e1k.<\/p>\n\n\n\n<p class=\"wp-block-paragraph\">A SZIN k\u00f6zlem\u00e9nyben t\u00e1j\u00e9koztatott a szerencs\u00e9tlen\u00fcl siker\u00fclt ugr\u00e1sr\u00f3l. A szervez\u0151k folyamatos kapcsolatban maradtak az \u00e9rintett bar\u00e1taival, akikt\u0151l \u00e9jjel megtudt\u00e1k, hogy a vizsg\u00e1lati eredm\u00e9nyek negat\u00edvak lettek, \u00edgy a fiatal elhagyhatta a k\u00f3rh\u00e1zat.<\/p>\n\n\n\n<p class=\"wp-block-paragraph\">A rend\u0151rs\u00e9g foglalkoz\u00e1s k\u00f6r\u00e9ben elk\u00f6vetett gondatlan vesz\u00e9lyeztet\u00e9s miatt ind\u00edtott elj\u00e1r\u00e1st.<\/p>","protected":false},"excerpt":{"rendered":"<p>A Szegedi Ifj\u00fas\u00e1gi Napokon egy fiatal nyaka k\u00f6r\u00e9 tekeredett a bungee jumping k\u00f6tele. A rend\u0151rs\u00e9g foglalkoz\u00e1s k\u00f6r\u00e9ben elk\u00f6vetett gondatlan vesz\u00e9lyeztet\u00e9s miatt ind\u00edtott elj\u00e1r\u00e1st.<\/p>","protected":false},"author":2,"featured_media":6198,"comment_status":"open","ping_status":"open","sticky":false,"template":"","format":"standard","meta":{"_gspb_post_css":"","_zh_crosspost_remote_site":"zsaruhirek","_zh_crosspost_remote_post_id":"86293","_zh_crosspost_last_sync_at":"2026-08-29 20:02:04","_zh_crosspost_last_sync_direction":"zsaruhirek_to_zemino","footnotes":""},"categories":[325],"tags":[394,1308,3321,3322,3323,204,3324,3325],"class_list":["post-6197","post","type-post","status-publish","format-standard","has-post-thumbnail","hentry","category-villogos","tag-baleset","tag-bungee-jumping","tag-csongrad-csanad-varmegye","tag-gondatlan-veszelyeztetes","tag-gumikotel","tag-szeged","tag-szegedi-ifjusagi-napok","tag-szin"],"_links":{"self":[{"href":"https:\/\/zemino.hu\/ro\/wp-json\/wp\/v2\/posts\/6197","targetHints":{"allow":["GET"]}}],"collection":[{"href":"https:\/\/zemino.hu\/ro\/wp-json\/wp\/v2\/posts"}],"about":[{"href":"https:\/\/zemino.hu\/ro\/wp-json\/wp\/v2\/types\/post"}],"author":[{"embeddable":true,"href":"https:\/\/zemino.hu\/ro\/wp-json\/wp\/v2\/users\/2"}],"replies":[{"embeddable":true,"href":"https:\/\/zemino.hu\/ro\/wp-json\/wp\/v2\/comments?post=6197"}],"version-history":[{"count":1,"href":"https:\/\/zemino.hu\/ro\/wp-json\/wp\/v2\/posts\/6197\/revisions"}],"predecessor-version":[{"id":6199,"href":"https:\/\/zemino.hu\/ro\/wp-json\/wp\/v2\/posts\/6197\/revisions\/6199"}],"wp:featuredmedia":[{"embeddable":true,"href":"https:\/\/zemino.hu\/ro\/wp-json\/wp\/v2\/media\/6198"}],"wp:attachment":[{"href":"https:\/\/zemino.hu\/ro\/wp-json\/wp\/v2\/media?parent=6197"}],"wp:term":[{"taxonomy":"category","embeddable":true,"href":"https:\/\/zemino.hu\/ro\/wp-json\/wp\/v2\/categories?post=6197"},{"taxonomy":"post_tag","embeddable":true,"href":"https:\/\/zemino.hu\/ro\/wp-json\/wp\/v2\/tags?post=6197"}],"curies":[{"name":"wp","href":"https:\/\/api.w.org\/{rel}","templated":true}]}}