{"id":6203,"date":"2026-08-30T09:52:34","date_gmt":"2026-08-30T07:52:34","guid":{"rendered":"https:\/\/zemino.hu\/?p=6203"},"modified":"2026-08-30T09:55:47","modified_gmt":"2026-08-30T07:55:47","slug":"gulyas-balazs-incidens-kossuth-ter-tuntetes","status":"publish","type":"post","link":"https:\/\/zemino.hu\/ro\/kozelet\/2026\/08\/30\/gulyas-balazs-incidens-kossuth-ter-tuntetes\/","title":{"rendered":"Rend\u0151ri int\u00e9zked\u00e9sbe torkollott egy \u00fajs\u00e1g\u00edr\u00f3 elleni incidens a Kossuth t\u00e9ri t\u00fcntet\u00e9sen"},"content":{"rendered":"<p class=\"wp-block-paragraph\"><strong>Rend\u0151ri int\u00e9zked\u00e9ssel \u00e9s feljelent\u00e9ssel v\u00e9gz\u0151d\u00f6tt egy incidens a f\u0151v\u00e1rosi Kossuth t\u00e9ren szombaton tartott demonstr\u00e1ci\u00f3n. Az esem\u00e9nyen az egyik t\u00fcntet\u0151 agressz\u00edvan \u00e9s tr\u00e1g\u00e1r szavakkal k\u00e9rd\u0151re vonta Guly\u00e1s Bal\u00e1zs \u00fajs\u00e1g\u00edr\u00f3t, ami\u00e9rt az a v\u00e1laszt\u00e1sok ut\u00e1n egy m\u00e1sik m\u00e9diumhoz igazolt.<\/strong><\/p>\n\n\n\n<p class=\"wp-block-paragraph\">Szombat d\u00e9lut\u00e1n demonstr\u00e1ci\u00f3t szerveztek a Kossuth t\u00e9rre, hogy tiltakozzanak az Orsz\u00e1ggy\u0171l\u00e9s \u00e1ltal a Nemzeti Vagyonvisszaszerz\u00e9si Hivatal (NVVH) \u00e9l\u00e9re megv\u00e1lasztott <a href=\"https:\/\/zemino.hu\/ro\/kozelet\/2026\/08\/27\/unger-anna-nvvh-elnok-jelolt\/\">Unger Anna<\/a> kinevez\u00e9se ellen. A tiltakoz\u00e1son azonban v\u00e1ratlan fesz\u00fclts\u00e9g alakult ki, amikor az egyik r\u00e9sztvev\u0151 durva hangnemben t\u00e1madta le Guly\u00e1s Bal\u00e1zs \u00fajs\u00e1g\u00edr\u00f3t.<\/p>\n\n\n\n<p class=\"wp-block-paragraph\">A f\u00e9rfi els\u0151sorban azt nehezm\u00e9nyezte, hogy \u00e1ll\u00edt\u00e1sa szerint Guly\u00e1s a v\u00e1laszt\u00e1sokat k\u00f6vet\u0151en a Kontroll nev\u0171 laphoz szerz\u0151d\u00f6tt, amelyet Magyar P\u00e9ter testv\u00e9re, Magyar M\u00e1rton m\u0171k\u00f6dtet. A <a href=\"https:\/\/www.youtube.com\/watch?v=O6kxALk9xig\" target=\"_blank\" rel=\"noopener\">Kontroll \u00e1ltal k\u00f6zz\u00e9tett vide\u00f3felv\u00e9tel<\/a> tan\u00fas\u00e1ga szerint a demonstr\u00e1l\u00f3 fenyeget\u0151leg l\u00e9pett fel az \u00fajs\u00e1g\u00edr\u00f3val szemben: \u201eMit mosolyogsz, gyere, j\u00e1tsszuk le ketten\u201d \u2013 fogalmazott.<\/p>\n\n\n\n<p class=\"wp-block-paragraph\">A helysz\u00ednen tart\u00f3zkod\u00f3 rend\u0151r\u00f6k megpr\u00f3b\u00e1lt\u00e1k lecsillap\u00edtani a kiab\u00e1l\u00f3 f\u00e9rfit, aki a szidalmaz\u00e1s k\u00f6zben maga k\u00e9rt rend\u0151ri int\u00e9zked\u00e9st. Amikor a j\u00e1r\u0151r\u00f6k k\u00f6rbevett\u00e9k, alkotm\u00e1nyos jogaival \u00e9rvelve el\u0151sz\u00f6r megtagadta az igazoltat\u00e1st, \u00e1m v\u00e9g\u00fcl \u00e1tadta az okm\u00e1nyait, ahogyan a s\u00e9rtett \u00fajs\u00e1g\u00edr\u00f3 is tette. Guly\u00e1s Bal\u00e1zs a helysz\u00ednen nem k\u00edv\u00e1nt nyilatkozni az esem\u00e9nyekr\u0151l, de elmondta, hogy becs\u00fclets\u00e9rt\u00e9s miatt feljelent\u00e9st tesz az \u00fcgyben.<\/p>\n\n\n\n<figure class=\"wp-block-embed is-type-video is-provider-youtube wp-block-embed-youtube wp-embed-aspect-16-9 wp-has-aspect-ratio\"><div class=\"wp-block-embed__wrapper\">\n<iframe loading=\"lazy\" title=\"\u00c9rdektelens\u00e9g \u00e9s gar\u00e1zdas\u00e1g a Vagyonvisszaszerz\u00e9si Hivatal \u00faj eln\u00f6ke miatt szervezett t\u00fcntet\u00e9sen\" width=\"500\" height=\"281\" src=\"https:\/\/www.youtube.com\/embed\/O6kxALk9xig?feature=oembed\" frameborder=\"0\" allow=\"accelerometer; autoplay; clipboard-write; encrypted-media; gyroscope; picture-in-picture; web-share\" referrerpolicy=\"strict-origin-when-cross-origin\" allowfullscreen><\/iframe>\n<\/div><\/figure>\n\n\n\n<p class=\"wp-block-paragraph\"><\/p>\n\n\n\n<p class=\"wp-block-paragraph\">Ezt olvastad m\u00e1r? <a href=\"https:\/\/zemino.hu\/ro\/belfold\/2026\/06\/08\/bede-zsolt-sulyok-tamas-tuntetes\/\" target=\"_blank\">Elzavart\u00e1k Bede Zsoltot a Sulyok Tam\u00e1s melletti szimp\u00e1tiat\u00fcntet\u00e9sen<\/a><\/p>","protected":false},"excerpt":{"rendered":"<p>Rend\u0151ri int\u00e9zked\u00e9sbe torkollott egy incidens a Kossuth t\u00e9ren, ahol egy t\u00fcntet\u0151 tr\u00e1g\u00e1r m\u00f3don t\u00e1madta le Guly\u00e1s Bal\u00e1zs \u00fajs\u00e1g\u00edr\u00f3t. Feljelent\u00e9s is t\u00f6rt\u00e9nt.<\/p>","protected":false},"author":7,"featured_media":6207,"comment_status":"open","ping_status":"open","sticky":false,"template":"","format":"standard","meta":{"_gspb_post_css":"","_zh_crosspost_remote_site":"zsaruhirek","_zh_crosspost_remote_post_id":"86344","_zh_crosspost_last_sync_at":"2026-08-30 09:53:03","_zh_crosspost_last_sync_direction":"zemino_to_zsaruhirek","footnotes":""},"categories":[326],"tags":[1050,61,3329,1600,1341,396,3328,434,77],"class_list":["post-6203","post","type-post","status-publish","format-standard","has-post-thumbnail","hentry","category-kozelet","tag-bede-zsolt","tag-budapest","tag-gulyas-balazs","tag-incidens","tag-kontroll","tag-kossuth-ter","tag-nemzeti-vagyonvisszaszerzesi-hivatal","tag-pest-varmegye","tag-tuntetes"],"_links":{"self":[{"href":"https:\/\/zemino.hu\/ro\/wp-json\/wp\/v2\/posts\/6203","targetHints":{"allow":["GET"]}}],"collection":[{"href":"https:\/\/zemino.hu\/ro\/wp-json\/wp\/v2\/posts"}],"about":[{"href":"https:\/\/zemino.hu\/ro\/wp-json\/wp\/v2\/types\/post"}],"author":[{"embeddable":true,"href":"https:\/\/zemino.hu\/ro\/wp-json\/wp\/v2\/users\/7"}],"replies":[{"embeddable":true,"href":"https:\/\/zemino.hu\/ro\/wp-json\/wp\/v2\/comments?post=6203"}],"version-history":[{"count":2,"href":"https:\/\/zemino.hu\/ro\/wp-json\/wp\/v2\/posts\/6203\/revisions"}],"predecessor-version":[{"id":6211,"href":"https:\/\/zemino.hu\/ro\/wp-json\/wp\/v2\/posts\/6203\/revisions\/6211"}],"wp:featuredmedia":[{"embeddable":true,"href":"https:\/\/zemino.hu\/ro\/wp-json\/wp\/v2\/media\/6207"}],"wp:attachment":[{"href":"https:\/\/zemino.hu\/ro\/wp-json\/wp\/v2\/media?parent=6203"}],"wp:term":[{"taxonomy":"category","embeddable":true,"href":"https:\/\/zemino.hu\/ro\/wp-json\/wp\/v2\/categories?post=6203"},{"taxonomy":"post_tag","embeddable":true,"href":"https:\/\/zemino.hu\/ro\/wp-json\/wp\/v2\/tags?post=6203"}],"curies":[{"name":"wp","href":"https:\/\/api.w.org\/{rel}","templated":true}]}}