{"id":6213,"date":"2026-08-30T10:35:40","date_gmt":"2026-08-30T08:35:40","guid":{"rendered":"https:\/\/zemino.hu\/?p=6213"},"modified":"2026-08-30T10:36:11","modified_gmt":"2026-08-30T08:36:11","slug":"donald-trump-ontario-to-atnevezes-kacsa-video","status":"publish","type":"post","link":"https:\/\/zemino.hu\/ro\/kulfold\/2026\/08\/30\/donald-trump-ontario-to-atnevezes-kacsa-video\/","title":{"rendered":"Pardon?: G\u00e9pfegyveres, Trump-par\u00f3k\u00e1s kacsahadsereggel v\u00e9di az \u00e1tnevezett Ontario-tavat az amerikai eln\u00f6k"},"content":{"rendered":"<p class=\"wp-block-paragraph\"><strong>Mesters\u00e9ges intelligenci\u00e1val gener\u00e1lt, g\u00e9pfegyveres \u00e9s Trump-frizur\u00e1s kacs\u00e1kat \u00e1br\u00e1zol\u00f3 vide\u00f3t osztott meg k\u00f6z\u00f6ss\u00e9gi oldal\u00e1n Donald Trump. Az amerikai eln\u00f6k a szokatlan anim\u00e1ci\u00f3val az Ontario-t\u00f3 \u00e1tnevez\u00e9s\u00e9t \u00fcnnepli, amelyet egy friss eln\u00f6ki rendelettel \u201eLake America\u201d n\u00e9vre keresztelt \u00e1t.<\/strong><\/p>\n\n\n\n<p class=\"wp-block-paragraph\">Az amerikai eln\u00f6k a Truth Social platformon tette k\u00f6zz\u00e9 a felv\u00e9telt, amelyen egy Trump-frizur\u00e1s, g\u00e9pfegyveres kacs\u00e1kb\u00f3l \u00e1ll\u00f3 osztag v\u00e9di meg a \u201eLake America\u201d nev\u0171 tavat a visszanevez\u00e9st\u0151l \u2013 sz\u00e1molt be a k\u00fcl\u00f6n\u00f6s bejegyz\u00e9sr\u0151l a <a href=\"https:\/\/telex.hu\/zacc\/2026\/08\/30\/trump-parokaban-masirozo-gepfegyveres-kacsaosztagrol-posztolt-videot-donald-trump\" target=\"_blank\" rel=\"noopener\">Telex<\/a>. A nem mindennapi jelenetet az \u00e9rdekl\u0151d\u0151k itt tekinthetik meg:<\/p>\n\n\n\n<p class=\"wp-block-paragraph\"><a href=\"https:\/\/truthsocial.com\/@realDonaldTrump\/posts\/117179353254305954\" target=\"_blank\" rel=\"noopener\">https:\/\/truthsocial.com\/@realDonaldTrump\/posts\/117179353254305954<\/a><\/p>\n\n\n\n<p class=\"wp-block-paragraph\">A bejegyz\u00e9s k\u00eds\u00e9r\u0151zen\u00e9jek\u00e9nt a Hawaii Five-0 c\u00edm\u0171 telev\u00edzi\u00f3s sorozat f\u0151c\u00edmzen\u00e9j\u00e9t v\u00e1lasztott\u00e1k. Ez a dallam kifejezetten kedves az eln\u00f6k sz\u00e1m\u00e1ra, hiszen a tavaly okt\u00f3beri malajziai l\u00e1togat\u00e1sa sor\u00e1n a rep\u00fcl\u0151t\u00e9ren is erre a sz\u00e1mra ropta a t\u00e1ncot. A zenei al\u00e1fest\u00e9ssel ell\u00e1tott poszt nem sokkal azut\u00e1n jelent meg, hogy Trump al\u00e1\u00edrta az Ontario-t\u00f3 \u00e1tnevez\u00e9s\u00e9r\u0151l sz\u00f3l\u00f3 v\u00e9grehajt\u00e1si rendeletet. Ehhez kapcsol\u00f3d\u00f3an az al\u00e1bbi felv\u00e9tel is megtekinthet\u0151:<\/p>\n\n\n\n<figure class=\"wp-block-embed is-type-video is-provider-youtube wp-block-embed-youtube wp-embed-aspect-4-3 wp-has-aspect-ratio\"><div class=\"wp-block-embed__wrapper\">\n<iframe loading=\"lazy\" title=\"Hawaii Five-0 Theme\" width=\"500\" height=\"375\" src=\"https:\/\/www.youtube.com\/embed\/uV6fEri8LHk?feature=oembed\" frameborder=\"0\" allow=\"accelerometer; autoplay; clipboard-write; encrypted-media; gyroscope; picture-in-picture; web-share\" referrerpolicy=\"strict-origin-when-cross-origin\" allowfullscreen><\/iframe>\n<\/div><\/figure>\n\n\n\n<figure class=\"wp-block-embed is-type-video is-provider-youtube wp-block-embed-youtube wp-embed-aspect-16-9 wp-has-aspect-ratio\"><div class=\"wp-block-embed__wrapper\">\n<iframe loading=\"lazy\" title=\"LIVE: U.S. President Donald Trump Dances Upon Arrival in Malaysia for ASEAN Leaders Summit | N18G\" width=\"500\" height=\"281\" src=\"https:\/\/www.youtube.com\/embed\/rQHcHVhJoQc?feature=oembed\" frameborder=\"0\" allow=\"accelerometer; autoplay; clipboard-write; encrypted-media; gyroscope; picture-in-picture; web-share\" referrerpolicy=\"strict-origin-when-cross-origin\" allowfullscreen><\/iframe>\n<\/div><\/figure>\n\n\n\n<p class=\"wp-block-paragraph\">Nem ez volt az egyetlen MI-gener\u00e1lt tartalom, amelyet az eln\u00f6k megosztott a t\u00e9m\u00e1ban: k\u00e9s\u0151bb egy m\u00e1sik vide\u00f3t is k\u00f6zz\u00e9tett. Ebben maga Trump l\u00e1that\u00f3 a t\u00f3n\u00e1l, amint az \u00faj elnevez\u00e9st mutat\u00f3 t\u00e1bla mellett \u00e1llva f\u00e9lrer\u00fagja a r\u00e9git, majd a Village People h\u00edres, \u201eYMCA\u201d c\u00edm\u0171 sl\u00e1ger\u00e9re kezd t\u00e1ncolni. A poszt itt \u00e9rhet\u0151 el:<\/p>\n\n\n\n<p class=\"wp-block-paragraph\"><a href=\"https:\/\/truthsocial.com\/@realDonaldTrump\/posts\/117180949829008293\" target=\"_blank\" rel=\"noopener\">https:\/\/truthsocial.com\/@realDonaldTrump\/posts\/117180949829008293<\/a><\/p>\n\n\n\n<p class=\"wp-block-paragraph\">Donald Trump cs\u00fct\u00f6rt\u00f6k\u00f6n \u00edrta al\u00e1 azt a v\u00e9grehajt\u00e1si rendeletet, amely azonnali hat\u00e1llyal Amerika-t\u00f3ra (Lake America) v\u00e1ltoztatja az Egyes\u00fclt \u00c1llamok \u00e9s Kanada hat\u00e1r\u00e1n fekv\u0151 Ontario-t\u00f3 nev\u00e9t. A t\u00f3 a k\u00e9t orsz\u00e1got elv\u00e1laszt\u00f3 Nagy-tavak egyike. Az Ontario n\u00e9v nemcsak a v\u00edzfel\u00fcletet jel\u00f6li, hanem Kanada legn\u00e9pesebb \u00e9s gazdas\u00e1gilag legjelent\u0151sebb tartom\u00e1ny\u00e1t is, amelyben az orsz\u00e1g f\u0151v\u00e1rosa, Ottawa, valamint Toronto is tal\u00e1lhat\u00f3<\/p>\n\n\n\n<p class=\"wp-block-paragraph\">Az amerikai eln\u00f6knek nem ez az els\u0151 hasonl\u00f3 n\u00e9vv\u00e1ltoztat\u00e1si k\u00eds\u00e9rlete. Kor\u00e1bban a Mexik\u00f3i-\u00f6bl\u00f6t nevezte \u00e1t Amerikai-\u00f6b\u00f6lnek. A l\u00e9p\u00e9st Mexik\u00f3 nem ismerte el, \u00e9s a nemzetk\u00f6zi k\u00f6z\u00f6ss\u00e9g t\u00f6bbs\u00e9ge az\u00f3ta is az eredeti nev\u00e9n hivatkozik a ter\u00fcletre.<\/p>","protected":false},"excerpt":{"rendered":"<p>Donald Trump g\u00e9pfegyveres, Trump-par\u00f3k\u00e1s kacs\u00e1kkal \u00e9s MI-vide\u00f3kkal \u00fcnnepli, hogy eln\u00f6ki rendelettel Lake America n\u00e9vre keresztelte \u00e1t az Ontario-tavat.<\/p>","protected":false},"author":7,"featured_media":6212,"comment_status":"open","ping_status":"open","sticky":false,"template":"","format":"standard","meta":{"_gspb_post_css":"","_zh_crosspost_remote_site":"","_zh_crosspost_remote_post_id":"","_zh_crosspost_last_sync_at":"","_zh_crosspost_last_sync_direction":"","_zh_crosspost_synced_images":"","footnotes":""},"categories":[33],"tags":[47,111,2607,3331,49,3330,1476,3332],"class_list":["post-6213","post","type-post","status-publish","format-standard","has-post-thumbnail","hentry","category-kulfold","tag-donald-trump","tag-egyesult-allamok","tag-kanada","tag-lake-america","tag-mesterseges-intelligencia","tag-ontario-to","tag-telex","tag-truth-social"],"_links":{"self":[{"href":"https:\/\/zemino.hu\/ro\/wp-json\/wp\/v2\/posts\/6213","targetHints":{"allow":["GET"]}}],"collection":[{"href":"https:\/\/zemino.hu\/ro\/wp-json\/wp\/v2\/posts"}],"about":[{"href":"https:\/\/zemino.hu\/ro\/wp-json\/wp\/v2\/types\/post"}],"author":[{"embeddable":true,"href":"https:\/\/zemino.hu\/ro\/wp-json\/wp\/v2\/users\/7"}],"replies":[{"embeddable":true,"href":"https:\/\/zemino.hu\/ro\/wp-json\/wp\/v2\/comments?post=6213"}],"version-history":[{"count":1,"href":"https:\/\/zemino.hu\/ro\/wp-json\/wp\/v2\/posts\/6213\/revisions"}],"predecessor-version":[{"id":6217,"href":"https:\/\/zemino.hu\/ro\/wp-json\/wp\/v2\/posts\/6213\/revisions\/6217"}],"wp:featuredmedia":[{"embeddable":true,"href":"https:\/\/zemino.hu\/ro\/wp-json\/wp\/v2\/media\/6212"}],"wp:attachment":[{"href":"https:\/\/zemino.hu\/ro\/wp-json\/wp\/v2\/media?parent=6213"}],"wp:term":[{"taxonomy":"category","embeddable":true,"href":"https:\/\/zemino.hu\/ro\/wp-json\/wp\/v2\/categories?post=6213"},{"taxonomy":"post_tag","embeddable":true,"href":"https:\/\/zemino.hu\/ro\/wp-json\/wp\/v2\/tags?post=6213"}],"curies":[{"name":"wp","href":"https:\/\/api.w.org\/{rel}","templated":true}]}}