{"id":6218,"date":"2026-08-30T11:04:35","date_gmt":"2026-08-30T09:04:35","guid":{"rendered":"https:\/\/zemino.hu\/?p=6218"},"modified":"2026-08-30T11:04:36","modified_gmt":"2026-08-30T09:04:36","slug":"budapest-dizskivilagitas-korlatozasok-feloldasa","status":"publish","type":"post","link":"https:\/\/zemino.hu\/ro\/belfold\/2026\/08\/30\/budapest-dizskivilagitas-korlatozasok-feloldasa\/","title":{"rendered":"Visszakapcsolj\u00e1k a d\u00edszkivil\u00e1g\u00edt\u00e1st \u00e9s a gell\u00e9rthegyi v\u00edzes\u00e9st: v\u00e9get \u00e9rnek a korl\u00e1toz\u00e1sok Budapesten"},"content":{"rendered":"<p class=\"wp-block-paragraph\"><strong>Szeptember elsej\u00e9t\u0151l vissza\u00e1ll a megszokott m\u0171k\u00f6d\u00e9si rend a f\u0151v\u00e1rosi v\u00e1llalatokn\u00e1l, miut\u00e1n stabiliz\u00e1l\u00f3dott az energiaell\u00e1t\u00e1s, \u00edgy a kor\u00e1bban bevezetett korl\u00e1toz\u00e1sokat is kivezetik Budapesten. A h\u0151s\u00e9g \u00e9s a rendk\u00edv\u00fcli asz\u00e1ly miatt elrendelt takar\u00e9koss\u00e1gi int\u00e9zked\u00e9sek megsz\u00fcntet\u00e9s\u00e9vel \u00fajra m\u0171k\u00f6dik majd a d\u00edszkivil\u00e1g\u00edt\u00e1s, a sz\u00f6k\u0151kutak \u00e9s a gell\u00e9rthegyi v\u00edzes\u00e9s is.<\/strong><\/p>\n\n\n\n<p class=\"wp-block-paragraph\">Szeptember 1-j\u00e9t\u0151l ism\u00e9t az eredeti munkarend szerint m\u0171k\u00f6dnek a f\u0151v\u00e1rosi c\u00e9gek, miut\u00e1n helyre\u00e1llt az energiaell\u00e1t\u00e1s, a korl\u00e1toz\u00e1sokat pedig teljesen megsz\u00fcntetik \u2013 der\u00fclt ki Kar\u00e1csony Gergely f\u0151polg\u00e1rmester <a href=\"https:\/\/www.facebook.com\/karacsonygergely\/posts\/pfbid02H2SVKHJgzmNiGtbwnX1YagjAv27wo7tYsYvp9TSX1ZL6YP4UzBZBT2xqeFyhdkCUl\" target=\"_blank\" rel=\"noopener\">vas\u00e1rnap reggeli Facebook-bejegyz\u00e9s\u00e9b\u0151l<\/a>. A v\u00e1rosvezet\u0151 kiemelte, hogy a h\u0151s\u00e9g \u00e9s a sz\u00e9ls\u0151s\u00e9ges sz\u00e1razs\u00e1g idej\u00e9n Budapest alkalmazkodott a rendk\u00edv\u00fcli helyzethez. A f\u0151v\u00e1rosi c\u00e9gek energia- \u00e9s v\u00edztakar\u00e9koss\u00e1gi int\u00e9zked\u00e9seket vezettek be, mik\u00f6zben az \u00f6nkorm\u00e1nyzat arra t\u00f6rekedett, hogy a k\u00f6zszolg\u00e1ltat\u00e1sok a lehet\u0151 legkisebb m\u00e9rt\u00e9kben v\u00e1ltozzanak.<\/p>\n\n\n\n<p class=\"wp-block-paragraph\">A rendk\u00edv\u00fcli id\u0151szakban korl\u00e1tozt\u00e1k az energiafelhaszn\u00e1l\u00e1st a k\u00f6z\u00f6ss\u00e9gi k\u00f6zleked\u00e9sben \u00e9s a f\u0151v\u00e1rosi c\u00e9gekn\u00e9l is, emellett takar\u00e9kosabban \u00f6nt\u00f6zt\u00e9k a f\u00e1kat, cs\u00f6kkentett\u00e9k a v\u00edzfelhaszn\u00e1l\u00e1st, valamint \u00e1tmenetileg le\u00e1ll\u00edtott\u00e1k a d\u00edszvil\u00e1g\u00edt\u00e1st, a sz\u00f6k\u0151kutakat \u00e9s a gell\u00e9rthegyi v\u00edzes\u00e9st. Kar\u00e1csony Gergely szerint a helyzet kezel\u00e9se megmutatta, hogy a f\u0151v\u00e1ros k\u00e9pes \u00f6sszefogva, felel\u0151sen reag\u00e1lni a kl\u00edmav\u00e1ltoz\u00e1s egyre sz\u00e9ls\u0151s\u00e9gesebb k\u00f6vetkezm\u00e9nyeire.<\/p>\n\n\n\n<p class=\"wp-block-paragraph\">A F\u0151polg\u00e1rmesteri Hivatal MTI-hez eljuttatott k\u00f6zlem\u00e9nye r\u00e9szletezte az augusztusi takar\u00e9koss\u00e1gi int\u00e9zked\u00e9sek pontos eredm\u00e9nyeit. A besz\u00e1mol\u00f3 szerint a BKK \u00e9s a BKV int\u00e9zked\u00e9seinek k\u00f6sz\u00f6nhet\u0151en a j\u00e1rm\u0171vek kev\u00e9sb\u00e9 intenz\u00edven gyors\u00edtottak \u00e9s f\u00e9keztek, ami a villamosk\u00f6zleked\u00e9sben t\u00f6bb mint 661, a metr\u00f3kn\u00e1l pedig t\u00f6bb mint 355 megawatt\u00f3ra energiamegtakar\u00edt\u00e1st eredm\u00e9nyezett. Emellett a BKK mintegy 20 sz\u00e1zal\u00e9kkal cs\u00f6kkentette a metr\u00f3\u00e1llom\u00e1sok mozg\u00f3l\u00e9pcs\u0151inek, valamint saj\u00e1t irodah\u00e1z\u00e1nak villamosenergia-felhaszn\u00e1l\u00e1s\u00e1t.<\/p>\n\n\n\n<p class=\"wp-block-paragraph\">A Budapesti K\u00f6zm\u0171vek (BKM) a teljes f\u0151v\u00e1rosi d\u00edszvil\u00e1g\u00edt\u00e1s sz\u00fcneteltet\u00e9s\u00e9vel csaknem 20 megawatt\u00f3ra energi\u00e1t sp\u00f3rolt meg. A t\u00e1rsas\u00e1gn\u00e1l a cs\u00facsid\u0151szaki villamosenergia-ig\u00e9ny is csaknem 4 megawattal m\u00e9rs\u00e9kl\u0151d\u00f6tt, mik\u00f6zben a teljes energiamegtakar\u00edt\u00e1s meghaladta a 120 megawatt\u00f3r\u00e1t, ami egy paksi g\u00e9pegys\u00e9g f\u00e9l\u00f3r\u00e1s teljes termel\u00e9s\u00e9nek felel meg. A F\u0151kert a sz\u00f6k\u0151kutak \u00e1tmeneti le\u00e1ll\u00edt\u00e1s\u00e1val k\u00f6zel 25 ezer k\u00f6bm\u00e9ter vizet takar\u00edtott meg. A hivatal azt is k\u00f6z\u00f6lte, hogy folyamatosak az egyeztet\u00e9sek a F\u0151v\u00e1rosi Hullad\u00e9khasznos\u00edt\u00f3 M\u0171vet \u00fczemeltet\u0151 MOHU Budapest Zrt.-vel az id\u0151szakosan cs\u00f6kkenthet\u0151 h\u0151\u00e1tv\u00e9telr\u0151l, amellyel a villamosenergia-rendszer kritikus id\u0151szakaiban tov\u00e1bbi t\u00f6bblet-bet\u00e1pl\u00e1l\u00e1st biztos\u00edthatnak az orsz\u00e1gos h\u00e1l\u00f3zat sz\u00e1m\u00e1ra.<\/p>\n\n\n\n<figure class=\"wp-block-embed is-type-rich is-provider-facebook wp-block-embed-facebook\"><div class=\"wp-block-embed__wrapper\">\n<div id=\"fb-root\"><\/div><script async=\"1\" defer=\"1\" crossorigin=\"anonymous\" src=\"https:\/\/connect.facebook.net\/hu_HU\/sdk.js#xfbml=1&amp;version=v26.0\"><\/script><div class=\"fb-post\" data-href=\"https:\/\/www.facebook.com\/karacsonygergely\/posts\/pfbid02H2SVKHJgzmNiGtbwnX1YagjAv27wo7tYsYvp9TSX1ZL6YP4UzBZBT2xqeFyhdkCUl\" data-width=\"500\"><\/div>\n<\/div><\/figure>","protected":false},"excerpt":{"rendered":"<p>Szeptember 1-j\u00e9t\u0151l megsz\u0171nnek a takar\u00e9koss\u00e1gi korl\u00e1toz\u00e1sok Budapesten. Visszat\u00e9r a d\u00edszkivil\u00e1g\u00edt\u00e1s, a sz\u00f6k\u0151kutak \u00e9s a gell\u00e9rthegyi v\u00edzes\u00e9s is.<\/p>","protected":false},"author":2,"featured_media":6221,"comment_status":"open","ping_status":"open","sticky":false,"template":"","format":"standard","meta":{"_gspb_post_css":"","_zh_crosspost_remote_site":"zsaruhirek","_zh_crosspost_remote_post_id":"86380","_zh_crosspost_last_sync_at":"2026-08-30 11:02:16","_zh_crosspost_last_sync_direction":"zsaruhirek_to_zemino","footnotes":""},"categories":[31],"tags":[2646,214,3333,61,3334,3335,1008,439,3336,1147],"class_list":["post-6218","post","type-post","status-publish","format-standard","has-post-thumbnail","hentry","category-belfold","tag-aszaly","tag-bkk","tag-bkv","tag-budapest","tag-budapesti-kozmuvek","tag-diszkivilagitas","tag-fokert","tag-fovarosi-onkormanyzat","tag-gellerthegyi-vizeses","tag-karacsony-gergely"],"_links":{"self":[{"href":"https:\/\/zemino.hu\/ro\/wp-json\/wp\/v2\/posts\/6218","targetHints":{"allow":["GET"]}}],"collection":[{"href":"https:\/\/zemino.hu\/ro\/wp-json\/wp\/v2\/posts"}],"about":[{"href":"https:\/\/zemino.hu\/ro\/wp-json\/wp\/v2\/types\/post"}],"author":[{"embeddable":true,"href":"https:\/\/zemino.hu\/ro\/wp-json\/wp\/v2\/users\/2"}],"replies":[{"embeddable":true,"href":"https:\/\/zemino.hu\/ro\/wp-json\/wp\/v2\/comments?post=6218"}],"version-history":[{"count":1,"href":"https:\/\/zemino.hu\/ro\/wp-json\/wp\/v2\/posts\/6218\/revisions"}],"predecessor-version":[{"id":6223,"href":"https:\/\/zemino.hu\/ro\/wp-json\/wp\/v2\/posts\/6218\/revisions\/6223"}],"wp:featuredmedia":[{"embeddable":true,"href":"https:\/\/zemino.hu\/ro\/wp-json\/wp\/v2\/media\/6221"}],"wp:attachment":[{"href":"https:\/\/zemino.hu\/ro\/wp-json\/wp\/v2\/media?parent=6218"}],"wp:term":[{"taxonomy":"category","embeddable":true,"href":"https:\/\/zemino.hu\/ro\/wp-json\/wp\/v2\/categories?post=6218"},{"taxonomy":"post_tag","embeddable":true,"href":"https:\/\/zemino.hu\/ro\/wp-json\/wp\/v2\/tags?post=6218"}],"curies":[{"name":"wp","href":"https:\/\/api.w.org\/{rel}","templated":true}]}}