{"id":6224,"date":"2026-08-30T11:59:26","date_gmt":"2026-08-30T09:59:26","guid":{"rendered":"https:\/\/zemino.hu\/?p=6224"},"modified":"2026-08-30T11:59:28","modified_gmt":"2026-08-30T09:59:28","slug":"kekva-felszamolas-allami-vagyon-visszavetel","status":"publish","type":"post","link":"https:\/\/zemino.hu\/ro\/gazdasag\/2026\/08\/30\/kekva-felszamolas-allami-vagyon-visszavetel\/","title":{"rendered":"Visszaker\u00fclt az \u00e1llamhoz 100 milli\u00e1rd \u00e9rt\u00e9k\u0171 KEKVA-vagyon: lez\u00e1rult a k\u00f6z\u00e9rdek\u0171 alap\u00edtv\u00e1nyok felsz\u00e1mol\u00e1sa"},"content":{"rendered":"<p class=\"wp-block-paragraph\"><strong>Augusztus v\u00e9g\u00e9vel hivatalosan is befejez\u0151dik a k\u00f6z\u00e9rdek\u0171 vagyonkezel\u0151 alap\u00edtv\u00e1nyok (KEKVA) felsz\u00e1mol\u00e1sa, \u00edgy a vagyonuk minden esetben visszasz\u00e1ll az \u00e1llamra. Az \u00faj Orsz\u00e1ggy\u0171l\u00e9s \u00e1ltal elfogadott t\u00f6rv\u00e9ny \u00e9rtelm\u00e9ben a kor\u00e1bban kiszervezett vagyont\u00e1rgyak a feladatokat \u00e1tvev\u0151 miniszt\u00e9riumokhoz ker\u00fclnek vissza.<\/strong><\/p>\n\n\n\n<p class=\"wp-block-paragraph\">Mint azt <a href=\"https:\/\/www.facebook.com\/vitezydavid\/posts\/pfbid027XFrJRA9WntyWLqMeGeiAcuZ37B2fCwAgo72UXCYZikagsvXejgAoc2UQjgFhyDcl\" target=\"_blank\" rel=\"noopener\">Vit\u00e9zy D\u00e1vid<\/a> a k\u00f6z\u00f6ss\u00e9gi oldal\u00e1n k\u00f6zzettett bejegyz\u00e9s\u00e9ben ismertette, augusztus 31-\u00e9vel v\u00e9gleg lez\u00e1rul a k\u00f6z\u00e9rdek\u0171 vagyonkezel\u0151 alap\u00edtv\u00e1nyok felsz\u00e1mol\u00e1si folyamata. A kor\u00e1bban a Fidesz \u00e1ltal l\u00e9trehozott KEKVA-kat az \u00faj Orsz\u00e1ggy\u0171l\u00e9s a megalakul\u00e1sa ut\u00e1n alig n\u00e9h\u00e1ny h\u00e9ttel elfogadott jogszab\u00e1llyal sz\u00fcntette meg. Az elm\u00falt b\u0151 k\u00e9t h\u00f3napban a korm\u00e1ny \u00e1ltal kijel\u00f6lt felsz\u00e1mol\u00f3biztosok ir\u00e1ny\u00edt\u00e1s\u00e1val zajlott le a vagyonelemek \u00e1tad\u00e1sa a feladatk\u00f6r\u00f6ket \u00e1tvev\u0151 t\u00e1rc\u00e1knak.<\/p>\n\n\n\n<div data-miniapp-id=\"facebook-embed\"><\/div>\n\n\n\n<p class=\"wp-block-paragraph\">A K\u00f6zleked\u00e9si \u00e9s Beruh\u00e1z\u00e1si Miniszt\u00e9rium al\u00e1 tartoz\u00f3 ter\u00fcleteken n\u00e9gy \u00e9rintett alap\u00edtv\u00e1ny \u2013 a Millen\u00e1ris Tudom\u00e1nyos Kultur\u00e1lis Alap\u00edtv\u00e1ny, a K\u00f6z\u00e9p-eur\u00f3pai \u00c9p\u00edtett \u00d6r\u00f6ks\u00e9g Meg\u0151rz\u0151 Alap\u00edtv\u00e1ny, a Hauszmann Alap\u00edtv\u00e1ny, valamint a K\u00f6z\u00e9p-eur\u00f3pai Oktat\u00e1si Alap\u00edtv\u00e1ny \u2013 \u00e1tv\u00e9tel\u00e9vel \u00f6sszesen mintegy 100 milli\u00e1rd forint \u00e9rt\u00e9k\u0171 vagyon ker\u00fclt vissza az \u00e1llami portf\u00f3li\u00f3ba. A besz\u00e1mol\u00f3 szerint a strukt\u00farav\u00e1lt\u00e1s nem vesz\u00e9lyezteti a k\u00f6zfeladatok \u00e9s szolg\u00e1ltat\u00e1sok ell\u00e1t\u00e1s\u00e1t, azok min\u0151s\u00e9ge nem fog romlani, mik\u00f6zben sz\u00e1mos felesleges kifizet\u0151helyet siker\u00fclt megsz\u00fcntetni, \u00e9s az \u00e1llami vagyon felhaszn\u00e1l\u00e1sa ism\u00e9t \u00e1tl\u00e1that\u00f3v\u00e1, ellen\u0151rizhet\u0151v\u00e9 v\u00e1lik.<\/p>\n\n\n\n<p class=\"wp-block-paragraph\">A KEKVA-rendszer fenntart\u00e1sa kor\u00e1bban komoly akad\u00e1lyt jelentett az uni\u00f3s forr\u00e1sok leh\u00edv\u00e1s\u00e1ban, mivel az Eur\u00f3pai Bizotts\u00e1g \u00e9lesen b\u00edr\u00e1lta a politikusokkal felt\u00f6lt\u00f6tt kurat\u00f3riumok \u00e1tl\u00e1thatatlan m\u0171k\u00f6d\u00e9s\u00e9t. M\u00edg a kor\u00e1bbi Fidesz-korm\u00e1ny nem volt hajland\u00f3 eleget tenni a br\u00fcsszeli felt\u00e9teleknek, a Tisza-korm\u00e1ny alig t\u00f6bb mint h\u00e1rom h\u00f3nap alatt felsz\u00e1molta a rendszert, visszaszerezte az \u00e1llami vagyont, \u00e9s ezzel elh\u00e1r\u00edtotta az akad\u00e1lyt az uni\u00f3s forr\u00e1sok hazahozatala el\u0151l.<\/p>","protected":false},"excerpt":{"rendered":"<p>Augusztus v\u00e9g\u00e9vel lez\u00e1rul a KEKVA-k felsz\u00e1mol\u00e1sa. Mintegy 100 milli\u00e1rd forintnyi vagyon ker\u00fcl vissza az \u00e1llamhoz a Tisza-korm\u00e1ny int\u00e9zked\u00e9se nyom\u00e1n.<\/p>","protected":false},"author":2,"featured_media":6225,"comment_status":"open","ping_status":"open","sticky":false,"template":"","format":"standard","meta":{"_gspb_post_css":"","_zh_crosspost_remote_site":"zsaruhirek","_zh_crosspost_remote_post_id":"86390","_zh_crosspost_last_sync_at":"2026-08-30 11:45:58","_zh_crosspost_last_sync_direction":"zsaruhirek_to_zemino","footnotes":""},"categories":[32],"tags":[1724,3337,1033,3338,3339,896,3340,456,950],"class_list":["post-6224","post","type-post","status-publish","format-standard","has-post-thumbnail","hentry","category-gazdasag","tag-allami-vagyon","tag-hauszmann-alapitvany","tag-kekva","tag-kozep-europai-epitett-orokseg-megorzo-alapitvany","tag-kozep-europai-oktatasi-alapitvany","tag-kozlekedesi-es-beruhazasi-miniszterium","tag-millenaris-tudomanyos-kulturalis-alapitvany","tag-tisza-kormany","tag-unios-forrasok"],"_links":{"self":[{"href":"https:\/\/zemino.hu\/ro\/wp-json\/wp\/v2\/posts\/6224","targetHints":{"allow":["GET"]}}],"collection":[{"href":"https:\/\/zemino.hu\/ro\/wp-json\/wp\/v2\/posts"}],"about":[{"href":"https:\/\/zemino.hu\/ro\/wp-json\/wp\/v2\/types\/post"}],"author":[{"embeddable":true,"href":"https:\/\/zemino.hu\/ro\/wp-json\/wp\/v2\/users\/2"}],"replies":[{"embeddable":true,"href":"https:\/\/zemino.hu\/ro\/wp-json\/wp\/v2\/comments?post=6224"}],"version-history":[{"count":1,"href":"https:\/\/zemino.hu\/ro\/wp-json\/wp\/v2\/posts\/6224\/revisions"}],"predecessor-version":[{"id":6227,"href":"https:\/\/zemino.hu\/ro\/wp-json\/wp\/v2\/posts\/6224\/revisions\/6227"}],"wp:featuredmedia":[{"embeddable":true,"href":"https:\/\/zemino.hu\/ro\/wp-json\/wp\/v2\/media\/6225"}],"wp:attachment":[{"href":"https:\/\/zemino.hu\/ro\/wp-json\/wp\/v2\/media?parent=6224"}],"wp:term":[{"taxonomy":"category","embeddable":true,"href":"https:\/\/zemino.hu\/ro\/wp-json\/wp\/v2\/categories?post=6224"},{"taxonomy":"post_tag","embeddable":true,"href":"https:\/\/zemino.hu\/ro\/wp-json\/wp\/v2\/tags?post=6224"}],"curies":[{"name":"wp","href":"https:\/\/api.w.org\/{rel}","templated":true}]}}