{"id":6228,"date":"2026-08-30T12:11:14","date_gmt":"2026-08-30T10:11:14","guid":{"rendered":"https:\/\/zemino.hu\/?p=6228"},"modified":"2026-08-30T12:11:15","modified_gmt":"2026-08-30T10:11:15","slug":"ruszin-szendi-romulusz-nem-tesz-feljelentest-kommentelo","status":"publish","type":"post","link":"https:\/\/zemino.hu\/ro\/villogos\/2026\/08\/30\/ruszin-szendi-romulusz-nem-tesz-feljelentest-kommentelo\/","title":{"rendered":"Nem tesz feljelent\u00e9st az \u0151t gyal\u00e1z\u00f3 kommentel\u0151 ellen Ruszin-Szendi Romulusz"},"content":{"rendered":"\n<p class=\"wp-block-paragraph\"><strong>Nem \u00e9l mag\u00e1nind\u00edtv\u00e1nnyal Ruszin-Szendi Romulusz honv\u00e9delmi miniszter abban az \u00fcgyben, amelyet egy \u0151t gyal\u00e1z\u00f3 kommentel\u0151 miatt ind\u00edtott egy ismeretlen \u00e1llampolg\u00e1r. A t\u00e1rcavezet\u0151 k\u00f6z\u00f6ss\u00e9gi oldal\u00e1n kifejtette, hogy a b\u00fcntet\u0151elj\u00e1r\u00e1s helyett a politikai kult\u00fara helyre\u00e1ll\u00edt\u00e1s\u00e1t tartja szem el\u0151tt, \u00e9s \u00e9les b\u00edr\u00e1lattal illette az ellenz\u00e9ki Fidesz kor\u00e1bbi kommunik\u00e1ci\u00f3s gyakorlat\u00e1t.<\/strong><\/p>\n\n\n\n<p class=\"wp-block-paragraph\">A rend\u0151rs\u00e9g kereste meg a honv\u00e9delmi minisztert, miut\u00e1n egy ismeretlen \u00e1llampolg\u00e1r feljelent\u00e9st tett egy Ruszin-Szendi Romuluszt c\u00e9lz\u00f3, durva hangv\u00e9tel\u0171 hozz\u00e1sz\u00f3l\u00e1s miatt. A hat\u00f3s\u00e1g arr\u00f3l \u00e9rdekl\u0151d\u00f6tt a minisztern\u00e9l, hogy k\u00edv\u00e1n-e mag\u00e1nind\u00edtv\u00e1nnyal \u00e9lni az \u00fcgyben, amire \u0151 nemleges v\u00e1laszt adott.<\/p>\n\n\n\n<p class=\"wp-block-paragraph\">A t\u00e1rcavezet\u0151 a Facebook-oldal\u00e1n k\u00f6zzettett bejegyz\u00e9s\u00e9ben tiszt\u00e1zta a d\u00f6nt\u00e9se h\u00e1tter\u00e9t. Mint \u00edrta, nem az\u00e9rt d\u00f6nt\u00f6tt \u00edgy, mert elfogadhat\u00f3nak tal\u00e1lja ezt a st\u00edlust, hanem mert a politik\u00e1nak p\u00e9ld\u00e1t kell mutatnia az indulatok kezel\u00e9s\u00e9ben.<\/p>\n\n\n\n<p class=\"wp-block-paragraph\"><a href=\"https:\/\/www.facebook.com\/ruszinszendiromulusz\/posts\/pfbid02iMXzEoe5G89JjsEouSnXr358UntF1PDosfo3QtqYuYjF4PwydszR8meVQDQJoPt5l?__cft__[0]=AZZrjQ7CAm3AMa3EMy1vKwaWq7Dwf5EiQUFaZ-GjweLxCTk-h1hCoaLuj-A5H-SFi9efThHzsotO84tyTaInl1svI2PankMqHLIUBFeE2GUZMtCcQ1vCQefRbc22qJiCcVtaMBxmqDOzFZSddA1_2fyhiVmcIIkRN_dq7-R4do49q1lOQJUE-OJxsgXax9eYNlR225vuOjjndPIBmO0kKfwt&amp;__tn__=%2CO%2CP-R\" target=\"_blank\" rel=\"noopener\">Ruszin-Szendi Romulusz felid\u00e9zte<\/a>, hogy m\u00e9g 2025-ben egy kommentel\u0151 olyan tr\u00e1g\u00e1r \u00e9s agressz\u00edv hangnemet \u00fct\u00f6tt meg vele szemben, amely messze t\u00falmutat a norm\u00e1lis k\u00f6z\u00e9leti vita keretein.<\/p>\n\n\n\n<p class=\"wp-block-paragraph\">A miniszter bejegyz\u00e9s\u00e9ben \u00edgy fogalmazott:<\/p>\n\n\n\n<blockquote class=\"wp-block-quote is-layout-flow wp-block-quote-is-layout-flow\">\n<p class=\"wp-block-paragraph\">\u201eNem teszek feljelent\u00e9st. Nem ez\u00e9rt vagyok politikus\u201d<\/p>\n<\/blockquote>\n\n\n\n<p class=\"wp-block-paragraph\">Valamint hozz\u00e1tette:<\/p>\n\n\n\n<blockquote class=\"wp-block-quote is-layout-flow wp-block-quote-is-layout-flow\">\n<p class=\"wp-block-paragraph\">\u201eEz\u00e9rt nem is \u00e9n, hanem egy sz\u00e1momra ismeretlen \u00e1llampolg\u00e1r feljelent\u00e9st tett. A rend\u0151rs\u00e9g megkeresett: az \u00fcgyben nyilatkoznom kell arr\u00f3l, hogy k\u00edv\u00e1n-e mag\u00e1nind\u00edtv\u00e1nnyal \u00e9lni. Nem k\u00edv\u00e1nok\u201d<\/p>\n<\/blockquote>\n\n\n\n<p class=\"wp-block-paragraph\">A honv\u00e9delmi miniszter szerint a hozz\u00e1sz\u00f3l\u00e1s egy \u201emegt\u00e9vesztett, a propaganda \u00e1ltal f\u00e9lrevezetett ember gyal\u00e1zkod\u00e1sa\u201d. Ugyanakkor \u00e9les b\u00edr\u00e1lattal illette az ellenz\u00e9ki Fidesz politikai \u00f6r\u00f6ks\u00e9g\u00e9t, amely szerinte felel\u0151s a k\u00f6zbesz\u00e9d eldurvul\u00e1s\u00e1\u00e9rt.<\/p>\n\n\n\n<blockquote class=\"wp-block-quote is-layout-flow wp-block-quote-is-layout-flow\">\n<p class=\"wp-block-paragraph\">\u201eDe azok a politikusok, akik erk\u00f6lcstelen\u00fcl t\u00e1madtak \u00e9s t\u00e1madnak, azok sz\u00e1m\u00edthatnak tett\u00fck jogi k\u00f6vetkezm\u00e9nyeire. Az elm\u00falt \u00e9vek magyar k\u00f6z\u00e9let\u00e9ben sajnos a Fidesz \u00e1ltal meghonos\u00edtott politikai kommunik\u00e1ci\u00f3 egyik meghat\u00e1roz\u00f3 eszk\u00f6ze lett az usz\u00edt\u00e1s, az ellens\u00e9gk\u00e9pz\u00e9s \u00e9s a gy\u0171l\u00f6letkelt\u0151 retorika\u201d<\/p>\n<\/blockquote>\n\n\n\n<blockquote class=\"wp-block-quote is-layout-flow wp-block-quote-is-layout-flow\">\n<p class=\"wp-block-paragraph\">\u201eEnnek pedig lett k\u00f6vetkezm\u00e9nye: egyre durv\u00e1bb\u00e1 v\u00e1lt a k\u00f6zbesz\u00e9d, \u00e9s egyre t\u00f6bben gondolt\u00e1k \u00fagy, hogy a m\u00e1sik embert m\u00e1r nem vitapartnerk\u00e9nt, hanem ellens\u00e9gk\u00e9nt kell kezelni. Ezt a politikai \u00f6r\u00f6ks\u00e9get ismerj\u00fck. \u00c9s ezt a hozz\u00e1sz\u00f3l\u00e1st is ennek a korszaknak a sz\u00e1ml\u00e1j\u00e1ra \u00edrom\u201d<\/p>\n<\/blockquote>\n\n\n\n<p class=\"wp-block-paragraph\">A bejegyz\u00e9s v\u00e9g\u00e9n hangs\u00falyozta, nem akar egy kommentel\u0151 miatt b\u00fcntet\u0151elj\u00e1r\u00e1st kezdem\u00e9nyezni, mivel a politikai kult\u00far\u00e1t nem feljelent\u00e9sekkel szeretn\u00e9 helyre\u00e1ll\u00edtani, a gy\u0171l\u00f6letnek pedig v\u00e9get kell vetni.<\/p>\n\n\n\n<div data-miniapp-id=\"facebook-embed\"><\/div>\n\n\n\n<figure class=\"wp-block-embed is-type-rich is-provider-facebook wp-block-embed-facebook\"><div class=\"wp-block-embed__wrapper\">\n<div id=\"fb-root\"><\/div><script async=\"1\" defer=\"1\" crossorigin=\"anonymous\" src=\"https:\/\/connect.facebook.net\/hu_HU\/sdk.js#xfbml=1&amp;version=v26.0\"><\/script><div class=\"fb-post\" data-href=\"https:\/\/www.facebook.com\/ruszinszendiromulusz\/posts\/pfbid02iMXzEoe5G89JjsEouSnXr358UntF1PDosfo3QtqYuYjF4PwydszR8meVQDQJoPt5l?__cft__%5B0%5D=AZZrjQ7CAm3AMa3EMy1vKwaWq7Dwf5EiQUFaZ-GjweLxCTk-h1hCoaLuj-A5H-SFi9efThHzsotO84tyTaInl1svI2PankMqHLIUBFeE2GUZMtCcQ1vCQefRbc22qJiCcVtaMBxmqDOzFZSddA1_2fyhiVmcIIkRN_dq7-R4do49q1lOQJUE-OJxsgXax9eYNlR225vuOjjndPIBmO0kKfwtu0026__tn__%3D%2CO%2CP-R\" data-width=\"500\"><\/div>\n<\/div><\/figure>\n","protected":false},"excerpt":{"rendered":"<p>Ruszin-Szendi Romulusz honv\u00e9delmi miniszter nem \u00e9l mag\u00e1nind\u00edtv\u00e1nnyal az \u0151t gyal\u00e1z\u00f3 kommentel\u0151 \u00fcgy\u00e9ben. A t\u00e1rcavezet\u0151 a Fidesz kommunik\u00e1ci\u00f3j\u00e1t b\u00edr\u00e1lta.<\/p>","protected":false},"author":2,"featured_media":6229,"comment_status":"open","ping_status":"open","sticky":false,"template":"","format":"standard","meta":{"_gspb_post_css":"","_zh_crosspost_remote_site":"zsaruhirek","_zh_crosspost_remote_post_id":"86398","_zh_crosspost_last_sync_at":"2026-08-30 12:10:41","_zh_crosspost_last_sync_direction":"zsaruhirek_to_zemino","_zh_crosspost_synced_images":"","footnotes":""},"categories":[325],"tags":[898,515,1449,1629,3341,2446,3342,411],"class_list":["post-6228","post","type-post","status-publish","format-standard","has-post-thumbnail","hentry","category-villogos","tag-feljelentes","tag-fidesz","tag-honvedelmi-miniszter","tag-index","tag-kommentelo","tag-kozossegi-media","tag-maganinditvany","tag-ruszin-szendi-romulusz"],"_links":{"self":[{"href":"https:\/\/zemino.hu\/ro\/wp-json\/wp\/v2\/posts\/6228","targetHints":{"allow":["GET"]}}],"collection":[{"href":"https:\/\/zemino.hu\/ro\/wp-json\/wp\/v2\/posts"}],"about":[{"href":"https:\/\/zemino.hu\/ro\/wp-json\/wp\/v2\/types\/post"}],"author":[{"embeddable":true,"href":"https:\/\/zemino.hu\/ro\/wp-json\/wp\/v2\/users\/2"}],"replies":[{"embeddable":true,"href":"https:\/\/zemino.hu\/ro\/wp-json\/wp\/v2\/comments?post=6228"}],"version-history":[{"count":1,"href":"https:\/\/zemino.hu\/ro\/wp-json\/wp\/v2\/posts\/6228\/revisions"}],"predecessor-version":[{"id":6231,"href":"https:\/\/zemino.hu\/ro\/wp-json\/wp\/v2\/posts\/6228\/revisions\/6231"}],"wp:featuredmedia":[{"embeddable":true,"href":"https:\/\/zemino.hu\/ro\/wp-json\/wp\/v2\/media\/6229"}],"wp:attachment":[{"href":"https:\/\/zemino.hu\/ro\/wp-json\/wp\/v2\/media?parent=6228"}],"wp:term":[{"taxonomy":"category","embeddable":true,"href":"https:\/\/zemino.hu\/ro\/wp-json\/wp\/v2\/categories?post=6228"},{"taxonomy":"post_tag","embeddable":true,"href":"https:\/\/zemino.hu\/ro\/wp-json\/wp\/v2\/tags?post=6228"}],"curies":[{"name":"wp","href":"https:\/\/api.w.org\/{rel}","templated":true}]}}