{"id":6237,"date":"2026-08-30T14:30:04","date_gmt":"2026-08-30T12:30:04","guid":{"rendered":"https:\/\/zemino.hu\/?p=6237"},"modified":"2026-08-30T14:30:04","modified_gmt":"2026-08-30T12:30:04","slug":"debreceni-keseles-muzeum-utca","status":"publish","type":"post","link":"https:\/\/zemino.hu\/ro\/villogos\/2026\/08\/30\/debreceni-keseles-muzeum-utca\/","title":{"rendered":"K\u00e9ssel sz\u00fart meg k\u00e9t fiatalt egy budapesti f\u00e9rfi Debrecenben"},"content":{"rendered":"<p class=\"wp-block-paragraph\"><strong>\u00c9letvesz\u00e9lyes \u00e9s s\u00falyos s\u00e9r\u00fcl\u00e9sekkel sz\u00e1ll\u00edtottak k\u00f3rh\u00e1zba k\u00e9t fiatalembert, akiket egy sz\u00f3v\u00e1lt\u00e1st k\u00f6vet\u0151en k\u00e9selt meg egy id\u0151sebb f\u00e9rfi Debrecen belv\u00e1ros\u00e1ban. A rend\u0151r\u00f6k a bejelent\u00e9s ut\u00e1n k\u00e9t \u00f3r\u00e1val elfogt\u00e1k a 64 \u00e9ves budapesti gyan\u00fas\u00edtottat, akinek m\u00e1r kezdem\u00e9nyezt\u00e9k a letart\u00f3ztat\u00e1s\u00e1t.<\/strong><\/p>\n\n\n\n<p class=\"wp-block-paragraph\">A b\u0171ncselekm\u00e9ny augusztus 29-\u00e9n, hajnali 3 \u00f3ra k\u00f6r\u00fcl t\u00f6rt\u00e9nt a debreceni M\u00fazeum utc\u00e1ban. Az eddig rendelkez\u00e9sre \u00e1ll\u00f3 adatok alapj\u00e1n a 64 \u00e9ves budapesti lakos sz\u00f3v\u00e1lt\u00e1sba keveredett a k\u00e9t fiatalemberrel, majd hirtelen k\u00e9st r\u00e1ntott, \u00e9s mindkett\u0151j\u00fcket megsz\u00farta. A t\u00e1mad\u00e1s k\u00f6vetkezt\u00e9ben egy 23 \u00e9ves f\u00e9rfi \u00e9letvesz\u00e9lyes, m\u00edg 24 \u00e9ves bar\u00e1tja s\u00falyos s\u00e9r\u00fcl\u00e9seket szenvedett.<\/p>\n\n\n\n<p class=\"wp-block-paragraph\">A helysz\u00ednre riasztott ment\u0151szolg\u00e1lat munkat\u00e1rsai a s\u00e9r\u00fclteket azonnal k\u00f3rh\u00e1zba sz\u00e1ll\u00edtott\u00e1k. Ezzel p\u00e1rhuzamosan a rend\u0151ri egys\u00e9gek a kapott szem\u00e9lyle\u00edr\u00e1s alapj\u00e1n azonnal megkezdt\u00e9k a felt\u00e9telezett elk\u00f6vet\u0151 felkutat\u00e1s\u00e1t. A j\u00e1r\u0151r\u00f6k utc\u00e1r\u00f3l utc\u00e1ra f\u00e9s\u00fclt\u00e9k \u00e1t a k\u00f6rny\u00e9ket, \u00e9s mind\u00f6ssze k\u00e9t \u00f3r\u00e1val a bejelent\u00e9s ut\u00e1n siker\u00fclt k\u00e9zre ker\u00edteni\u00fck a gyan\u00fas\u00edtottat.<\/p>\n\n\n\n<p class=\"wp-block-paragraph\">A 64 \u00e9ves f\u00e9rfit megbilincselt\u00e9k, majd el\u0151\u00e1ll\u00edtott\u00e1k a f\u0151kapit\u00e1nys\u00e1gra. A nyomoz\u00f3k gyan\u00fas\u00edtottk\u00e9nt hallgatt\u00e1k ki a f\u00e9rfit, \u0151rizetbe vett\u00e9k, \u00e9s kezdem\u00e9nyezt\u00e9k a letart\u00f3ztat\u00e1s\u00e1t \u2013 k\u00f6z\u00f6lte a <a href=\"https:\/\/www.police.hu\/hu\/hirek-es-informaciok\/legfrissebb-hireink\/bunugyek\/egy-kessel-sebesitett-meg-fiatalokat-egy-ferfi\" target=\"_blank\" rel=\"noopener\">Hajd\u00fa-Bihar V\u00e1rmegyei Rend\u0151r-f\u0151kapit\u00e1nys\u00e1g<\/a>. Az \u00fcgyben \u00e9letvesz\u00e9lyt okoz\u00f3 testi s\u00e9rt\u00e9s b\u0171ntett elk\u00f6vet\u00e9s\u00e9nek megalapozott gyan\u00faja miatt indult b\u00fcntet\u0151elj\u00e1r\u00e1s.<\/p>\n\n\n\n<figure class=\"wp-block-embed is-type-video is-provider-youtube wp-block-embed-youtube wp-embed-aspect-16-9 wp-has-aspect-ratio\"><div class=\"wp-block-embed__wrapper\">\n<iframe loading=\"lazy\" title=\"Egy k\u00e9ssel sebes\u00edtett meg fiatalokat egy f\u00e9rfi Debrecenben\" width=\"500\" height=\"281\" src=\"https:\/\/www.youtube.com\/embed\/t6Q47Cui05E?feature=oembed\" frameborder=\"0\" allow=\"accelerometer; autoplay; clipboard-write; encrypted-media; gyroscope; picture-in-picture; web-share\" referrerpolicy=\"strict-origin-when-cross-origin\" allowfullscreen><\/iframe>\n<\/div><\/figure>","protected":false},"excerpt":{"rendered":"<p>K\u00e9t fiatalembert k\u00e9selt meg egy 64 \u00e9ves budapesti f\u00e9rfi Debrecenben. A rend\u0151r\u00f6k k\u00e9t \u00f3r\u00e1n bel\u00fcl elfogt\u00e1k a gyan\u00fas\u00edtottat, a s\u00e9r\u00fclteket k\u00f3rh\u00e1zba vitt\u00e9k.<\/p>","protected":false},"author":2,"featured_media":6238,"comment_status":"open","ping_status":"open","sticky":false,"template":"","format":"standard","meta":{"_gspb_post_css":"","_zh_crosspost_remote_site":"zsaruhirek","_zh_crosspost_remote_post_id":"86422","_zh_crosspost_last_sync_at":"2026-08-30 14:28:39","_zh_crosspost_last_sync_direction":"zsaruhirek_to_zemino","footnotes":""},"categories":[325],"tags":[454,2487,1273,1322,947,1486],"class_list":["post-6237","post","type-post","status-publish","format-standard","has-post-thumbnail","hentry","category-villogos","tag-bunugy","tag-debrecen","tag-hajdu-bihar-varmegye","tag-hajdu-bihar-varmegyei-rendor-fokapitanysag","tag-keseles","tag-testi-sertes"],"_links":{"self":[{"href":"https:\/\/zemino.hu\/ro\/wp-json\/wp\/v2\/posts\/6237","targetHints":{"allow":["GET"]}}],"collection":[{"href":"https:\/\/zemino.hu\/ro\/wp-json\/wp\/v2\/posts"}],"about":[{"href":"https:\/\/zemino.hu\/ro\/wp-json\/wp\/v2\/types\/post"}],"author":[{"embeddable":true,"href":"https:\/\/zemino.hu\/ro\/wp-json\/wp\/v2\/users\/2"}],"replies":[{"embeddable":true,"href":"https:\/\/zemino.hu\/ro\/wp-json\/wp\/v2\/comments?post=6237"}],"version-history":[{"count":1,"href":"https:\/\/zemino.hu\/ro\/wp-json\/wp\/v2\/posts\/6237\/revisions"}],"predecessor-version":[{"id":6240,"href":"https:\/\/zemino.hu\/ro\/wp-json\/wp\/v2\/posts\/6237\/revisions\/6240"}],"wp:featuredmedia":[{"embeddable":true,"href":"https:\/\/zemino.hu\/ro\/wp-json\/wp\/v2\/media\/6238"}],"wp:attachment":[{"href":"https:\/\/zemino.hu\/ro\/wp-json\/wp\/v2\/media?parent=6237"}],"wp:term":[{"taxonomy":"category","embeddable":true,"href":"https:\/\/zemino.hu\/ro\/wp-json\/wp\/v2\/categories?post=6237"},{"taxonomy":"post_tag","embeddable":true,"href":"https:\/\/zemino.hu\/ro\/wp-json\/wp\/v2\/tags?post=6237"}],"curies":[{"name":"wp","href":"https:\/\/api.w.org\/{rel}","templated":true}]}}