{"id":6247,"date":"2026-08-30T16:09:01","date_gmt":"2026-08-30T14:09:01","guid":{"rendered":"https:\/\/zemino.hu\/?p=6247"},"modified":"2026-08-30T16:09:02","modified_gmt":"2026-08-30T14:09:02","slug":"kdnp-tisztujitas-semjen-zsolt-lakitelek","status":"publish","type":"post","link":"https:\/\/zemino.hu\/ro\/kozelet\/2026\/08\/30\/kdnp-tisztujitas-semjen-zsolt-lakitelek\/","title":{"rendered":"\u00c9v v\u00e9g\u00e9ig teljesen meg\u00fajulhat a KDNP: Semj\u00e9n szerint a jobbsz\u00e9lre cs\u00fasz\u00e1s okozta a veszt\u00fcket"},"content":{"rendered":"<p class=\"wp-block-paragraph\"><strong>Teljes tiszt\u00faj\u00edt\u00e1st tart az \u00e9v v\u00e9g\u00e9ig a Kereszt\u00e9nydemokrata N\u00e9pp\u00e1rt (KDNP), a folyamat a helyi szervezetekt\u0151l a teljes p\u00e1rtvezet\u00e9sig tart majd \u2013 \u00edrja az MTI. A vas\u00e1rnapi lakitelki orsz\u00e1gos v\u00e1lasztm\u00e1nyon hozott d\u00f6nt\u00e9s ut\u00e1n Semj\u00e9n Zsolt p\u00e1rteln\u00f6k elismerte, hogy a jobbsz\u00e9lre cs\u00fasz\u00e1s \u00e9s a gyenge gazdas\u00e1gi n\u00f6veked\u00e9s vezetett a v\u00e1laszt\u00e1si veres\u00e9g\u00fckh\u00f6z.<\/strong><\/p>\n\n\n\n<p class=\"wp-block-paragraph\">A k\u00fcld\u00f6ttek d\u00f6nt\u00e9se \u00e9rtelm\u00e9ben decemberre teljesen \u00e1talakulhat az ellenz\u00e9ki p\u00e1rt szerkezete \u2013 sz\u00e1molt be a fejlem\u00e9nyekr\u0151l az MTI. Semj\u00e9n Zsolt a tan\u00e1cskoz\u00e1son \u00fagy \u00e9rt\u00e9kelt, hogy az elm\u00falt 16 \u00e9v korm\u00e1nyzati teljes\u00edtm\u00e9nye nem volt hib\u00e1tlan, de t\u00f6rt\u00e9nelmi l\u00e9pt\u00e9kkel m\u00e9rve meghat\u00e1roz\u00f3 korszakot jelentett Magyarorsz\u00e1g \u00e9s Eur\u00f3pa politik\u00e1j\u00e1ban is.<\/p>\n\n\n\n<p class=\"wp-block-paragraph\">A p\u00e1rteln\u00f6k elemz\u00e9se szerint a v\u00e1laszt\u00e1si kudarc h\u00e1tter\u00e9ben egyr\u00e9szt az \u00e1ll, hogy az \u00e9vekig tart\u00f3, egy sz\u00e1zal\u00e9k alatti gazdas\u00e1gi n\u00f6veked\u00e9ssel eleve lehetetlen v\u00e1laszt\u00e1st nyerni. M\u00e1sr\u00e9szt politikai okk\u00e9nt jel\u00f6lte meg, hogy a migr\u00e1ci\u00f3s vit\u00e1k \u00e9s az Eur\u00f3pai Uni\u00f3val val\u00f3 konfliktusok miatt a p\u00e1rtsz\u00f6vets\u00e9g t\u00fals\u00e1gosan jobbsz\u00e9lre sodr\u00f3dott. Semj\u00e9n szerint ezen a t\u00e9rf\u00e9len nincs elegend\u0151 szavaz\u00f3, a jobbk\u00f6z\u00e9p \u00e9s a balk\u00f6z\u00e9p \u00fcresen hagyott ter\u00fcleteire pedig bevonult a Tisza P\u00e1rt, amely v\u00e9lem\u00e9nye szerint az Orb\u00e1n Viktorral szembeni gy\u0171l\u00f6let \u00fczenet\u00e9re \u00e9p\u00edtve tudott sikert el\u00e9rni.<\/p>\n\n\n\n<p class=\"wp-block-paragraph\">A KDNP eln\u00f6ke \u00fagy l\u00e1tja, a j\u00f6v\u0151beli v\u00e1laszt\u00e1si gy\u0151zelmek kulcsa az, hogy k\u00e9pesek legyenek visszat\u00e9rni a politikai k\u00f6z\u00e9pre, mik\u00f6zben valamilyen m\u00f3don a radik\u00e1lisabb v\u00e1laszt\u00f3ikat is meg tudj\u00e1k tartani. Latorcai Csaba, a p\u00e1rt \u00fcgyvezet\u0151 aleln\u00f6ke a helyzetet \u00e9rt\u00e9kelve hozz\u00e1tette: a szemben\u00e9z\u00e9s \u00e9s a meg\u00fajul\u00e1s nem csup\u00e1n egy k\u00f6telez\u0151 feladat, hanem k\u00e9nyszer\u0171 sz\u00fcks\u00e9glet is a p\u00e1rt sz\u00e1m\u00e1ra. Az aleln\u00f6k szerint a KDNP-nek a j\u00f6v\u0151ben nem magyar\u00e1zkod\u00f3, hanem \u00f6n\u00e1ll\u00f3, karakteres \u00e9s hat\u00e1rozott programmal rendelkez\u0151 cselekv\u0151 er\u0151k\u00e9nt kell fell\u00e9pnie.<\/p>\n\n\n\n<figure class=\"wp-block-embed is-type-wp-embed is-provider-zemino wp-block-embed-zemino\"><div class=\"wp-block-embed__wrapper\">\n<blockquote class=\"wp-embedded-content\" data-secret=\"50HqPW8Xhr\"><a href=\"https:\/\/zemino.hu\/ro\/kozelet\/2026\/08\/29\/deutsch-tamas-magyar-peter-btk-biralat\/\">Deutsch Tam\u00e1s: A pics@ba ki kell dobnia a Btk.-t<\/a><\/blockquote><iframe loading=\"lazy\" class=\"wp-embedded-content\" sandbox=\"allow-scripts\" security=\"restricted\" style=\"position: absolute; visibility: hidden;\" title=\"\u201cDeutsch Tam\u00e1s: A pics@ba ki kell dobnia a Btk.-t\u201d \u2014 Zemino\" src=\"https:\/\/zemino.hu\/kozelet\/2026\/08\/29\/deutsch-tamas-magyar-peter-btk-biralat\/embed\/#?secret=r3LIGuHsGC#?secret=50HqPW8Xhr\" data-secret=\"50HqPW8Xhr\" width=\"500\" height=\"282\" frameborder=\"0\" marginwidth=\"0\" marginheight=\"0\" scrolling=\"no\"><\/iframe>\n<\/div><\/figure>\n\n\n\n<p class=\"wp-block-paragraph\">Ezt olvastad m\u00e1r? <a href=\"https:\/\/zemino.hu\/ro\/kozelet\/2026\/08\/28\/fidesz-alkotmanybirosag-nvvh-tisza-avh\/\" target=\"_blank\">Alkotm\u00e1nyb\u00edr\u00f3s\u00e1ghoz fordul a Fidesz az \u00fajonnan fel\u00e1ll\u00f3 Nemzeti Vagyonvisszaszerz\u00e9si Hivatal miatt<\/a><\/p>","protected":false},"excerpt":{"rendered":"<p>\u00c9v v\u00e9g\u00e9ig teljes tiszt\u00faj\u00edt\u00e1st tart a KDNP. Semj\u00e9n Zsolt szerint a jobbsz\u00e9lre cs\u00fasz\u00e1s \u00e9s az alacsony gazdas\u00e1gi n\u00f6veked\u00e9s vezetett a v\u00e1laszt\u00e1si veres\u00e9ghez.<\/p>","protected":false},"author":7,"featured_media":3579,"comment_status":"open","ping_status":"open","sticky":false,"template":"","format":"standard","meta":{"_gspb_post_css":"","_zh_crosspost_remote_site":"","_zh_crosspost_remote_post_id":"","_zh_crosspost_last_sync_at":"","_zh_crosspost_last_sync_direction":"","footnotes":""},"categories":[326],"tags":[1271,3355,3354,613,1140,248,3356],"class_list":["post-6247","post","type-post","status-publish","format-standard","has-post-thumbnail","hentry","category-kozelet","tag-bacs-kiskun-varmegye","tag-keresztenydemokrata-neppart","tag-lakitelek","tag-latorcai-csaba","tag-semjen-zsolt","tag-tisza-part","tag-tisztujitas"],"_links":{"self":[{"href":"https:\/\/zemino.hu\/ro\/wp-json\/wp\/v2\/posts\/6247","targetHints":{"allow":["GET"]}}],"collection":[{"href":"https:\/\/zemino.hu\/ro\/wp-json\/wp\/v2\/posts"}],"about":[{"href":"https:\/\/zemino.hu\/ro\/wp-json\/wp\/v2\/types\/post"}],"author":[{"embeddable":true,"href":"https:\/\/zemino.hu\/ro\/wp-json\/wp\/v2\/users\/7"}],"replies":[{"embeddable":true,"href":"https:\/\/zemino.hu\/ro\/wp-json\/wp\/v2\/comments?post=6247"}],"version-history":[{"count":1,"href":"https:\/\/zemino.hu\/ro\/wp-json\/wp\/v2\/posts\/6247\/revisions"}],"predecessor-version":[{"id":6251,"href":"https:\/\/zemino.hu\/ro\/wp-json\/wp\/v2\/posts\/6247\/revisions\/6251"}],"wp:featuredmedia":[{"embeddable":true,"href":"https:\/\/zemino.hu\/ro\/wp-json\/wp\/v2\/media\/3579"}],"wp:attachment":[{"href":"https:\/\/zemino.hu\/ro\/wp-json\/wp\/v2\/media?parent=6247"}],"wp:term":[{"taxonomy":"category","embeddable":true,"href":"https:\/\/zemino.hu\/ro\/wp-json\/wp\/v2\/categories?post=6247"},{"taxonomy":"post_tag","embeddable":true,"href":"https:\/\/zemino.hu\/ro\/wp-json\/wp\/v2\/tags?post=6247"}],"curies":[{"name":"wp","href":"https:\/\/api.w.org\/{rel}","templated":true}]}}