{"id":6253,"date":"2026-08-30T16:49:37","date_gmt":"2026-08-30T14:49:37","guid":{"rendered":"https:\/\/zemino.hu\/?p=6253"},"modified":"2026-08-30T17:21:50","modified_gmt":"2026-08-30T15:21:50","slug":"pocs-janos-navracsics-tibor-polgari-demokratak","status":"publish","type":"post","link":"https:\/\/zemino.hu\/ro\/kozelet\/2026\/08\/30\/pocs-janos-navracsics-tibor-polgari-demokratak\/","title":{"rendered":"P\u00f3cs J\u00e1nos tart att\u00f3l, hogy Navracsics\u00e9k \u00fagy megosztj\u00e1k a Fideszt, mint kor\u00e1bban az MSZP \u00e9s a DK a baloldalt"},"content":{"rendered":"<p class=\"wp-block-paragraph\"><strong>A Fidesz politikusa, P\u00f3cs J\u00e1nos ny\u00edltan kifejezte aggodalm\u00e1t Navracsics Tibor \u00e9s Ferencz Orsolya \u00faj, Polg\u00e1ri Demokrat\u00e1k nev\u0171 kezdem\u00e9nyez\u00e9se miatt. Szerinte a mozgalom komoly vesz\u00e9lyt jelent a korm\u00e1nyp\u00e1rt egys\u00e9g\u00e9re, \u00e9s att\u00f3l tart, hogy a jobboldal \u00e9pp \u00fagy j\u00e1rhat a bels\u0151 ellent\u00e9tek miatt, mint a baloldali p\u00e1rtok a m\u00faltban.<\/strong><\/p>\n\n\n\n<p class=\"wp-block-paragraph\">P\u00f3cs J\u00e1nos csal\u00f3dotts\u00e1g\u00e1nak adott hangot amiatt, hogy a volt miniszter \u00e9s az \u0171rbiztos elind\u00edtotta a Polg\u00e1ri Demokrat\u00e1k nev\u0171 kezdem\u00e9nyez\u00e9st. A politikus a Facebook-oldal\u00e1n k\u00f6zz\u00e9tett gondolatai <a href=\"https:\/\/www.facebook.com\/pocsjanos.jaszsag\/posts\/pfbid0263dkSatSKHcBKxBTffSZvpKMJ5BQz8MTiWZARLZsTJ5BsfDCkYEGEMAZCVjjHhmNl?rdid=O2dOBiq7MHCwv7Fu#\" target=\"_blank\" rel=\"noopener\">mellett<\/a> a <a href=\"https:\/\/telex.hu\/belfold\/2026\/08\/30\/fidesz-orban-viktor-navracsics-tibor-polgari-demokratak-nemeth-balazs-pocs-janos\" target=\"_blank\" rel=\"noopener\">Telexnek<\/a> is meger\u0151s\u00edtette a fenntart\u00e1sait. Azt mondta a projektr\u0151l:<\/p>\n\n\n\n<blockquote class=\"wp-block-quote is-layout-flow wp-block-quote-is-layout-flow\">\n<p class=\"wp-block-paragraph\">\u201eIsmerj\u00fck m\u00e1r ezt a politik\u00e1ban. Gyurcs\u00e1ny is \u00edgy kezdte a DK-val, Magyar P\u00e9ter is \u00edgy kezdte a Tisz\u00e1val. \u00bbDehogy akarok \u00e9n minisztereln\u00f6k lenni, dehogy akarok \u00e9n p\u00e1rtot alap\u00edtani, csak csin\u00e1lunk egy TISZA szigetet.\u00ab Ismerj\u00fck m\u00e1r ezeket a tr\u00fckk\u00f6ket.\u201d<\/p>\n<\/blockquote>\n\n\n\n<p class=\"wp-block-paragraph\">P\u00f3cs hangs\u00falyozta, hogy ezek a sorok a saj\u00e1t \u00e1ll\u00e1spontj\u00e1t t\u00fckr\u00f6zik, nem a p\u00e1rt hivatalos \u00e1ll\u00e1spontj\u00e1t. Arra a felvet\u00e9sre, hogy sz\u00e1m\u00edt-e Navracsics\u00e9k k\u00f6zrem\u0171k\u00f6d\u00e9s\u00e9re szeptembert\u0151l a Fideszben, \u00fagy reag\u00e1lt, hogy ezt az el\u0151\u00edt\u00e9let\u00e9t jelenleg nem tudja levetk\u0151zni. B\u00e1r Navracsics Tibort kiv\u00e1l\u00f3 miniszternek \u00e9s embernek tartja, \u00fagy v\u00e9li, a kezdem\u00e9nyez\u00e9s nem a jobboldal meger\u0151s\u00f6d\u00e9s\u00e9t hozza el, hanem megosztotts\u00e1got sz\u00fcl.<\/p>\n\n\n\n<p class=\"wp-block-paragraph\">\u201eHa megoszlik a t\u00e1bor, annak az lesz a v\u00e9lem\u00e9nye, hogy senki nem ker\u00fcl be a parlamentben \u2013 ahogy ez az MSZP \u00e9s a DK eset\u00e9ben t\u00f6rt\u00e9nt\u201d \u2013 fogalmazott, hozz\u00e1t\u00e9ve, hogy a Fideszt csak az egys\u00e9g meg\u0151rz\u00e9s\u00e9vel lehet talpra \u00e1ll\u00edtani. Ezzel szemben B\u00f3ka J\u00e1nos frakci\u00f3vezet\u0151 j\u00f3val der\u0171l\u00e1t\u00f3bb volt, kor\u00e1bban \u00fcdv\u00f6z\u00f6lte a k\u00e9t politikus kezdem\u00e9nyez\u00e9s\u00e9t, amely p\u00e1rbesz\u00e9det hirdetett a k\u00e9t oldal k\u00f6z\u00f6tt. Navracsics kor\u00e1bban az ATV-ben arr\u00f3l besz\u00e9lt, hogy nem \u00faj p\u00e1rtot alap\u00edtanak, hanem azt szeretn\u00e9k el\u00e9rni, hogy a k\u00fcl\u00f6nb\u00f6z\u0151 p\u00e1rtok szimpatiz\u00e1nsai le tudjanak \u00fclni egym\u00e1ssal besz\u00e9lgetni.<\/p>\n\n\n\n<figure class=\"wp-block-embed is-type-rich is-provider-facebook wp-block-embed-facebook\"><div class=\"wp-block-embed__wrapper\">\n<div id=\"fb-root\"><\/div><script async=\"1\" defer=\"1\" crossorigin=\"anonymous\" src=\"https:\/\/connect.facebook.net\/hu_HU\/sdk.js#xfbml=1&amp;version=v26.0\"><\/script><div class=\"fb-post\" data-href=\"https:\/\/www.facebook.com\/pocsjanos.jaszsag\/posts\/pfbid0263dkSatSKHcBKxBTffSZvpKMJ5BQz8MTiWZARLZsTJ5BsfDCkYEGEMAZCVjjHhmNl?rdid=O2dOBiq7MHCwv7Fu#\" data-width=\"500\"><\/div>\n<\/div><\/figure>\n\n\n\n<figure class=\"wp-block-embed is-type-wp-embed is-provider-zemino wp-block-embed-zemino\"><div class=\"wp-block-embed__wrapper\">\n<blockquote class=\"wp-embedded-content\" data-secret=\"xeDAsSyydO\"><a href=\"https:\/\/zemino.hu\/ro\/kozelet\/2026\/08\/24\/havasi-bertalan-fidesz-partszakadas-polgari-demokratak\/\">Havasi Bertalan: Kiz\u00e1rt a p\u00e1rtszakad\u00e1s a Fideszben, a bels\u0151 k\u00e9rd\u0151\u00edv csak bulv\u00e1rt\u00e9ma<\/a><\/blockquote><iframe loading=\"lazy\" class=\"wp-embedded-content\" sandbox=\"allow-scripts\" security=\"restricted\" style=\"position: absolute; visibility: hidden;\" title=\"\u201cHavasi Bertalan: Kiz\u00e1rt a p\u00e1rtszakad\u00e1s a Fideszben, a bels\u0151 k\u00e9rd\u0151\u00edv csak bulv\u00e1rt\u00e9ma\u201d \u2014 Zemino\" src=\"https:\/\/zemino.hu\/kozelet\/2026\/08\/24\/havasi-bertalan-fidesz-partszakadas-polgari-demokratak\/embed\/#?secret=BQFX3qpWUl#?secret=xeDAsSyydO\" data-secret=\"xeDAsSyydO\" width=\"500\" height=\"282\" frameborder=\"0\" marginwidth=\"0\" marginheight=\"0\" scrolling=\"no\"><\/iframe>\n<\/div><\/figure>","protected":false},"excerpt":{"rendered":"<p>P\u00f3cs J\u00e1nos att\u00f3l tart, hogy Navracsics Tibor\u00e9k Polg\u00e1ri Demokrat\u00e1k nev\u0171 kezdem\u00e9nyez\u00e9se megosztja a Fidesz t\u00e1bor\u00e1t, ahogy az a baloldalon is t\u00f6rt\u00e9nt.<\/p>","protected":false},"author":7,"featured_media":4412,"comment_status":"open","ping_status":"open","sticky":false,"template":"","format":"standard","meta":{"_gspb_post_css":"","_zh_crosspost_remote_site":"","_zh_crosspost_remote_post_id":"","_zh_crosspost_last_sync_at":"","_zh_crosspost_last_sync_direction":"","footnotes":""},"categories":[326],"tags":[1722,2211,2249,515,2260,1339,3220],"class_list":["post-6253","post","type-post","status-publish","format-standard","has-post-thumbnail","hentry","category-kozelet","tag-1722","tag-boka-janos","tag-ferencz-orsolya","tag-fidesz","tag-navracsics-tibor","tag-pocs-janos","tag-polgari-demokratak"],"_links":{"self":[{"href":"https:\/\/zemino.hu\/ro\/wp-json\/wp\/v2\/posts\/6253","targetHints":{"allow":["GET"]}}],"collection":[{"href":"https:\/\/zemino.hu\/ro\/wp-json\/wp\/v2\/posts"}],"about":[{"href":"https:\/\/zemino.hu\/ro\/wp-json\/wp\/v2\/types\/post"}],"author":[{"embeddable":true,"href":"https:\/\/zemino.hu\/ro\/wp-json\/wp\/v2\/users\/7"}],"replies":[{"embeddable":true,"href":"https:\/\/zemino.hu\/ro\/wp-json\/wp\/v2\/comments?post=6253"}],"version-history":[{"count":1,"href":"https:\/\/zemino.hu\/ro\/wp-json\/wp\/v2\/posts\/6253\/revisions"}],"predecessor-version":[{"id":6256,"href":"https:\/\/zemino.hu\/ro\/wp-json\/wp\/v2\/posts\/6253\/revisions\/6256"}],"wp:featuredmedia":[{"embeddable":true,"href":"https:\/\/zemino.hu\/ro\/wp-json\/wp\/v2\/media\/4412"}],"wp:attachment":[{"href":"https:\/\/zemino.hu\/ro\/wp-json\/wp\/v2\/media?parent=6253"}],"wp:term":[{"taxonomy":"category","embeddable":true,"href":"https:\/\/zemino.hu\/ro\/wp-json\/wp\/v2\/categories?post=6253"},{"taxonomy":"post_tag","embeddable":true,"href":"https:\/\/zemino.hu\/ro\/wp-json\/wp\/v2\/tags?post=6253"}],"curies":[{"name":"wp","href":"https:\/\/api.w.org\/{rel}","templated":true}]}}