{"id":6272,"date":"2026-08-31T07:16:31","date_gmt":"2026-08-31T05:16:31","guid":{"rendered":"https:\/\/zemino.hu\/?p=6272"},"modified":"2026-08-31T07:16:33","modified_gmt":"2026-08-31T05:16:33","slug":"nagy-marton-kulfoldi-utazasok-szallaskoltseg-luxusszalloda","status":"publish","type":"post","link":"https:\/\/zemino.hu\/ro\/kozelet\/2026\/08\/31\/nagy-marton-kulfoldi-utazasok-szallaskoltseg-luxusszalloda\/","title":{"rendered":"T\u00f6bbe ker\u00fclt Nagy M\u00e1rton egyetlen \u00e9jszakai sz\u00e1ll\u00e1sa k\u00fclf\u00f6ld\u00f6n, mint amennyit a magyarok fele egy h\u00f3napban hazavisz"},"content":{"rendered":"<p class=\"wp-block-paragraph\"><strong>Nagy M\u00e1rton kor\u00e1bbi nemzetgazdas\u00e1gi miniszter \u00e9s deleg\u00e1ci\u00f3ja 2023 \u00e9s 2026 k\u00f6z\u00f6tt \u00f6sszesen 51,9 milli\u00f3 forint\u00e9rt vett ig\u00e9nybe sz\u00e1ll\u00e1sokat a politikus k\u00fclf\u00f6ldi \u00fatjain, ami \u00e9jszak\u00e1nk\u00e9nt \u00e1tlagosan 451 ezer forintos k\u00f6lts\u00e9get jelent. Ez az \u00f6sszeg meghaladja a hazai nett\u00f3 medi\u00e1nb\u00e9rt, vagyis a magyar munkav\u00e1llal\u00f3k fele kevesebb p\u00e9nzt keres egy eg\u00e9sz h\u00f3nap alatt, mint amennyibe a volt t\u00e1rcavezet\u0151 egyetlen \u00e9jszak\u00e1ja ker\u00fclt. A hivatalos utaz\u00e1sok r\u00e9szleteib\u0151l az is kider\u00fcl, hogy a deleg\u00e1ci\u00f3 rendszeresen a legel\u0151kel\u0151bb luxussz\u00e1llod\u00e1kban sz\u00e1llt meg, \u00e9s esetenk\u00e9nt mag\u00e1nrep\u00fcl\u0151t is ig\u00e9nybe vett.<\/strong><\/p>\n\n\n\n<p class=\"wp-block-paragraph\">A kor\u00e1bbi miniszter h\u00e1rom \u00e9v alatt 32 orsz\u00e1g 51 v\u00e1ros\u00e1ban j\u00e1rt hivatalos kik\u00fcldet\u00e9sben. A 115 k\u00fclf\u00f6ld\u00f6n t\u00f6lt\u00f6tt \u00e9jszaka sor\u00e1n a sz\u00e1ll\u00e1sfoglal\u00e1sok \u00e1tlagosan napi 451 ezer forintot tettek ki. \u00d6sszehasonl\u00edt\u00e1sk\u00e9ppen: a KSH 2026. j\u00faliusi adatai szerint a nett\u00f3 medi\u00e1n kereset Magyarorsz\u00e1gon 438 ezer forint volt, \u00edgy a lakoss\u00e1g fele kevesebbet visz haza egy h\u00f3napban, mint amennyit a politikus egyetlen \u00e9jszakai sz\u00e1ll\u00e1s\u00e1ra k\u00f6lt\u00f6ttek \u2013 \u00edrta meg a <a href=\"https:\/\/24.hu\/belfold\/2026\/08\/31\/nagy-marton-kulfoldi-ut-luxus-del-korea-24extra\/\" target=\"_blank\" rel=\"noopener\">24.hu<\/a>.<\/p>\n\n\n\n<p class=\"wp-block-paragraph\">A P\u00e9nz\u00fcgyminiszt\u00e9riumt\u00f3l kapott \u00fajabb adatok szerint Nagy M\u00e1rton utaz\u00e1sai sor\u00e1n \u00e9rintette a d\u00e9l-koreai Csedzsu-szigetet is, amelyet tr\u00f3pusi hangulata miatt a helyiek csak Hawaii-k\u00e9nt emlegetnek. B\u00e1r a pontos r\u00e9szletek \u2013 p\u00e9ld\u00e1ul a kint t\u00f6lt\u00f6tt napok sz\u00e1ma vagy a t\u00e1rgyal\u00f3partnerek list\u00e1ja \u2013 nem ismertek, a t\u00e1rca akkori k\u00f6zlem\u00e9nye szerint \u201estrat\u00e9giai partneri egyeztet\u00e9s\u201d zajlott a d\u00e9l-koreai kkv-k\u00e9rt \u00e9s startupok\u00e9rt felel\u0151s miniszterrel, valamint helyi z\u00f6ldenergetikai \u00e9s akkumul\u00e1toripari c\u00e9gekkel. Itt \u00f6t napra valamivel t\u00f6bb mint egymilli\u00f3 forint\u00e9rt b\u00e9reltek sz\u00e1ll\u00e1st a deleg\u00e1ci\u00f3nak, ami a napi 240\u2013270 ezer forintos szoba\u00e1rral a volt miniszter \u00e1tlagos k\u00f6lt\u00e9seihez k\u00e9pest kifejezetten alacsonynak sz\u00e1m\u00edt. Kor\u00e1bban az is kider\u00fclt, hogy a politikusnak rendszeresen b\u00e9reltek szob\u00e1t egy antwerpeni hotelben, amikor Br\u00fcsszelben j\u00e1rt hivatalos \u00faton.<\/p>\n\n\n\n<p class=\"wp-block-paragraph\">A r\u00e9szletes adatokb\u00f3l kirajzol\u00f3dik, hogy id\u00e9n janu\u00e1rban az antwerpeni Botanic hotelben k\u00e9t \u00e9jszak\u00e1\u00e9rt 980 ezer forintot fizettek, m\u00edg tavaly szeptemberben a londoni The Stafford sz\u00e1llod\u00e1ban m\u00e1r egyetlen \u00e9jszaka ker\u00fclt 900 ezer forintba, miut\u00e1n k\u00e9t \u00e9jszak\u00e1ra \u00f6sszesen 1,8 milli\u00f3 forintot k\u00f6lt\u00f6ttek. Szint\u00e9n tavaly szeptemberben a koppenh\u00e1gai Hotel Sanders-ben h\u00e1rom \u00e9jszak\u00e1\u00e9rt 3,8 milli\u00f3 forintot, azaz \u00e9jszak\u00e1nk\u00e9nt 1,2 milli\u00f3 forintot egyenl\u00edtett ki a miniszt\u00e9rium. A volt t\u00e1rcavezet\u0151nek rendszeresen olyan vil\u00e1gh\u00edr\u0171 luxusl\u00e1ncok egys\u00e9geiben foglaltak szob\u00e1t, mint a Four Seasons, a Mandarin Oriental, a Ritz-Carlton vagy a Waldorf Astoria, \u00e9s az is el\u0151fordult, hogy egy p\u00e1r napos \u00fat alatt t\u00f6bb k\u00fcl\u00f6nb\u00f6z\u0151 helyen sz\u00e1lltak meg.<\/p>\n\n\n\n<p class=\"wp-block-paragraph\">A sz\u00e1ll\u00e1sk\u00f6lts\u00e9gek mellett a mag\u00e1nrep\u00fcl\u0151g\u00e9pek b\u00e9rl\u00e9se is jelent\u0151sen megterhelte a k\u00f6lts\u00e9gvet\u00e9st, m\u00e9g olyan \u00fati c\u00e9lok eset\u00e9ben is, amelyek menetrend szerinti kereskedelmi j\u00e1ratokkal is k\u00f6nnyen el\u00e9rhet\u0151k lettek volna. P\u00e9ldak\u00e9nt eml\u00edthet\u0151 a 2024. janu\u00e1ri p\u00e1rizsi \u00e9s davosi utaz\u00e1s, amelynek 39,7 milli\u00f3 forintos \u00f6sszk\u00f6lts\u00e9g\u00e9b\u0151l 30 milli\u00f3t csak a mag\u00e1nrep\u00fcl\u0151 vitt el.<\/p>\n\n\n\n<p class=\"wp-block-paragraph\">Ezt olvastad m\u00e1r? <a href=\"https:\/\/zemino.hu\/ro\/kozelet\/2026\/08\/16\/m6-os-autopalya-koncesszio-karman-andras-mkif\/\" target=\"_blank\">K\u00e1rm\u00e1n Andr\u00e1s szerint sz\u00e1zmilli\u00e1rdot bukhatott volna az \u00e1llam az M6-oson \u2013 visszautas\u00edtja a v\u00e1dakat az MKIF<\/a><\/p>\n\n\n\n<figure class=\"wp-block-embed is-type-wp-embed is-provider-zemino wp-block-embed-zemino\"><div class=\"wp-block-embed__wrapper\">\n<blockquote class=\"wp-embedded-content\" data-secret=\"4d7WJZ1OeO\"><a href=\"https:\/\/zemino.hu\/ro\/villogos\/2026\/08\/27\/paks-2-nyomozas-hutlen-kezeles-tordai-bence\/\">Tordai Bence: Orb\u00e1n\u00e9k 5-10 \u00e9v b\u00f6rt\u00f6nnel n\u00e9znek szembe<\/a><\/blockquote><iframe loading=\"lazy\" class=\"wp-embedded-content\" sandbox=\"allow-scripts\" security=\"restricted\" style=\"position: absolute; visibility: hidden;\" title=\"\u201cTordai Bence: Orb\u00e1n\u00e9k 5-10 \u00e9v b\u00f6rt\u00f6nnel n\u00e9znek szembe\u201d \u2014 Zemino\" src=\"https:\/\/zemino.hu\/villogos\/2026\/08\/27\/paks-2-nyomozas-hutlen-kezeles-tordai-bence\/embed\/#?secret=3j0w6baaDl#?secret=4d7WJZ1OeO\" data-secret=\"4d7WJZ1OeO\" width=\"500\" height=\"282\" frameborder=\"0\" marginwidth=\"0\" marginheight=\"0\" scrolling=\"no\"><\/iframe>\n<\/div><\/figure>","protected":false},"excerpt":{"rendered":"<p>Nagy M\u00e1rton kor\u00e1bbi miniszter k\u00fclf\u00f6ldi \u00fatjain \u00e9jszak\u00e1nk\u00e9nt \u00e1tlagosan 451 ezer forint\u00e9rt sz\u00e1llt meg, ami meghaladja a magyar havi nett\u00f3 medi\u00e1nb\u00e9rt.<\/p>","protected":false},"author":7,"featured_media":5255,"comment_status":"open","ping_status":"open","sticky":false,"template":"","format":"standard","meta":{"_gspb_post_css":"","_zh_crosspost_remote_site":"","_zh_crosspost_remote_post_id":"","_zh_crosspost_last_sync_at":"","_zh_crosspost_last_sync_direction":"","footnotes":""},"categories":[326],"tags":[277,3360,3358,1861,2778,2609,1235,258,3359],"class_list":["post-6272","post","type-post","status-publish","format-standard","has-post-thumbnail","hentry","category-kozelet","tag-hvg","tag-kulfoldi-utazas","tag-luxusszalloda","tag-maganrepulo","tag-nagy-marton","tag-nemzetgazdasagi-miniszterium","tag-penzugyminiszterium","tag-politika","tag-utazasi-koltsegek"],"_links":{"self":[{"href":"https:\/\/zemino.hu\/ro\/wp-json\/wp\/v2\/posts\/6272","targetHints":{"allow":["GET"]}}],"collection":[{"href":"https:\/\/zemino.hu\/ro\/wp-json\/wp\/v2\/posts"}],"about":[{"href":"https:\/\/zemino.hu\/ro\/wp-json\/wp\/v2\/types\/post"}],"author":[{"embeddable":true,"href":"https:\/\/zemino.hu\/ro\/wp-json\/wp\/v2\/users\/7"}],"replies":[{"embeddable":true,"href":"https:\/\/zemino.hu\/ro\/wp-json\/wp\/v2\/comments?post=6272"}],"version-history":[{"count":1,"href":"https:\/\/zemino.hu\/ro\/wp-json\/wp\/v2\/posts\/6272\/revisions"}],"predecessor-version":[{"id":6276,"href":"https:\/\/zemino.hu\/ro\/wp-json\/wp\/v2\/posts\/6272\/revisions\/6276"}],"wp:featuredmedia":[{"embeddable":true,"href":"https:\/\/zemino.hu\/ro\/wp-json\/wp\/v2\/media\/5255"}],"wp:attachment":[{"href":"https:\/\/zemino.hu\/ro\/wp-json\/wp\/v2\/media?parent=6272"}],"wp:term":[{"taxonomy":"category","embeddable":true,"href":"https:\/\/zemino.hu\/ro\/wp-json\/wp\/v2\/categories?post=6272"},{"taxonomy":"post_tag","embeddable":true,"href":"https:\/\/zemino.hu\/ro\/wp-json\/wp\/v2\/tags?post=6272"}],"curies":[{"name":"wp","href":"https:\/\/api.w.org\/{rel}","templated":true}]}}