{"id":6280,"date":"2026-08-31T12:10:32","date_gmt":"2026-08-31T10:10:32","guid":{"rendered":"https:\/\/zemino.hu\/?p=6280"},"modified":"2026-08-31T12:10:33","modified_gmt":"2026-08-31T10:10:33","slug":"magyar-peter-takacs-peter-unger-anna-vita","status":"publish","type":"post","link":"https:\/\/zemino.hu\/ro\/kozelet\/2026\/08\/31\/magyar-peter-takacs-peter-unger-anna-vita\/","title":{"rendered":"Magyar P\u00e9ter Tak\u00e1csnak: \u201eNem sz\u00e9gyelled magad? Most m\u00e1r nyilv\u00e1nosan n\u0151k kin\u00e9zet\u00e9t becsm\u00e9rled?\u201d"},"content":{"rendered":"<p class=\"wp-block-paragraph\"><strong>Tak\u00e1cs P\u00e9ter fideszes orsz\u00e1ggy\u0171l\u00e9si k\u00e9pvisel\u0151 a k\u00f6z\u00f6ss\u00e9gi oldal\u00e1n b\u00edr\u00e1lta a Nemzeti Vagyonvisszaszerz\u00e9si \u00e9s Vagyonv\u00e9delmi Hivatal eln\u00f6k\u00e9nek megjelen\u00e9s\u00e9t, azt \u00e1ll\u00edtva, hogy a Tisza P\u00e1rtban h\u00e1tt\u00e9rbe szor\u00edtj\u00e1k a n\u0151k szakmai tud\u00e1s\u00e1t. Magyar P\u00e9ter korm\u00e1nyf\u0151 kommentben utas\u00edtotta vissza az ellenz\u00e9ki politikus megjegyz\u00e9seit, sz\u00e1monk\u00e9rve \u0151t a nyilv\u00e1nos b\u00edr\u00e1lat miatt.<\/strong><\/p>\n\n\n\n<p class=\"wp-block-paragraph\">Tak\u00e1cs P\u00e9ter fideszes orsz\u00e1ggy\u0171l\u00e9si k\u00e9pvisel\u0151 \u00e9les kritik\u00e1t fogalmazott meg a Nemzeti Vagyonvisszaszerz\u00e9si \u00e9s Vagyonv\u00e9delmi Hivatal (NVVH) eln\u00f6k\u00e9vel szemben. Az ellenz\u00e9ki politikus a <a href=\"https:\/\/www.facebook.com\/egeszsegugyi.allamtitkar?ref=embed_post\" target=\"_blank\" rel=\"noopener\">k\u00f6z\u00f6ss\u00e9gi oldal\u00e1n<\/a> k\u00f6zz\u00e9tett bejegyz\u00e9s\u00e9ben azt firtatta, mi\u00e9rt vetett\u00e9k al\u00e1 24 \u00f3r\u00e1n bel\u00fcl teljes \u00e1talak\u00edt\u00e1snak <a href=\"https:\/\/zemino.hu\/ro\/kozelet\/2026\/08\/27\/unger-anna-nvvh-elnok-jelolt\/\">Unger Ann\u00e1t<\/a>, a szervezet vezet\u0151j\u00e9t. Tak\u00e1cs k\u00e9t fot\u00f3t is megosztott az eln\u00f6kr\u0151l: az egyiken felk\u00f6t\u00f6tt hajjal, magyar\u00e1zat k\u00f6zben, a m\u00e1sikon leengedett hajjal l\u00e1that\u00f3.<\/p>\n\n\n\n<p class=\"wp-block-paragraph\">Az egykori miniszter bejegyz\u00e9s\u00e9ben \u00fagy fogalmazott:<\/p>\n\n\n\n<blockquote class=\"wp-block-quote is-layout-flow wp-block-quote-is-layout-flow\">\n<p class=\"wp-block-paragraph\">\u201eUnger Anna R\u00f3z\u00e1t 24 \u00f3r\u00e1n bel\u00fcl teljes \u00e1talak\u00edt\u00e1snak vetett\u00e9k al\u00e1. K\u00e9rdem \u00e9n: mi\u00e9rt? H\u00e1t nem az sz\u00e1m\u00edt, amit mond, amit tesz?\u201d<\/p>\n<\/blockquote>\n\n\n\n<p class=\"wp-block-paragraph\">Tak\u00e1cs P\u00e9ter szerint a Tisza P\u00e1rt korm\u00e1nyz\u00e1sa alatt m\u00e9g a hivatalnokok sem n\u00e9zhetnek ki \u00fagy, ahogy szeretn\u00e9nek, mert mindenkit a k\u00f6z\u00f6ss\u00e9gi m\u00e9dia elv\u00e1r\u00e1saihoz alak\u00edtanak. \u00cdr\u00e1s\u00e1ban Lannert Judit kor\u00e1bbi szavaira is utalt, felvetve a k\u00e9rd\u00e9st, hogy vajon val\u00f3ban csak reprezentat\u00edv c\u00e9lokra tartj\u00e1k-e alkalmasnak a n\u0151ket a korm\u00e1nyp\u00e1rtban, h\u00e1tt\u00e9rbe szor\u00edtva a szakmai felk\u00e9sz\u00fclts\u00e9get \u00e9s a tudom\u00e1nyos fokozatokat. Az ellenz\u00e9ki k\u00e9pvisel\u0151 azt is megk\u00e9rdezte, hogy a m\u00e1sik NVVH-eln\u00f6kjel\u00f6ltet, Ligeti Mikl\u00f3st is kitett\u00e9k volna-e egy hasonl\u00f3 elj\u00e1r\u00e1snak.<\/p>\n\n\n\n<p class=\"wp-block-paragraph\">A bejegyz\u00e9s alatt Magyar P\u00e9ter korm\u00e1nyf\u0151 is megjelent, aki hozz\u00e1sz\u00f3l\u00e1s\u00e1ban hat\u00e1rozottan visszautas\u00edtotta a b\u00edr\u00e1latot.<\/p>\n\n\n\n<blockquote class=\"wp-block-quote is-layout-flow wp-block-quote-is-layout-flow\">\n<p class=\"wp-block-paragraph\">\u201eNem sz\u00e9gyelled magad? Most m\u00e1r nyilv\u00e1nosan n\u0151k kin\u00e9zet\u00e9t becsm\u00e9rled?\u201d<\/p>\n<\/blockquote>\n\n\n\n<p class=\"wp-block-paragraph\">\u2013 tette fel a k\u00e9rd\u00e9st a minisztereln\u00f6k, majd hozz\u00e1tette: \u201ePont te r\u00e1ad\u00e1sul?\u201d.<\/p>\n\n\n\n<figure class=\"wp-block-embed is-type-rich is-provider-facebook wp-block-embed-facebook\"><div class=\"wp-block-embed__wrapper\">\n<div id=\"fb-root\"><\/div><script async=\"1\" defer=\"1\" crossorigin=\"anonymous\" src=\"https:\/\/connect.facebook.net\/hu_HU\/sdk.js#xfbml=1&amp;version=v26.0\"><\/script><div class=\"fb-post\" data-href=\"https:\/\/www.facebook.com\/egeszsegugyi.allamtitkar\/posts\/pfbid02Bqtri1Z7oZnPKrHqEPHUJw1BJdNabVTYyVEaYxdgw4PZc32MoWGvowCKGHpNRnpfl\" data-width=\"500\"><\/div>\n<\/div><\/figure>\n\n\n\n<figure class=\"wp-block-embed is-type-wp-embed is-provider-zemino wp-block-embed-zemino\"><div class=\"wp-block-embed__wrapper\">\n<blockquote class=\"wp-embedded-content\" data-secret=\"Ef5DPbCNIx\"><a href=\"https:\/\/zemino.hu\/ro\/bulvar\/2026\/08\/21\/takacs-peter-magyar-peter-zaszlo-video\/\">Tak\u00e1cs P\u00e9ter szerint Lengyelorsz\u00e1gb\u00f3l sz\u00e1rmaz\u00f3 z\u00e1szl\u00f3kkal \u00e9p\u00fcl a szem\u00e9lyi kultusz<\/a><\/blockquote><iframe loading=\"lazy\" class=\"wp-embedded-content\" sandbox=\"allow-scripts\" security=\"restricted\" style=\"position: absolute; visibility: hidden;\" title=\"\u201cTak\u00e1cs P\u00e9ter szerint Lengyelorsz\u00e1gb\u00f3l sz\u00e1rmaz\u00f3 z\u00e1szl\u00f3kkal \u00e9p\u00fcl a szem\u00e9lyi kultusz\u201d \u2014 Zemino\" src=\"https:\/\/zemino.hu\/bulvar\/2026\/08\/21\/takacs-peter-magyar-peter-zaszlo-video\/embed\/#?secret=inMlOi4Dh0#?secret=Ef5DPbCNIx\" data-secret=\"Ef5DPbCNIx\" width=\"500\" height=\"282\" frameborder=\"0\" marginwidth=\"0\" marginheight=\"0\" scrolling=\"no\"><\/iframe>\n<\/div><\/figure>\n\n\n\n<p class=\"wp-block-paragraph\">Ezt olvastad m\u00e1r? <a href=\"https:\/\/zemino.hu\/ro\/villogos\/2026\/08\/08\/takacs-peter-strandolas-inzultus-feljelentes\/\" target=\"_blank\">Ver\u00e9ssel fenyegett\u00e9k \u00e9s a telefonj\u00e1t is megpr\u00f3b\u00e1lt\u00e1k elvenni Tak\u00e1cs P\u00e9tert\u0151l egy strandon<\/a><\/p>","protected":false},"excerpt":{"rendered":"<p>Tak\u00e1cs P\u00e9ter fideszes k\u00e9pvisel\u0151 az NVVH eln\u00f6k\u00e9nek k\u00fclsej\u00e9t b\u00edr\u00e1lta, mire Magyar P\u00e9ter korm\u00e1nyf\u0151 kommentben k\u00e9rte sz\u00e1mon az ellenz\u00e9ki politikust.<\/p>","protected":false},"author":7,"featured_media":6282,"comment_status":"open","ping_status":"open","sticky":false,"template":"","format":"standard","meta":{"_gspb_post_css":"","_zh_crosspost_remote_site":"","_zh_crosspost_remote_post_id":"","_zh_crosspost_last_sync_at":"","_zh_crosspost_last_sync_direction":"","footnotes":""},"categories":[326],"tags":[1629,250,2567,1077,248,3282],"class_list":["post-6280","post","type-post","status-publish","format-standard","has-post-thumbnail","hentry","category-kozelet","tag-index","tag-magyar-peter","tag-nemzeti-vagyonvisszaszerzesi-es-vagyonvedelmi-hivatal","tag-takacs-peter","tag-tisza-part","tag-unger-anna"],"_links":{"self":[{"href":"https:\/\/zemino.hu\/ro\/wp-json\/wp\/v2\/posts\/6280","targetHints":{"allow":["GET"]}}],"collection":[{"href":"https:\/\/zemino.hu\/ro\/wp-json\/wp\/v2\/posts"}],"about":[{"href":"https:\/\/zemino.hu\/ro\/wp-json\/wp\/v2\/types\/post"}],"author":[{"embeddable":true,"href":"https:\/\/zemino.hu\/ro\/wp-json\/wp\/v2\/users\/7"}],"replies":[{"embeddable":true,"href":"https:\/\/zemino.hu\/ro\/wp-json\/wp\/v2\/comments?post=6280"}],"version-history":[{"count":1,"href":"https:\/\/zemino.hu\/ro\/wp-json\/wp\/v2\/posts\/6280\/revisions"}],"predecessor-version":[{"id":6285,"href":"https:\/\/zemino.hu\/ro\/wp-json\/wp\/v2\/posts\/6280\/revisions\/6285"}],"wp:featuredmedia":[{"embeddable":true,"href":"https:\/\/zemino.hu\/ro\/wp-json\/wp\/v2\/media\/6282"}],"wp:attachment":[{"href":"https:\/\/zemino.hu\/ro\/wp-json\/wp\/v2\/media?parent=6280"}],"wp:term":[{"taxonomy":"category","embeddable":true,"href":"https:\/\/zemino.hu\/ro\/wp-json\/wp\/v2\/categories?post=6280"},{"taxonomy":"post_tag","embeddable":true,"href":"https:\/\/zemino.hu\/ro\/wp-json\/wp\/v2\/tags?post=6280"}],"curies":[{"name":"wp","href":"https:\/\/api.w.org\/{rel}","templated":true}]}}