{"id":6286,"date":"2026-08-31T12:52:41","date_gmt":"2026-08-31T10:52:41","guid":{"rendered":"https:\/\/zemino.hu\/?p=6286"},"modified":"2026-08-31T12:52:43","modified_gmt":"2026-08-31T10:52:43","slug":"pontoon-verekedes-rakpart","status":"publish","type":"post","link":"https:\/\/zemino.hu\/ro\/villogos\/2026\/08\/31\/pontoon-verekedes-rakpart\/","title":{"rendered":"S\u00falyosan megs\u00e9r\u00fclt egy f\u00e9rfi a Pontoon k\u00f6zel\u00e9ben, csoportos gar\u00e1zdas\u00e1g miatt nyomoz a BRFK"},"content":{"rendered":"<p class=\"wp-block-paragraph\"><strong>S\u00falyos s\u00e9r\u00fcl\u00e9sekkel sz\u00e1ll\u00edtottak k\u00f3rh\u00e1zba egy f\u00e9rfit vas\u00e1rnap hajnalban, miut\u00e1n lezuhant a budapesti Pontoon klub melletti rakpart k\u00f6vezet\u00e9re. Az esetet megel\u0151z\u0151en vereked\u00e9s t\u00f6rt\u00e9nt a helysz\u00ednen, amelynek k\u00f6r\u00fclm\u00e9nyeit a rend\u0151rs\u00e9g b\u00fcntet\u0151elj\u00e1r\u00e1s keret\u00e9ben vizsg\u00e1lja. A hat\u00f3s\u00e1gok csoportosan elk\u00f6vetett gar\u00e1zdas\u00e1g gyan\u00faja miatt ind\u00edtottak nyomoz\u00e1st.<\/strong><\/p>\n\n\n\n<p class=\"wp-block-paragraph\">Az <a href=\"https:\/\/index.hu\/belfold\/2026\/08\/31\/brfk-pontoon-duna-rendorseg-viz-nyomozas-csoportosan-elkovetett-garazdasag-buntett-gyanuja\/\" target=\"_blank\" rel=\"noopener\">Index<\/a> szerkeszt\u0151s\u00e9g\u00e9hez eljuttatott olvas\u00f3i besz\u00e1mol\u00f3 szerint szombat este a L\u00e1nch\u00edd pesti h\u00eddf\u0151j\u00e9n\u00e9l tal\u00e1lhat\u00f3 szabadt\u00e9ri sz\u00f3rakoz\u00f3helyen k\u00e9t vend\u00e9g sz\u00f3lalkozott \u00f6ssze, majd verekedett \u00f6ssze. A lev\u00e9l\u00edr\u00f3 \u00e1ll\u00edt\u00e1sa szerint a biztons\u00e1gi szolg\u00e1lat egyik munkat\u00e1rsa megpr\u00f3b\u00e1lta sz\u00e9tv\u00e1lasztani a feleket, \u00e9s ek\u00f6zben paprikaspray-vel elvak\u00edtotta az egyik f\u00e9rfit. A vend\u00e9g ezt k\u00f6vet\u0151en zuhant le a Duna medr\u00e9be, ahol az \u00e9les k\u00f6vekre esett. Az olvas\u00f3 \u00fagy v\u00e9lte, hogy a f\u00e9rfi a helysz\u00ednen \u00e9let\u00e9t vesztette, \u00e9s a ment\u0151k megpr\u00f3b\u00e1lt\u00e1k \u00fajra\u00e9leszteni, mik\u00f6zben a buli zavartalanul folytat\u00f3dott tov\u00e1bb. A lev\u00e9l\u00edr\u00f3 emellett aggaszt\u00f3nak nevezte, hogy a k\u00f6zvetlen\u00fcl a foly\u00f3 mellett \u00fczemel\u0151 helysz\u00edn v\u00edz fel\u0151li oldala nincs megfelel\u0151en biztos\u00edtva, ami az alkoholfogyaszt\u00e1s mellett k\u00fcl\u00f6n\u00f6sen vesz\u00e9lyes lehet.<\/p>\n\n\n\n<p class=\"wp-block-paragraph\">A Budapesti Rend\u0151r-f\u0151kapit\u00e1nys\u00e1g (BRFK) megkeres\u00e9sre k\u00f6z\u00f6lte, hogy a Tev\u00e9kenys\u00e9g-ir\u00e1ny\u00edt\u00e1si K\u00f6zpontba 2026. augusztus 30-\u00e1n 1 \u00f3ra 23 perc k\u00f6r\u00fcl t\u00f6bb bejelent\u00e9s is \u00e9rkezett arr\u00f3l, hogy egy f\u00e9rfi a rakpart k\u00f6vezet\u00e9re esett a L\u00e1nch\u00edd pesti h\u00eddf\u0151j\u00e9n\u00e9l. A ki\u00e9rkez\u0151 rend\u0151r\u00f6k adatgy\u0171jt\u00e9st v\u00e9geztek a helysz\u00ednen, a s\u00falyosan megs\u00e9r\u00fclt f\u00e9rfit pedig a ment\u0151szolg\u00e1lat munkat\u00e1rsai k\u00f3rh\u00e1zba sz\u00e1ll\u00edtott\u00e1k.<\/p>\n\n\n\n<p class=\"wp-block-paragraph\">A BRFK a t\u00f6rt\u00e9ntek teljes k\u00f6r\u0171 tiszt\u00e1z\u00e1sa \u00e9rdek\u00e9ben csoportosan elk\u00f6vetett gar\u00e1zdas\u00e1g b\u0171ntett\u00e9nek gyan\u00faja miatt rendelt el nyomoz\u00e1st. Az elj\u00e1r\u00e1s eddigi szakasz\u00e1ban a nyomoz\u00f3k tan\u00fakat hallgattak meg, \u00e9s int\u00e9zkedtek a helysz\u00edni kamerafelv\u00e9telek lefoglal\u00e1s\u00e1r\u00f3l is. A folyamatban l\u00e9v\u0151 nyomoz\u00e1s \u00e9rdekeire hivatkozva a rend\u0151rs\u00e9g tov\u00e1bbi r\u00e9szleteket egyel\u0151re nem k\u00f6z\u00f6lt az \u00fcgyr\u0151l.<\/p>","protected":false},"excerpt":{"rendered":"<p>S\u00falyos s\u00e9r\u00fcl\u00e9sekkel sz\u00e1ll\u00edtottak k\u00f3rh\u00e1zba egy f\u00e9rfit, aki a budapesti Pontoon k\u00f6zel\u00e9ben esett a rakpartra egy vereked\u00e9s ut\u00e1n. A BRFK nyomoz\u00e1st ind\u00edtott.<\/p>","protected":false},"author":2,"featured_media":6287,"comment_status":"open","ping_status":"open","sticky":false,"template":"","format":"standard","meta":{"_gspb_post_css":"","_zh_crosspost_remote_site":"zsaruhirek","_zh_crosspost_remote_post_id":"86503","_zh_crosspost_last_sync_at":"2026-08-31 12:50:19","_zh_crosspost_last_sync_direction":"zsaruhirek_to_zemino","_zh_crosspost_synced_images":"","footnotes":""},"categories":[325],"tags":[394,61,2021,1203,1503],"class_list":["post-6286","post","type-post","status-publish","format-standard","has-post-thumbnail","hentry","category-villogos","tag-baleset","tag-budapest","tag-garazdasag","tag-lanchid","tag-verekedes"],"_links":{"self":[{"href":"https:\/\/zemino.hu\/ro\/wp-json\/wp\/v2\/posts\/6286","targetHints":{"allow":["GET"]}}],"collection":[{"href":"https:\/\/zemino.hu\/ro\/wp-json\/wp\/v2\/posts"}],"about":[{"href":"https:\/\/zemino.hu\/ro\/wp-json\/wp\/v2\/types\/post"}],"author":[{"embeddable":true,"href":"https:\/\/zemino.hu\/ro\/wp-json\/wp\/v2\/users\/2"}],"replies":[{"embeddable":true,"href":"https:\/\/zemino.hu\/ro\/wp-json\/wp\/v2\/comments?post=6286"}],"version-history":[{"count":1,"href":"https:\/\/zemino.hu\/ro\/wp-json\/wp\/v2\/posts\/6286\/revisions"}],"predecessor-version":[{"id":6289,"href":"https:\/\/zemino.hu\/ro\/wp-json\/wp\/v2\/posts\/6286\/revisions\/6289"}],"wp:featuredmedia":[{"embeddable":true,"href":"https:\/\/zemino.hu\/ro\/wp-json\/wp\/v2\/media\/6287"}],"wp:attachment":[{"href":"https:\/\/zemino.hu\/ro\/wp-json\/wp\/v2\/media?parent=6286"}],"wp:term":[{"taxonomy":"category","embeddable":true,"href":"https:\/\/zemino.hu\/ro\/wp-json\/wp\/v2\/categories?post=6286"},{"taxonomy":"post_tag","embeddable":true,"href":"https:\/\/zemino.hu\/ro\/wp-json\/wp\/v2\/tags?post=6286"}],"curies":[{"name":"wp","href":"https:\/\/api.w.org\/{rel}","templated":true}]}}