{"id":6290,"date":"2026-08-31T13:41:28","date_gmt":"2026-08-31T11:41:28","guid":{"rendered":"https:\/\/zemino.hu\/?p=6290"},"modified":"2026-08-31T13:41:29","modified_gmt":"2026-08-31T11:41:29","slug":"mnb-vegrehajtasi-visszaelesek-vizsgalobizottsag","status":"publish","type":"post","link":"https:\/\/zemino.hu\/ro\/belfold\/2026\/08\/31\/mnb-vegrehajtasi-visszaelesek-vizsgalobizottsag\/","title":{"rendered":"K\u00f6zel ezeroldalnyi dokumentumot adott \u00e1t az MNB a v\u00e9grehajt\u00e1si vissza\u00e9l\u00e9seket vizsg\u00e1l\u00f3 bizotts\u00e1gnak"},"content":{"rendered":"<p class=\"wp-block-paragraph\"><strong>A Magyar Nemzeti Bank teljes\u00edtette az Orsz\u00e1ggy\u0171l\u00e9s v\u00e9grehajt\u00e1si vissza\u00e9l\u00e9seket felt\u00e1r\u00f3 vizsg\u00e1l\u00f3bizotts\u00e1g\u00e1nak adatk\u00e9r\u00e9s\u00e9t, \u00e9s mintegy ezeroldalnyi dokument\u00e1ci\u00f3t bocs\u00e1tott a test\u00fclet rendelkez\u00e9s\u00e9re. A nyolc pontb\u00f3l \u00e1ll\u00f3 adatcsomag k\u00f6vetel\u00e9skimutat\u00e1sokat, KHR-adatokat \u00e9s az \u00fcgyf\u00e9lpanaszok elb\u00edr\u00e1l\u00e1s\u00e1nak r\u00e9szleteit is tartalmazza. Varga Mih\u00e1ly jegybankeln\u00f6k hangs\u00falyozta, hogy az MNB a j\u00f6v\u0151ben is t\u00e1mogatja a vizsg\u00e1latot, \u00e9s sz\u00fcks\u00e9g eset\u00e9n maga is feljelent\u00e9st tesz.<\/strong><\/p>\n\n\n\n<p class=\"wp-block-paragraph\">A Magyar Nemzeti Bank (MNB) hi\u00e1nytalanul teljes\u00edtette a parlamenti vizsg\u00e1l\u00f3bizotts\u00e1g megkeres\u00e9s\u00e9t. Varga Mih\u00e1ly jegybankeln\u00f6k a <a href=\"https:\/\/www.facebook.com\/share\/r\/1MURe1xnVr\/\" target=\"_blank\" rel=\"noopener\">k\u00f6z\u00f6ss\u00e9gi oldal\u00e1n<\/a> k\u00f6zz\u00e9tett vide\u00f3j\u00e1ban r\u00e9szletezte az \u00e1tadott anyag nagys\u00e1g\u00e1t \u00e9s tartalm\u00e1t.<\/p>\n\n\n\n<figure class=\"wp-block-embed is-type-video is-provider-facebook wp-block-embed-facebook\"><div class=\"wp-block-embed__wrapper\">\n<div id=\"fb-root\"><\/div><script async=\"1\" defer=\"1\" crossorigin=\"anonymous\" src=\"https:\/\/connect.facebook.net\/hu_HU\/sdk.js#xfbml=1&amp;version=v26.0\"><\/script><div class=\"fb-video\" data-href=\"https:\/\/www.facebook.com\/reel\/2207872783113927\/\" data-width=\"500\"><\/div>\n<\/div><\/figure>\n\n\n\n<p class=\"wp-block-paragraph\">A jegybankeln\u00f6k t\u00e1j\u00e9koztat\u00e1sa szerint a bizotts\u00e1g nyolc pontban fogalmazta meg k\u00e9rd\u00e9seit, amelyekre az MNB r\u00e9szletes statisztik\u00e1kkal \u00e9s dokumentumokkal v\u00e1laszolt.<\/p>\n\n\n\n<blockquote class=\"wp-block-quote is-layout-flow wp-block-quote-is-layout-flow\">\n<p class=\"wp-block-paragraph\">Ez k\u00f6zel ezeroldalnyi adat \u00e9s inform\u00e1ci\u00f3, amelyet az Orsz\u00e1ggy\u0171l\u00e9s v\u00e9grehajt\u00e1si vissza\u00e9l\u00e9seket felt\u00e1r\u00f3 vizsg\u00e1l\u00f3bizotts\u00e1ga r\u00e9sz\u00e9re \u00e1ll\u00edtottunk \u00f6ssze<\/p>\n<\/blockquote>\n\n\n\n<p class=\"wp-block-paragraph\">\u2013 jelentette be Varga Mih\u00e1ly. Az \u00e1tadott dokument\u00e1ci\u00f3 r\u00e9sz\u00e9t k\u00e9pezik a k\u00f6vetel\u00e9skimutat\u00e1sok, a K\u00f6zponti Hitelinform\u00e1ci\u00f3s Rendszer (KHR) adatai, valamint a fogyaszt\u00f3i panaszok elb\u00edr\u00e1l\u00e1s\u00e1val kapcsolatos iratok. A KHR adatb\u00e1zisa kulcsfontoss\u00e1g\u00fa a vizsg\u00e1lat szempontj\u00e1b\u00f3l, hiszen ez r\u00f6gz\u00edti a lakoss\u00e1gi \u00e9s v\u00e1llalati hitelek adatait, k\u00f6zt\u00fck a nem fizet\u0151 ad\u00f3sok tartoz\u00e1sait, amelyekb\u0151l pontosan kirajzol\u00f3dhat az ad\u00f3ss\u00e1gspir\u00e1lok kialakul\u00e1s\u00e1nak h\u00e1ttere.<\/p>\n\n\n\n<h3 id=\"kulcsszerepben-a-jegybank-es-a-vizsgalobizottsag\" class=\"wp-block-heading\">Kulcsszerepben a jegybank \u00e9s a vizsg\u00e1l\u00f3bizotts\u00e1g<\/h3>\n\n\n\n<p class=\"wp-block-paragraph\">Az MNB fel\u00fcgyeleti szerepk\u00f6re 2013-ban b\u0151v\u00fclt jelent\u0151sen, amikor beolvadt a szervezetbe a P\u00e9nz\u00fcgyi Szervezetek \u00c1llami Fel\u00fcgyelete (PSZ\u00c1F). \u00cdgy a jegybankn\u00e1l \u00f6sszpontosulnak a bankok, k\u00f6vetel\u00e9skezel\u0151k \u00e9s p\u00e9nz\u00fcgyi v\u00e1llalkoz\u00e1sok m\u0171k\u00f6d\u00e9s\u00e9re vonatkoz\u00f3 adatok, valamint a lakoss\u00e1gi panaszok is. Varga Mih\u00e1ly m\u00e1r az MNB augusztus 25-i kamatd\u00f6nt\u00e9s\u00e9t k\u00f6vet\u0151 sajt\u00f3t\u00e1j\u00e9koztat\u00f3j\u00e1n jelezte, hogy dolgoznak a bizotts\u00e1g megkeres\u00e9s\u00e9n \u2013 \u00edrta meg az <a href=\"https:\/\/index.hu\/belfold\/2026\/08\/31\/varga-mihaly-vegrehajtasi-visszaeleseket-feltaro-vizsgalobizottsag\/\" target=\"_blank\" rel=\"noopener\">Index<\/a>.<\/p>\n\n\n\n<p class=\"wp-block-paragraph\">A V\u00e9grehajt\u00e1si Vissza\u00e9l\u00e9seket Felt\u00e1r\u00f3 Vizsg\u00e1l\u00f3bizotts\u00e1got 2026. m\u00e1jus 26-\u00e1n hozta l\u00e9tre az Orsz\u00e1ggy\u0171l\u00e9s, a v\u00e1laszt\u00e1sokat k\u00f6vet\u0151en fel\u00e1ll\u00edtott \u00f6t test\u00fclet egyikek\u00e9nt. Ez az egyetlen olyan bizotts\u00e1g, amelyet az ellenz\u00e9k vezet: eln\u00f6ke Toroczkai L\u00e1szl\u00f3, a Mi Haz\u00e1nk Mozgalom eln\u00f6ke. A test\u00fclet az <a href=\"https:\/\/zemino.hu\/ro\/belfold\/2026\/07\/02\/vegrehajtasi-visszaeleseket-feltaro-vizsgalobizottsag-ules-toroczkai\/\">els\u0151 \u00fcl\u00e9s\u00e9t j\u00falius 2-\u00e1n tartotta<\/a> az Orsz\u00e1gh\u00e1zban, ahol az eln\u00f6k t\u00f6rt\u00e9nelmi munk\u00e1nak nevezte a feladatot, amelynek c\u00e9lja a v\u00e9grehajt\u00e1si rendszer 1990-es \u00e9vek \u00f3ta tart\u00f3 m\u0171k\u00f6d\u00e9s\u00e9nek felt\u00e1r\u00e1sa \u00e9s egy \u00faj szab\u00e1lyoz\u00e1s kidolgoz\u00e1sa.<\/p>\n\n\n\n<p class=\"wp-block-paragraph\">A bizotts\u00e1g az \u00faj parlamenti szab\u00e1lyok \u00e9rtelm\u00e9ben sz\u00e9les k\u00f6r\u0171 jogos\u00edtv\u00e1nyokkal rendelkezik: adatszolg\u00e1ltat\u00e1st \u00e9s megjelen\u00e9st \u00edrhat el\u0151 az int\u00e9zm\u00e9nyeknek. A beid\u00e9zettek mulaszt\u00e1sa eset\u00e9n els\u0151 alkalommal sz\u00e1zezer, majd minden tov\u00e1bbi alkalommal egymilli\u00f3 forintos b\u00edrs\u00e1g szabhat\u00f3 ki, s\u0151t, k\u00e9tszeri t\u00e1volmarad\u00e1s ut\u00e1n ak\u00e1r rend\u0151ri el\u0151vezet\u00e9s is elrendelhet\u0151.<\/p>\n\n\n\n<p class=\"wp-block-paragraph\">A test\u00fclet nemcsak a jegybankot kereste meg. Egy augusztus 12-i d\u00f6nt\u00e9s \u00e9rtelm\u00e9ben t\u00f6bb tucat szervezetnek k\u00fcldtek adatig\u00e9nyl\u00e9st, k\u00f6zt\u00fck az Igazs\u00e1g\u00fcgyi Miniszt\u00e9riumnak, a korm\u00e1nyhivataloknak, a Legf\u0151bb \u00dcgy\u00e9szs\u00e9gnek \u00e9s a NAV-nak is. Ezen az \u00fcl\u00e9sen Nacsa L\u0151rinc (KDNP) javaslat\u00e1ra eg\u00e9sz\u00edtett\u00e9k ki a jegybanknak sz\u00f3l\u00f3 megkeres\u00e9st az 1990 \u00e9s 2026 k\u00f6z\u00f6tti bed\u0151lt hitelek sz\u00e1m\u00e1nak r\u00e9szletez\u00e9s\u00e9vel.<\/p>\n\n\n\n<h3 id=\"hatalmas-iratanyag-es-parhuzamos-vizsgalatok\" class=\"wp-block-heading\">Hatalmas iratanyag \u00e9s p\u00e1rhuzamos vizsg\u00e1latok<\/h3>\n\n\n\n<p class=\"wp-block-paragraph\">Toroczkai L\u00e1szl\u00f3 becsl\u00e9se szerint a k\u00f6vetkez\u0151 h\u00f3napokban mintegy sz\u00e1zezer oldalnyi dokumentumot kell \u00e1tvizsg\u00e1lniuk, hogy az \u00e9v v\u00e9g\u00e9ig elk\u00e9sz\u00edthess\u00e9k a jelent\u00e9st. Simon Kriszti\u00e1n M\u00e1rk (Tisza P\u00e1rt) a parlamenti vit\u00e1ban r\u00e1mutatott a helyzet s\u00falyoss\u00e1g\u00e1ra: jelenleg 670 ezer akt\u00edv \u00e9s nagyj\u00e1b\u00f3l egymilli\u00f3 lez\u00e1ratlan, inakt\u00edv v\u00e9grehajt\u00e1si elj\u00e1r\u00e1s van folyamatban az orsz\u00e1gban. B\u00e1r a bizotts\u00e1g a lakoss\u00e1gi beadv\u00e1nyok el\u0151sz\u0171r\u00e9s\u00e9re j\u00faliusi \u00fcl\u00e9s\u00e9n k\u00fcls\u0151 szak\u00e9rt\u0151k bevon\u00e1s\u00e1r\u00f3l is d\u00f6nt\u00f6tt, hangs\u00falyozt\u00e1k, hogy egyedi jogorvoslati \u00fcgyekkel nem foglalkozhatnak.<\/p>\n\n\n\n<p class=\"wp-block-paragraph\">Az MNB helyzete k\u00fcl\u00f6nleges, hiszen egy m\u00e1sik elj\u00e1r\u00e1sban vizsg\u00e1lt f\u00e9lk\u00e9nt is \u00e9rintett. P\u00e1rhuzamosan m\u0171k\u00f6dik ugyanis az MNB M\u0171k\u00f6d\u00e9s\u00e9vel Kapcsolatos Vissza\u00e9l\u00e9seket Felt\u00e1r\u00f3 Vizsg\u00e1l\u00f3bizotts\u00e1g is, amely a Matolcsy-korszak alap\u00edtv\u00e1nyi vagyonkezel\u00e9s\u00e9t \u00e9s ingatlan\u00fcgyleteit vizsg\u00e1lja. Ez a test\u00fclet <a href=\"https:\/\/zemino.hu\/ro\/belfold\/2026\/08\/26\/mnb-vizsgalobizottsag-matolcsy-gyorgy-matolcsy-adam-szankciok\/\">augusztus 26-\u00e1n tartotta alakul\u00f3 \u00fcl\u00e9s\u00e9t<\/a> Cs\u0151szi Attila (Tisza P\u00e1rt) eln\u00f6klet\u00e9vel.<\/p>\n\n\n\n<p class=\"wp-block-paragraph\">Varga Mih\u00e1ly, aki 2025. m\u00e1rcius 4-e \u00f3ta t\u00f6lti be a jegybankeln\u00f6ki tiszts\u00e9get, az \u00e1tl\u00e1that\u00f3s\u00e1g fontoss\u00e1g\u00e1t hangs\u00falyozta:<\/p>\n\n\n\n<blockquote class=\"wp-block-quote is-layout-flow wp-block-quote-is-layout-flow\">\n<p class=\"wp-block-paragraph\">A jegybank \u00faj vezet\u00e9se elk\u00f6telezett a t\u00f6rv\u00e9nyes, \u00e1tl\u00e1that\u00f3 m\u0171k\u00f6d\u00e9s mellett. Minden olyan esetben, ahol t\u00f6rv\u00e9nytelens\u00e9g gyan\u00faja mer\u00fcl fel, magunk is megtett\u00fck a sz\u00fcks\u00e9ges feljelent\u00e9seket, \u00e9s \u00edgy j\u00e1runk el a j\u00f6v\u0151ben is<\/p>\n<\/blockquote>\n\n\n\n<figure class=\"wp-block-embed is-type-wp-embed is-provider-zemino wp-block-embed-zemino\"><div class=\"wp-block-embed__wrapper\">\n<blockquote class=\"wp-embedded-content\" data-secret=\"Uj76NbuW3w\"><a href=\"https:\/\/zemino.hu\/ro\/kozelet\/2026\/08\/30\/kdnp-tisztujitas-semjen-zsolt-lakitelek\/\">\u00c9v v\u00e9g\u00e9ig teljesen meg\u00fajulhat a KDNP: Semj\u00e9n szerint a jobbsz\u00e9lre cs\u00fasz\u00e1s okozta a veszt\u00fcket<\/a><\/blockquote><iframe loading=\"lazy\" class=\"wp-embedded-content\" sandbox=\"allow-scripts\" security=\"restricted\" style=\"position: absolute; visibility: hidden;\" title=\"\u201c\u00c9v v\u00e9g\u00e9ig teljesen meg\u00fajulhat a KDNP: Semj\u00e9n szerint a jobbsz\u00e9lre cs\u00fasz\u00e1s okozta a veszt\u00fcket\u201d \u2014 Zemino\" src=\"https:\/\/zemino.hu\/kozelet\/2026\/08\/30\/kdnp-tisztujitas-semjen-zsolt-lakitelek\/embed\/#?secret=zSAZJSuptj#?secret=Uj76NbuW3w\" data-secret=\"Uj76NbuW3w\" width=\"500\" height=\"282\" frameborder=\"0\" marginwidth=\"0\" marginheight=\"0\" scrolling=\"no\"><\/iframe>\n<\/div><\/figure>","protected":false},"excerpt":{"rendered":"<p>Az MNB k\u00f6zel ezeroldalnyi dokumentumot adott \u00e1t a v\u00e9grehajt\u00e1si vissza\u00e9l\u00e9seket felt\u00e1r\u00f3 vizsg\u00e1l\u00f3bizotts\u00e1gnak. Varga Mih\u00e1ly az \u00e1tl\u00e1that\u00f3s\u00e1got hangs\u00falyozta.<\/p>","protected":false},"author":7,"featured_media":6292,"comment_status":"open","ping_status":"open","sticky":false,"template":"","format":"standard","meta":{"_gspb_post_css":"","_zh_crosspost_remote_site":"zsaruhirek","_zh_crosspost_remote_post_id":"86551","_zh_crosspost_last_sync_at":"2026-08-31 14:37:59","_zh_crosspost_last_sync_direction":"zemino_to_zsaruhirek","_zh_crosspost_synced_images":"","footnotes":""},"categories":[31],"tags":[166,805,399,158,400,248,403,2010,2608,1331],"class_list":["post-6290","post","type-post","status-publish","format-standard","has-post-thumbnail","hentry","category-belfold","tag-kdnp","tag-magyar-nemzeti-bank","tag-mi-hazank-mozgalom","tag-nav","tag-orszaggyules","tag-tisza-part","tag-toroczkai-laszlo","tag-varga-mihaly","tag-vegrehajtas","tag-vizsgalobizottsag"],"_links":{"self":[{"href":"https:\/\/zemino.hu\/ro\/wp-json\/wp\/v2\/posts\/6290","targetHints":{"allow":["GET"]}}],"collection":[{"href":"https:\/\/zemino.hu\/ro\/wp-json\/wp\/v2\/posts"}],"about":[{"href":"https:\/\/zemino.hu\/ro\/wp-json\/wp\/v2\/types\/post"}],"author":[{"embeddable":true,"href":"https:\/\/zemino.hu\/ro\/wp-json\/wp\/v2\/users\/7"}],"replies":[{"embeddable":true,"href":"https:\/\/zemino.hu\/ro\/wp-json\/wp\/v2\/comments?post=6290"}],"version-history":[{"count":1,"href":"https:\/\/zemino.hu\/ro\/wp-json\/wp\/v2\/posts\/6290\/revisions"}],"predecessor-version":[{"id":6293,"href":"https:\/\/zemino.hu\/ro\/wp-json\/wp\/v2\/posts\/6290\/revisions\/6293"}],"wp:featuredmedia":[{"embeddable":true,"href":"https:\/\/zemino.hu\/ro\/wp-json\/wp\/v2\/media\/6292"}],"wp:attachment":[{"href":"https:\/\/zemino.hu\/ro\/wp-json\/wp\/v2\/media?parent=6290"}],"wp:term":[{"taxonomy":"category","embeddable":true,"href":"https:\/\/zemino.hu\/ro\/wp-json\/wp\/v2\/categories?post=6290"},{"taxonomy":"post_tag","embeddable":true,"href":"https:\/\/zemino.hu\/ro\/wp-json\/wp\/v2\/tags?post=6290"}],"curies":[{"name":"wp","href":"https:\/\/api.w.org\/{rel}","templated":true}]}}