{"id":6296,"date":"2026-08-31T15:29:59","date_gmt":"2026-08-31T13:29:59","guid":{"rendered":"https:\/\/zemino.hu\/?p=6296"},"modified":"2026-08-31T15:30:00","modified_gmt":"2026-08-31T13:30:00","slug":"emberolesre-minositettek-at-a-debreceni-keselest","status":"publish","type":"post","link":"https:\/\/zemino.hu\/ro\/villogos\/2026\/08\/31\/emberolesre-minositettek-at-a-debreceni-keselest\/","title":{"rendered":"Ember\u00f6l\u00e9ss\u00e9 min\u0151s\u00edtett\u00e9k \u00e1t a debreceni k\u00e9sel\u00e9st, miut\u00e1n \u00e9let\u00e9t vesztette az egyik s\u00e9r\u00fclt"},"content":{"rendered":"<p class=\"wp-block-paragraph\"><strong>Meghalt a k\u00f3rh\u00e1zban az a 23 \u00e9ves fiatalember, akit egy id\u0151s f\u00e9rfi sebes\u00edtett meg k\u00e9ssel Debrecenben. A b\u00edr\u00f3s\u00e1g elrendelte a gyan\u00fas\u00edtott letart\u00f3ztat\u00e1s\u00e1t, az \u00fcgyet pedig ember\u00f6l\u00e9sre min\u0151s\u00edtett\u00e9k \u00e1t.<\/strong><\/p>\n\n\n\n<p class=\"wp-block-paragraph\">A <a href=\"https:\/\/www.police.hu\/hu\/hirek-es-informaciok\/legfrissebb-hireink\/bunugyek\/emberolesre-minositettek-at-a-debreceni-tragikus-0\" target=\"_blank\" rel=\"noopener\">Hajd\u00fa-Bihar V\u00e1rmegyei Rend\u0151r-f\u0151kapit\u00e1nys\u00e1g<\/a> B\u0171n\u00fcgyi Igazgat\u00f3s\u00e1ga <a href=\"https:\/\/zsaruhirek.hu\/bunugyek\/2026\/08\/30\/debreceni-keseles-muzeum-utca\/\" target=\"_blank\" rel=\"noopener\">augusztus 29-\u00e9n hajnalban t\u00f6rt\u00e9nt eset<\/a> nyom\u00e1n ind\u00edtott elj\u00e1r\u00e1st egy 64 \u00e9ves budapesti lakossal szemben, aki k\u00e9ssel sebes\u00edtett meg k\u00e9t fiatalembert Debrecenben. A helysz\u00ednre \u00e9rkez\u0151 j\u00e1r\u0151r\u00f6k elfogt\u00e1k az elk\u00f6vet\u0151t, a ment\u0151szolg\u00e1lat munkat\u00e1rsai pedig k\u00f3rh\u00e1zba vitt\u00e9k a s\u00e9r\u00fclteket.<\/p>\n\n\n\n<p class=\"wp-block-paragraph\">A szakszer\u0171 orvosi ell\u00e1t\u00e1s dac\u00e1ra az egyik s\u00e9rtett, <a href=\"https:\/\/zsaruhirek.hu\/bunugyek\/2026\/08\/31\/23-debrecen-keseles\/\" target=\"_blank\" rel=\"noopener\">egy 23 \u00e9ves fiatal \u00e9let\u00e9t vesztette a k\u00f3rh\u00e1zban<\/a>. Ezt k\u00f6vet\u0151en a rend\u0151rs\u00e9g az \u00e9letvesz\u00e9lyt okoz\u00f3 testi s\u00e9rt\u00e9st \u00e1tmin\u0151s\u00edtette, \u00e9s a tov\u00e1bbiakban ember\u00f6l\u00e9s b\u0171ntett miatt folytatja az elj\u00e1r\u00e1st.<\/p>\n\n\n\n<p class=\"wp-block-paragraph\">A Debreceni J\u00e1r\u00e1sb\u00edr\u00f3s\u00e1g augusztus 31-\u00e9n, az \u00fcgy\u00e9szs\u00e9g ind\u00edtv\u00e1ny\u00e1ra hivatalosan is elrendelte a gyan\u00fas\u00edtott letart\u00f3ztat\u00e1s\u00e1t.<\/p>\n\n\n\n<p class=\"wp-block-paragraph\"><\/p>","protected":false},"excerpt":{"rendered":"<p>Meghalt a k\u00f3rh\u00e1zban a debreceni k\u00e9sel\u00e9s 23 \u00e9ves \u00e1ldozata. A rend\u0151rs\u00e9g ember\u00f6l\u00e9sre min\u0151s\u00edtette \u00e1t az \u00fcgyet, a b\u00edr\u00f3s\u00e1g pedig letart\u00f3ztatta a gyan\u00fas\u00edtottat.<\/p>","protected":false},"author":2,"featured_media":6297,"comment_status":"open","ping_status":"open","sticky":false,"template":"","format":"standard","meta":{"_gspb_post_css":"","_zh_crosspost_remote_site":"zsaruhirek","_zh_crosspost_remote_post_id":"86559","_zh_crosspost_last_sync_at":"2026-08-31 15:29:30","_zh_crosspost_last_sync_direction":"zsaruhirek_to_zemino","footnotes":""},"categories":[325],"tags":[2487,3361,238,1273,1322,947,936],"class_list":["post-6296","post","type-post","status-publish","format-standard","has-post-thumbnail","hentry","category-villogos","tag-debrecen","tag-debreceni-jarasbirosag","tag-emberoles","tag-hajdu-bihar-varmegye","tag-hajdu-bihar-varmegyei-rendor-fokapitanysag","tag-keseles","tag-letartoztatas"],"_links":{"self":[{"href":"https:\/\/zemino.hu\/ro\/wp-json\/wp\/v2\/posts\/6296","targetHints":{"allow":["GET"]}}],"collection":[{"href":"https:\/\/zemino.hu\/ro\/wp-json\/wp\/v2\/posts"}],"about":[{"href":"https:\/\/zemino.hu\/ro\/wp-json\/wp\/v2\/types\/post"}],"author":[{"embeddable":true,"href":"https:\/\/zemino.hu\/ro\/wp-json\/wp\/v2\/users\/2"}],"replies":[{"embeddable":true,"href":"https:\/\/zemino.hu\/ro\/wp-json\/wp\/v2\/comments?post=6296"}],"version-history":[{"count":1,"href":"https:\/\/zemino.hu\/ro\/wp-json\/wp\/v2\/posts\/6296\/revisions"}],"predecessor-version":[{"id":6298,"href":"https:\/\/zemino.hu\/ro\/wp-json\/wp\/v2\/posts\/6296\/revisions\/6298"}],"wp:featuredmedia":[{"embeddable":true,"href":"https:\/\/zemino.hu\/ro\/wp-json\/wp\/v2\/media\/6297"}],"wp:attachment":[{"href":"https:\/\/zemino.hu\/ro\/wp-json\/wp\/v2\/media?parent=6296"}],"wp:term":[{"taxonomy":"category","embeddable":true,"href":"https:\/\/zemino.hu\/ro\/wp-json\/wp\/v2\/categories?post=6296"},{"taxonomy":"post_tag","embeddable":true,"href":"https:\/\/zemino.hu\/ro\/wp-json\/wp\/v2\/tags?post=6296"}],"curies":[{"name":"wp","href":"https:\/\/api.w.org\/{rel}","templated":true}]}}