{"id":6299,"date":"2026-08-31T16:33:46","date_gmt":"2026-08-31T14:33:46","guid":{"rendered":"https:\/\/zemino.hu\/?p=6299"},"modified":"2026-08-31T16:33:47","modified_gmt":"2026-08-31T14:33:47","slug":"velkey-gyorgy-szijjarto-peter-lelegeztetogep-beszerzes","status":"publish","type":"post","link":"https:\/\/zemino.hu\/ro\/belfold\/2026\/08\/31\/velkey-gyorgy-szijjarto-peter-lelegeztetogep-beszerzes\/","title":{"rendered":"Komoly min\u0151s\u00e9gi probl\u00e9m\u00e1k akadtak a koronav\u00edrus-j\u00e1rv\u00e1ny idej\u00e9n beszerzett l\u00e9legeztet\u0151g\u00e9pekkel, amelyekr\u0151l m\u00e1r a k\u00e9sz\u00fcl\u00e9kek be\u00e9rkez\u00e9sekor pontosan tudtak"},"content":{"rendered":"<p class=\"wp-block-paragraph\"><strong>Velkey Gy\u00f6rgy L\u00e1szl\u00f3, a K\u00fcl\u00fcgyminiszt\u00e9rium parlamenti \u00e1llamtitk\u00e1ra a Facebook-oldal\u00e1n sz\u00e1molt be arr\u00f3l, hogy Szijj\u00e1rt\u00f3 P\u00e9ter volt k\u00fclgazdas\u00e1gi \u00e9s k\u00fcl\u00fcgyminiszter, valamint a t\u00e1rc\u00e1ja m\u00e1r a pand\u00e9mia alatt tiszt\u00e1ban volt azzal, hogy a beszerzett, ezer sz\u00e1mra \u00e9rkez\u0151 g\u00e9pekkel baj van, \u00e9s nem javasolt a haszn\u00e1latuk a k\u00f3rh\u00e1zakban.<\/strong><\/p>\n\n\n\n<p class=\"wp-block-paragraph\">Az iratanyagok \u00e1tvil\u00e1g\u00edt\u00e1sa sor\u00e1n kider\u00fclt, hogy egy katonaorvos a mintegy 16 600 beszerzett l\u00e9legeztet\u0151g\u00e9pb\u0151l t\u00f6bb mint 7800 darabot a \u201es\u00falyos kompromisszummal haszn\u00e1lhat\u00f3, de nem javasolt\u201d, illetve a \u201ehaszn\u00e1lata egy\u00e1ltal\u00e1n nem javasolt\u201d kateg\u00f3ri\u00e1ba sorolt.<\/p>\n\n\n\n<p class=\"wp-block-paragraph\"><a href=\"https:\/\/www.facebook.com\/tisza.budapest.06oevk?ref=embed_post\" target=\"_blank\" rel=\"noopener\">Az \u00e1llamtitk\u00e1r \u00e1ltal id\u00e9zett katonaorvosi jelent\u00e9s alapj\u00e1n<\/a> egyes g\u00e9pekn\u00e9l a beadott leveg\u0151mennyis\u00e9get \u00e1ll\u00edt\u00f3 gomb l\u00f6ty\u00f6g\u00f6tt, m\u00e1sokat nem k\u00f3rh\u00e1zi haszn\u00e1latra terveztek, hi\u00e1nyoztak a megfelel\u0151 tan\u00fas\u00edtv\u00e1nyok, \u00e9s gyakran csak k\u00ednai le\u00edr\u00e1ssal \u00e9rkeztek, amelyeket ut\u00f3lag kellett matric\u00e1zni.<\/p>\n\n\n\n<figure class=\"wp-block-embed is-type-rich is-provider-facebook wp-block-embed-facebook\"><div class=\"wp-block-embed__wrapper\">\n<div id=\"fb-root\"><\/div><script async=\"1\" defer=\"1\" crossorigin=\"anonymous\" src=\"https:\/\/connect.facebook.net\/hu_HU\/sdk.js#xfbml=1&amp;version=v26.0\"><\/script><div class=\"fb-post\" data-href=\"https:\/\/www.facebook.com\/tisza.budapest.06oevk\/posts\/pfbid0E2gw3mLiumQhCFjYbjeVMmEwVsezaDQZmRrnUD6Pqz13xn246Q8mDLNWHcxHshfml\" data-width=\"500\"><\/div>\n<\/div><\/figure>\n\n\n\n<p class=\"wp-block-paragraph\">A hi\u00e1nyoss\u00e1gok ellen\u00e9re a miniszt\u00e9rium a k\u00e9s\u0151bbiekben m\u00e9gis \u201ej\u00f3\u201d kateg\u00f3ri\u00e1ba min\u0151s\u00edtette \u00e1t ezeket a k\u00e9sz\u00fcl\u00e9keket, \u00edgy azok eljuthattak a k\u00f3rh\u00e1zakba \u00e9s a szoci\u00e1lis int\u00e9zm\u00e9nyekbe is. Velkey Gy\u00f6rgy L\u00e1szl\u00f3 \u00fagy fogalmazott:<\/p>\n\n\n\n<blockquote class=\"wp-block-quote is-layout-flow wp-block-quote-is-layout-flow\">\n<p class=\"wp-block-paragraph\">\u201eAz eg\u00e9szs\u00e9g\u00fcgyben nincs helye a felel\u0151tlens\u00e9gnek, a min\u0151s\u00e9gi k\u00f6vetelm\u00e9nyek megker\u00fcl\u00e9s\u00e9nek \u00e9s a kock\u00e1zatok elhallgat\u00e1s\u00e1nak. A magyar emberek \u00e9lete \u00e9s biztons\u00e1ga nem lehet alku t\u00e1rgya.\u201d<\/p>\n<\/blockquote>\n\n\n\n<p class=\"wp-block-paragraph\">Az \u00fcgyben Orb\u00e1n Anita k\u00fcl\u00fcgyminiszter m\u00falt kedden jelentette be, hogy a t\u00e1rca nev\u00e9ben feljelent\u00e9st tettek a 2020 tavasz\u00e1n, Szijj\u00e1rt\u00f3 P\u00e9ter miniszters\u00e9ge alatt lefolytatott, k\u00f6r\u00fclbel\u00fcl 300 milli\u00e1rd forint \u00e9rt\u00e9k\u0171, <a href=\"https:\/\/zemino.hu\/ro\/villogos\/2026\/08\/25\/kulugyminiszterium-feljelentes-covid-lelegeztetogep-beszerzes\/\">k\u00f6zbeszerz\u00e9s al\u00f3li kiv\u00e9telk\u00e9nt kezelt beszerz\u00e9sek \u00fcgy\u00e9ben ismeretlen tettes ellen<\/a>.<\/p>\n\n\n\n<p class=\"wp-block-paragraph\">A miniszt\u00e9riumban zajl\u00f3 \u00e1tvil\u00e1g\u00edt\u00e1s adatai k\u00fcl\u00f6n\u00f6sen jelent\u0151s vagyoni h\u00e1tr\u00e1nyt okoz\u00f3 h\u0171tlen kezel\u00e9s \u00e9s egy\u00e9b b\u0171ncselekm\u00e9nyek gyan\u00faj\u00e1t, valamint a t\u00e1rca el\u0151z\u0151 fels\u0151 vezet\u00e9s\u00e9nek felel\u0151ss\u00e9g\u00e9t vetik fel. A feljelent\u00e9s t\u00e1rgy\u00e1t k\u00e9pez\u0151 \u00fcgyletekben els\u0151sorban l\u00e9legeztet\u0151g\u00e9peket v\u00e1s\u00e1roltak.<\/p>","protected":false},"excerpt":{"rendered":"<p>Velkey Gy\u00f6rgy \u00e1llamtitk\u00e1r szerint a K\u00fcl\u00fcgyminiszt\u00e9rium m\u00e1r a j\u00e1rv\u00e1ny alatt tudta, hogy a beszerzett l\u00e9legeztet\u0151g\u00e9pek hib\u00e1sak. Feljelent\u00e9s is sz\u00fcletett.<\/p>","protected":false},"author":7,"featured_media":2257,"comment_status":"open","ping_status":"open","sticky":false,"template":"","format":"standard","meta":{"_gspb_post_css":"","_zh_crosspost_remote_site":"zsaruhirek","_zh_crosspost_remote_post_id":"86590","_zh_crosspost_last_sync_at":"2026-08-31 16:35:09","_zh_crosspost_last_sync_direction":"zemino_to_zsaruhirek","footnotes":""},"categories":[31],"tags":[375,582,3240,852,1073,564,855,2406],"class_list":["post-6299","post","type-post","status-publish","format-standard","has-post-thumbnail","hentry","category-belfold","tag-egeszsegugy","tag-hutlen-kezeles","tag-koronavirus","tag-kulugyminiszterium","tag-lelegeztetogep","tag-orban-anita","tag-szijjarto-peter","tag-velkey-gyorgy-laszlo"],"_links":{"self":[{"href":"https:\/\/zemino.hu\/ro\/wp-json\/wp\/v2\/posts\/6299","targetHints":{"allow":["GET"]}}],"collection":[{"href":"https:\/\/zemino.hu\/ro\/wp-json\/wp\/v2\/posts"}],"about":[{"href":"https:\/\/zemino.hu\/ro\/wp-json\/wp\/v2\/types\/post"}],"author":[{"embeddable":true,"href":"https:\/\/zemino.hu\/ro\/wp-json\/wp\/v2\/users\/7"}],"replies":[{"embeddable":true,"href":"https:\/\/zemino.hu\/ro\/wp-json\/wp\/v2\/comments?post=6299"}],"version-history":[{"count":1,"href":"https:\/\/zemino.hu\/ro\/wp-json\/wp\/v2\/posts\/6299\/revisions"}],"predecessor-version":[{"id":6302,"href":"https:\/\/zemino.hu\/ro\/wp-json\/wp\/v2\/posts\/6299\/revisions\/6302"}],"wp:featuredmedia":[{"embeddable":true,"href":"https:\/\/zemino.hu\/ro\/wp-json\/wp\/v2\/media\/2257"}],"wp:attachment":[{"href":"https:\/\/zemino.hu\/ro\/wp-json\/wp\/v2\/media?parent=6299"}],"wp:term":[{"taxonomy":"category","embeddable":true,"href":"https:\/\/zemino.hu\/ro\/wp-json\/wp\/v2\/categories?post=6299"},{"taxonomy":"post_tag","embeddable":true,"href":"https:\/\/zemino.hu\/ro\/wp-json\/wp\/v2\/tags?post=6299"}],"curies":[{"name":"wp","href":"https:\/\/api.w.org\/{rel}","templated":true}]}}