{"id":6311,"date":"2026-09-01T10:55:42","date_gmt":"2026-09-01T08:55:42","guid":{"rendered":"https:\/\/zemino.hu\/?p=6311"},"modified":"2026-09-01T10:55:43","modified_gmt":"2026-09-01T08:55:43","slug":"molnar-aron-foti-gyermekotthon","status":"publish","type":"post","link":"https:\/\/zemino.hu\/ro\/belfold\/2026\/09\/01\/molnar-aron-foti-gyermekotthon\/","title":{"rendered":"Moln\u00e1r \u00c1ron a F\u00f3ti Gyermekotthon volt igazgat\u00f3j\u00e1nak: \u201eK\u00f6sd f\u00f6l a gaty\u00e1d, mert ez r\u00e1z\u00f3s lesz\u201d"},"content":{"rendered":"<p class=\"wp-block-paragraph\"><strong>R\u00e1galmaz\u00e1s \u00e9s becs\u00fclets\u00e9rt\u00e9s miatt kell b\u00edr\u00f3s\u00e1g el\u00e9 \u00e1llnia Moln\u00e1r \u00c1ronnak a F\u00f3ti Gyermekotthon \u00fcgy\u00e9ben. A sz\u00edn\u00e9sz h\u00e9tf\u0151 esti bejegyz\u00e9s\u00e9ben \u00e9lesen \u00fczent az int\u00e9zm\u00e9ny kor\u00e1bbi igazgat\u00f3j\u00e1nak, hangs\u00falyozva, hogy a per kimenetel\u00e9t\u0151l f\u00fcggetlen\u00fcl folytatja a fell\u00e9p\u00e9s\u00e9t.<\/strong><\/p>\n\n\n\n<p class=\"wp-block-paragraph\">A sz\u00edn\u00e9sz egy <a href=\"https:\/\/www.facebook.com\/molnararonofficial\/posts\/1688335766628466?ref=embed_post\" target=\"_blank\" rel=\"noopener\">Facebook-bejegyz\u00e9sben<\/a> jelentette be, hogy szerd\u00e1n b\u00edr\u00f3s\u00e1g el\u00e9 kell \u00e1llnia, hozz\u00e1t\u00e9ve: kilenc \u00e9vnyi k\u00f6z\u00e9leti tev\u00e9kenys\u00e9g ut\u00e1n hamarabb \u00fcl a v\u00e1dlottak padj\u00e1n, mint b\u00e1rki a kor\u00e1bbi korm\u00e1nyp\u00e1rti politikusok k\u00f6z\u00fcl. Moln\u00e1r \u00c1ron hangs\u00falyozta, hogy a gyermekv\u00e9delem kudarc\u00e1nak tartja a kialakult helyzetet, mivel a feljelent\u00e9st egy olyan szem\u00e9ly tette meg ellene, akivel szemben nevel\u0151k \u00e9s gondozottak r\u00e9sz\u00e9r\u0151l is \u00e9vek \u00f3ta \u00e9rkeztek eltussolt panaszok.<\/p>\n\n\n\n<p class=\"wp-block-paragraph\">A sz\u00edn\u00e9sz k\u00f6zvetlen \u00fczenetet fogalmazott meg a F\u00f3ti Gyermekotthon kor\u00e1bbi vezet\u0151j\u00e9nek, P\u00e1ger P\u00e1l Attil\u00e1nak:<\/p>\n\n\n\n<blockquote class=\"wp-block-quote is-layout-flow wp-block-quote-is-layout-flow\">\n<p class=\"is-style-zh-quote-card wp-block-paragraph\">\u201eEgy dolgot tudok \u00fczenni, P\u00e1ger. Nagyon rossz pitbullt piszk\u00e1lt\u00e1l fel. Mert ak\u00e1rmi is lesz a b\u00edr\u00f3s\u00e1gi elj\u00e1r\u00e1sunk v\u00e9gkimenetele, \u00e9n addig biztos nem nyugszom, am\u00edg b\u00f6rt\u00f6nbe nem ker\u00fclsz. Annyi bizony\u00edt\u00e9k, fot\u00f3, vide\u00f3, vallom\u00e1s van ellened, hogy a g\u00e1l\u00e1m kifordul m\u00e1r csak egy t\u00f6rt\u00e9net elolvas\u00e1sa kapcs\u00e1n is. P\u00e1ger, \u00e9n nem pihentem, a te \u00fcgyedet hajtottam eg\u00e9sz ny\u00e1ron. Most pedig k\u00e9szen \u00e1llok, hogy rajtad kereszt\u00fcl r\u00e1mutassak a rendszerszint\u0171 gyermekv\u00e9delmi kudarcokra, amit a Fidesz itt hagyott nek\u00fcnk\u201d<\/p>\n<\/blockquote>\n\n\n\n<p class=\"wp-block-paragraph\">\u2013 fogalmazott a bejegyz\u00e9sben, hozz\u00e1f\u0171zve: \u201eK\u00f6sd f\u00f6l a gaty\u00e1d, P\u00e1ger, mert ez r\u00e1z\u00f3s lesz.\u201d<\/p>\n\n\n\n<p class=\"wp-block-paragraph\">A posztban Moln\u00e1r \u00c1ron t\u00f6bb k\u00e9rd\u00e9st is int\u00e9zett a volt igazgat\u00f3hoz, firtatva, mik\u00e9nt maradhatott a jelz\u00e9sek ellen\u00e9re a posztj\u00e1n, ki v\u00e9dte a felel\u0151s\u00f6ket, a Szoci\u00e1lis \u00e9s Gyermekv\u00e9delmi F\u0151igazgat\u00f3s\u00e1g mi\u00e9rt nem foglalkozott a bejelent\u00e9sekkel, illetve a felment\u00e9se ut\u00e1n hogyan t\u00e9rhetett vissza az int\u00e9zm\u00e9ny \u00e9l\u00e9re. A sz\u00edn\u00e9sz arra is r\u00e1k\u00e9rdezett, mik\u00e9nt lehet nyugodt lelkiismerettel \u00e9lni a legkiszolg\u00e1ltatottabb gyerekekkel szembeni tettek ut\u00e1n, k\u00fcl\u00f6n\u00f6sen fekete \u00f6ves karat\u00e9s m\u00falttal.<\/p>\n\n\n\n<p class=\"wp-block-paragraph\">Ezt olvastad m\u00e1r? <a href=\"https:\/\/zemino.hu\/ro\/villogos\/2026\/08\/19\/eltitkolt-gyermekotthoni-vizsgalati-jelentesek-direkt36\/\" target=\"_blank\">\u00c9hez\u00e9s, sz***\u00e1lis ab\u00fazus \u00e9s s\u00falyos elhanyagolts\u00e1g: nyilv\u00e1noss\u00e1gra ker\u00fcltek az eltitkolt gyermekotthoni jelent\u00e9sek<\/a><\/p>\n\n\n\n<p class=\"wp-block-paragraph\">A sz\u00edn\u00e9sz kor\u00e1bban hozott nyilv\u00e1noss\u00e1gra egy videofelv\u00e9telt, amelyen a f\u00f3ti K\u00e1rolyi Istv\u00e1n Gyermekk\u00f6zpont egyik fel\u00fcgyel\u0151je egy f\u00f6ld\u00f6n fekv\u0151, fogyat\u00e9kkal \u00e9l\u0151 fi\u00fat fojtogat. Jelezte, hogy tov\u00e1bbra is v\u00e1rja a bejelent\u00e9seket az \u00fcggyel kapcsolatban.<\/p>\n\n\n\n<figure class=\"wp-block-embed is-type-rich is-provider-facebook wp-block-embed-facebook\"><div class=\"wp-block-embed__wrapper\">\n<div id=\"fb-root\"><\/div><script async=\"1\" defer=\"1\" crossorigin=\"anonymous\" src=\"https:\/\/connect.facebook.net\/hu_HU\/sdk.js#xfbml=1&amp;version=v26.0\"><\/script><div class=\"fb-post\" data-href=\"https:\/\/www.facebook.com\/molnararonofficial\/posts\/pfbid02YMQqehmTSjCokTBFYdjm1osJ77nEwoXZZeitL7rPLCe7WYHYGHF5L84Jk1VYdyT5l\" data-width=\"500\"><\/div>\n<\/div><\/figure>","protected":false},"excerpt":{"rendered":"<p>R\u00e1galmaz\u00e1s \u00e9s becs\u00fclets\u00e9rt\u00e9s miatt kell b\u00edr\u00f3s\u00e1g el\u00e9 \u00e1llnia Moln\u00e1r \u00c1ronnak a F\u00f3ti Gyermekotthon \u00fcgy\u00e9ben. A sz\u00edn\u00e9sz h\u00e9tf\u0151 esti bejegyz\u00e9s\u00e9ben \u00e9lesen \u00fczent az int\u00e9zm\u00e9ny kor\u00e1bbi igazgat\u00f3j\u00e1nak, hangs\u00falyozva, hogy a per kimenetel\u00e9t\u0151l f\u00fcggetlen\u00fcl folytatja a fell\u00e9p\u00e9s\u00e9t. A sz\u00edn\u00e9sz egy Facebook-bejegyz\u00e9sben jelentette be, hogy szerd\u00e1n b\u00edr\u00f3s\u00e1g el\u00e9 kell \u00e1llnia, hozz\u00e1t\u00e9ve: kilenc \u00e9vnyi k\u00f6z\u00e9leti tev\u00e9kenys\u00e9g ut\u00e1n hamarabb \u00fcl a\u2026<\/p>","protected":false},"author":2,"featured_media":6312,"comment_status":"open","ping_status":"open","sticky":false,"template":"","format":"standard","meta":{"_gspb_post_css":"","_zh_crosspost_remote_site":"zsaruhirek","_zh_crosspost_remote_post_id":"86725","_zh_crosspost_last_sync_at":"2026-09-01 09:09:05","_zh_crosspost_last_sync_direction":"zsaruhirek_to_zemino","_zh_crosspost_synced_images":"","footnotes":""},"categories":[31],"tags":[2459,3367,3368,1046,3369,743,1907,1848,3370],"class_list":["post-6311","post","type-post","status-publish","format-standard","has-post-thumbnail","hentry","category-belfold","tag-becsuletsertes","tag-birosagi-eljaras","tag-fot","tag-gyermekvedelem","tag-karolyi-istvan-gyermekkozpont","tag-molnar-aron","tag-pest-megye","tag-ragalmazas","tag-szocialis-es-gyermekvedelmi-foigazgatosag"],"_links":{"self":[{"href":"https:\/\/zemino.hu\/ro\/wp-json\/wp\/v2\/posts\/6311","targetHints":{"allow":["GET"]}}],"collection":[{"href":"https:\/\/zemino.hu\/ro\/wp-json\/wp\/v2\/posts"}],"about":[{"href":"https:\/\/zemino.hu\/ro\/wp-json\/wp\/v2\/types\/post"}],"author":[{"embeddable":true,"href":"https:\/\/zemino.hu\/ro\/wp-json\/wp\/v2\/users\/2"}],"replies":[{"embeddable":true,"href":"https:\/\/zemino.hu\/ro\/wp-json\/wp\/v2\/comments?post=6311"}],"version-history":[{"count":1,"href":"https:\/\/zemino.hu\/ro\/wp-json\/wp\/v2\/posts\/6311\/revisions"}],"predecessor-version":[{"id":6317,"href":"https:\/\/zemino.hu\/ro\/wp-json\/wp\/v2\/posts\/6311\/revisions\/6317"}],"wp:featuredmedia":[{"embeddable":true,"href":"https:\/\/zemino.hu\/ro\/wp-json\/wp\/v2\/media\/6312"}],"wp:attachment":[{"href":"https:\/\/zemino.hu\/ro\/wp-json\/wp\/v2\/media?parent=6311"}],"wp:term":[{"taxonomy":"category","embeddable":true,"href":"https:\/\/zemino.hu\/ro\/wp-json\/wp\/v2\/categories?post=6311"},{"taxonomy":"post_tag","embeddable":true,"href":"https:\/\/zemino.hu\/ro\/wp-json\/wp\/v2\/tags?post=6311"}],"curies":[{"name":"wp","href":"https:\/\/api.w.org\/{rel}","templated":true}]}}