{"id":6313,"date":"2026-09-01T15:17:56","date_gmt":"2026-09-01T13:17:56","guid":{"rendered":"https:\/\/zemino.hu\/?p=6313"},"modified":"2026-09-01T15:17:57","modified_gmt":"2026-09-01T13:17:57","slug":"25-milliard-forintot-kap","status":"publish","type":"post","link":"https:\/\/zemino.hu\/ro\/belfold\/2026\/09\/01\/25-milliard-forintot-kap\/","title":{"rendered":"Csaknem 2,5 milli\u00e1rd forintot kap a korm\u00e1nyt\u00f3l a Nemzeti Vagyonvisszaszerz\u00e9si \u00e9s Vagyonv\u00e9delmi Hivatal"},"content":{"rendered":"<p class=\"wp-block-paragraph\"><strong>A korm\u00e1ny egyszeri, mintegy 2,5 milli\u00e1rd forintos forr\u00e1st biztos\u00edt a frissen megalakult Nemzeti Vagyonvisszaszerz\u00e9si \u00e9s Vagyonv\u00e9delmi Hivatal fel\u00e1ll\u00edt\u00e1s\u00e1ra \u00e9s m\u0171k\u00f6d\u00e9s\u00e9re. A Magyar P\u00e9ter minisztereln\u00f6k \u00e1ltal al\u00e1\u00edrt hat\u00e1rozat \u00e9rtelm\u00e9ben a szervezet eln\u00f6k\u00e9nek j\u00f6v\u0151 tavaszig kell elsz\u00e1molnia a t\u00e1mogat\u00e1ssal.<\/strong><\/p>\n\n\n\n<p class=\"wp-block-paragraph\">A h\u00e9tf\u0151n megjelent Magyar K\u00f6zl\u00f6nyben k\u00f6zzettett korm\u00e1nyhat\u00e1rozat szerint pontosan 2 481 807 488 forintot csoportos\u00edtanak \u00e1t a k\u00f6zponti maradv\u00e1nyelsz\u00e1mol\u00e1si alapb\u00f3l a Nemzeti Vagyonvisszaszerz\u00e9si \u00e9s Vagyonv\u00e9delmi Hivatal (NVVH) k\u00f6lts\u00e9gvet\u00e9si fejezet\u00e9be. Az MTI t\u00e1j\u00e9koztat\u00e1sa szerint a forr\u00e1s felhaszn\u00e1l\u00e1s\u00e1r\u00f3l el kell sz\u00e1molni, a fel nem haszn\u00e1lt \u00f6sszeget pedig vissza kell fizetni. A p\u00e9nz\u00fcgyminiszternek azonnal int\u00e9zkednie kell az \u00e1tcsoportos\u00edt\u00e1sr\u00f3l, m\u00edg az NVVH eln\u00f6k\u00e9nek 2027. m\u00e1rcius 31-ig kell elsz\u00e1molnia a p\u00e9nzzel.<\/p>\n\n\n\n<p class=\"wp-block-paragraph\">A 2,48 milli\u00e1rd forintos keret\u00f6sszeg pontos feloszt\u00e1s\u00e1t is r\u00f6gz\u00edti a hat\u00e1rozat mell\u00e9klete: beruh\u00e1z\u00e1sokra 1,049 milli\u00e1rd forintot, szem\u00e9lyi juttat\u00e1sokra 791,9 milli\u00f3 forintot, dologi kiad\u00e1sokra 537,9 milli\u00f3 forintot, m\u00edg a munk\u00e1ltat\u00f3t terhel\u0151 j\u00e1rul\u00e9kokra \u00e9s szoci\u00e1lis hozz\u00e1j\u00e1rul\u00e1si ad\u00f3ra 102,9 milli\u00f3 forintot ford\u00edthat a hivatal.<\/p>\n\n\n\n<p class=\"wp-block-paragraph\">Az Orsz\u00e1ggy\u0171l\u00e9s augusztus 28-\u00e1n titkos szavaz\u00e1ssal v\u00e1lasztotta meg a <a href=\"https:\/\/zemino.hu\/ro\/kozelet\/2026\/08\/27\/unger-anna-nvvh-elnok-jelolt\/\">Nemzeti Vagyonvisszaszerz\u00e9si \u00e9s Vagyonv\u00e9delmi Hivatal \u00e9l\u00e9re Unger Ann\u00e1t<\/a>. Az \u00fajdons\u00fclt vezet\u0151t az elm\u00falt napokban t\u00f6bb b\u00edr\u00e1lat is \u00e9rte amiatt, mert nem jog\u00e1sz v\u00e9gzetts\u00e9g\u0171, \u00edgy nem rendelkezik b\u00fcntet\u0151jogi \u00e9s nyomozati tapasztalattal. T\u00e1mogat\u00f3i ugyanakkor kiemelik, hogy politol\u00f3gusk\u00e9nt m\u00e1r t\u00f6bb mint egy \u00e9vtizede kutatja a demokr\u00e1cia, a korrupci\u00f3, a politikafinansz\u00edroz\u00e1s, valamint az autoriter rendszerek m\u0171k\u00f6d\u00e9s\u00e9t.<\/p>\n\n\n\n<figure class=\"wp-block-embed is-type-wp-embed is-provider-zsaruh-rek wp-block-embed-zsaruh-rek\"><div class=\"wp-block-embed__wrapper\">\n<blockquote class=\"wp-embedded-content\" data-secret=\"n3p6mJFQql\"><a href=\"https:\/\/zsaruhirek.hu\/kornyezetunk-kozelet\/2026\/07\/28\/elfogadtak-a-nemzeti-vagyonvisszaszerzesi-hivatalrol-szolo-torvenyt\/\" target=\"_blank\" rel=\"noopener\">L\u00e9trej\u00f6n a Nemzeti Vagyonvisszaszerz\u00e9si \u00e9s Vagyonv\u00e9delmi Hivatal<\/a><\/blockquote><iframe loading=\"lazy\" class=\"wp-embedded-content\" sandbox=\"allow-scripts\" security=\"restricted\" style=\"position: absolute; visibility: hidden;\" title=\"\u201cL\u00e9trej\u00f6n a Nemzeti Vagyonvisszaszerz\u00e9si \u00e9s Vagyonv\u00e9delmi Hivatal\u201d \u2014 Zsaruh\u00edrek\" src=\"https:\/\/zsaruhirek.hu\/kornyezetunk-kozelet\/2026\/07\/28\/elfogadtak-a-nemzeti-vagyonvisszaszerzesi-hivatalrol-szolo-torvenyt\/embed\/#?secret=dY7Ld49Dir#?secret=n3p6mJFQql\" data-secret=\"n3p6mJFQql\" width=\"500\" height=\"282\" frameborder=\"0\" marginwidth=\"0\" marginheight=\"0\" scrolling=\"no\"><\/iframe>\n<\/div><\/figure>\n\n\n\n<p class=\"wp-block-paragraph\">Unger Anna a Kossuth r\u00e1di\u00f3 h\u00e9tf\u0151i m\u0171sor\u00e1ban kifejtette, hogy az \u00faj szervezet a k\u00f6zvagyonveszt\u00e9s felt\u00e1r\u00e1s\u00e1val \u00e9s b\u00edr\u00f3s\u00e1gi \u00fatra terel\u00e9s\u00e9vel a demokratikus \u00fajj\u00e1\u00e9p\u00edt\u00e9st \u00e9s a k\u00f6zbizalom helyre\u00e1ll\u00edt\u00e1s\u00e1t hivatott szolg\u00e1lni. Az eln\u00f6k jelezte, hogy nem csup\u00e1n n\u00e9h\u00e1ny kirakati \u00fcgyet vizsg\u00e1lnak majd meg, hanem az elm\u00falt 16 \u00e9v minden olyan \u00e1llami kifizet\u00e9s\u00e9t \u00e1tvil\u00e1g\u00edtj\u00e1k, amelyn\u00e9l felmer\u00fcl a vissza\u00e9l\u00e9s gyan\u00faja. A szem\u00e9lyes bizalom meger\u0151s\u00edt\u00e9se \u00e9rdek\u00e9ben Unger Anna azt is v\u00e1llalta, hogy nyilv\u00e1noss\u00e1gra hozza a saj\u00e1t, valamint a helyettesei vezet\u0151i p\u00e1ly\u00e1zat\u00e1t.<\/p>\n\n\n\n<p class=\"wp-block-paragraph\">Ezt olvastad m\u00e1r? <a href=\"https:\/\/zsaruhirek.hu\/kornyezetunk-kozelet\/2026\/08\/17\/ligeti-miklos-palyazat-nvvh-elnok\/\" target=\"_blank\" rel=\"noopener\">Ligeti Mikl\u00f3s is megp\u00e1ly\u00e1zta a vagyonvisszaszerz\u00e9si hivatal eln\u00f6ki tiszts\u00e9g\u00e9t<\/a><\/p>","protected":false},"excerpt":{"rendered":"<p>A korm\u00e1ny k\u00f6zel 2,5 milli\u00e1rd forintos egyszeri t\u00e1mogat\u00e1st biztos\u00edt a frissen fel\u00e1ll\u00f3 NVVH m\u0171k\u00f6d\u00e9s\u00e9re. Unger Anna eln\u00f6k j\u00f6v\u0151 tavaszig sz\u00e1mol el az \u00f6sszeggel.<\/p>","protected":false},"author":2,"featured_media":5062,"comment_status":"open","ping_status":"open","sticky":false,"template":"","format":"standard","meta":{"_gspb_post_css":"","_zh_crosspost_remote_site":"zsaruhirek","_zh_crosspost_remote_post_id":"86746","_zh_crosspost_last_sync_at":"2026-09-01 10:26:22","_zh_crosspost_last_sync_direction":"zsaruhirek_to_zemino","footnotes":""},"categories":[31],"tags":[643,1146,250,2567,1661,653,3282],"class_list":["post-6313","post","type-post","status-publish","format-standard","has-post-thumbnail","hentry","category-belfold","tag-koltsegvetes","tag-kozpenz","tag-magyar-peter","tag-nemzeti-vagyonvisszaszerzesi-es-vagyonvedelmi-hivatal","tag-nvvh","tag-tamogatas","tag-unger-anna"],"_links":{"self":[{"href":"https:\/\/zemino.hu\/ro\/wp-json\/wp\/v2\/posts\/6313","targetHints":{"allow":["GET"]}}],"collection":[{"href":"https:\/\/zemino.hu\/ro\/wp-json\/wp\/v2\/posts"}],"about":[{"href":"https:\/\/zemino.hu\/ro\/wp-json\/wp\/v2\/types\/post"}],"author":[{"embeddable":true,"href":"https:\/\/zemino.hu\/ro\/wp-json\/wp\/v2\/users\/2"}],"replies":[{"embeddable":true,"href":"https:\/\/zemino.hu\/ro\/wp-json\/wp\/v2\/comments?post=6313"}],"version-history":[{"count":1,"href":"https:\/\/zemino.hu\/ro\/wp-json\/wp\/v2\/posts\/6313\/revisions"}],"predecessor-version":[{"id":6323,"href":"https:\/\/zemino.hu\/ro\/wp-json\/wp\/v2\/posts\/6313\/revisions\/6323"}],"wp:featuredmedia":[{"embeddable":true,"href":"https:\/\/zemino.hu\/ro\/wp-json\/wp\/v2\/media\/5062"}],"wp:attachment":[{"href":"https:\/\/zemino.hu\/ro\/wp-json\/wp\/v2\/media?parent=6313"}],"wp:term":[{"taxonomy":"category","embeddable":true,"href":"https:\/\/zemino.hu\/ro\/wp-json\/wp\/v2\/categories?post=6313"},{"taxonomy":"post_tag","embeddable":true,"href":"https:\/\/zemino.hu\/ro\/wp-json\/wp\/v2\/tags?post=6313"}],"curies":[{"name":"wp","href":"https:\/\/api.w.org\/{rel}","templated":true}]}}