{"id":6318,"date":"2026-09-01T11:25:22","date_gmt":"2026-09-01T09:25:22","guid":{"rendered":"https:\/\/zemino.hu\/?p=6318"},"modified":"2026-09-01T11:25:23","modified_gmt":"2026-09-01T09:25:23","slug":"ruff-balint-nemzeti-informacios","status":"publish","type":"post","link":"https:\/\/zemino.hu\/ro\/kozelet\/2026\/09\/01\/ruff-balint-nemzeti-informacios\/","title":{"rendered":"Ruff B\u00e1lint ir\u00e1ny\u00edt\u00e1sa al\u00e1 ker\u00fclt a Nemzeti Inform\u00e1ci\u00f3s K\u00f6zpont \u00e9s a V\u00e9delmi Igazgat\u00e1si Hivatal"},"content":{"rendered":"<p class=\"wp-block-paragraph\"><strong>A Minisztereln\u00f6ks\u00e9get vezet\u0151 Ruff B\u00e1lint veszi \u00e1t a polg\u00e1ri nemzetbiztons\u00e1gi szolg\u00e1latok ir\u00e1ny\u00edt\u00e1s\u00e1\u00e9rt felel\u0151s szervek fel\u00fcgyelet\u00e9t. A h\u00e9tf\u0151 este megjelent korm\u00e1nyrendelet \u00e9rtelm\u00e9ben t\u00f6bb miniszt\u00e9rium hat\u00e1sk\u00f6re is jelent\u0151sen \u00e1talakul. Az \u00e1trendez\u00e9s nyom\u00e1n az agr\u00e1rt\u00e1rca, a bel\u00fcgyminiszt\u00e9rium, valamint a tudom\u00e1nyos \u00e9s technol\u00f3giai miniszt\u00e9rium feladatk\u00f6rei is m\u00f3dosulnak.<\/strong><\/p>\n\n\n\n<p class=\"wp-block-paragraph\">A h\u00e9tf\u0151 este megjelent <a href=\"https:\/\/magyarkozlony.hu\/dokumentumok\/63e781ed79f909649946634ed8f194c55799d783\/megtekintes\" data-type=\"link\" data-id=\"https:\/\/magyarkozlony.hu\/dokumentumok\/63e781ed79f909649946634ed8f194c55799d783\/megtekintes\" target=\"_blank\" rel=\"noopener\">Magyar K\u00f6zl\u00f6nyben<\/a> k\u00f6zz\u00e9tett, 34 oldalas korm\u00e1nyrendelet alapj\u00e1n a Minisztereln\u00f6ks\u00e9get vezet\u0151 Ruff B\u00e1lint veszi \u00e1t a V\u00e9delmi Igazgat\u00e1si Hivatal \u00e9s a Nemzeti Inform\u00e1ci\u00f3s K\u00f6zpont (NIK) ir\u00e1ny\u00edt\u00e1s\u00e1t. Ezzel \u0151 lett a korm\u00e1ny polg\u00e1ri nemzetbiztons\u00e1gi szolg\u00e1latok ir\u00e1ny\u00edt\u00e1s\u00e1\u00e9rt felel\u0151s tagja \u2013 \u00edrta meg a <a href=\"https:\/\/hvg.hu\/itthon\/20260901_a-kormany-alaposan-atrendezte-a-miniszterek-hataskoreit\" target=\"_blank\" rel=\"noopener\">Hvg.hu<\/a>.<\/p>\n\n\n\n<p class=\"wp-block-paragraph\">Az el\u0151z\u0151 korm\u00e1nyban ezt a k\u00e9t szervezetet m\u00e9g Rog\u00e1n Antal fel\u00fcgyelte. A titkosszolg\u00e1lati cs\u00facsszervk\u00e9nt m\u0171k\u00f6d\u0151 Nemzeti Inform\u00e1ci\u00f3s K\u00f6zpontot m\u00e9g 2022-ben hozt\u00e1k l\u00e9tre a Terrorelh\u00e1r\u00edt\u00e1si Inform\u00e1ci\u00f3s \u00e9s B\u0171n\u00fcgyi Elemz\u0151 K\u00f6zpont (TIBEK) \u00e9rt\u00e9kel\u0151-elemz\u0151 k\u00f6zpontj\u00e1nak \u00e1talak\u00edt\u00e1s\u00e1val. A Fidesz-korm\u00e1ny idej\u00e9n a szervezetet arra is haszn\u00e1lt\u00e1k, hogy civil szervezetekr\u0151l \u00e9s sajt\u00f3term\u00e9kekr\u0151l k\u00e9sz\u00edtsen jelent\u00e9seket. A <a href=\"https:\/\/vsquare.org\/goulash-hungary-ngo-and-media-blacklist-orban-intelligence-agency-russia-election-meddling-germany\/\" target=\"_blank\" rel=\"noopener\">VSquare<\/a> oknyomoz\u00f3 port\u00e1l tavalyi besz\u00e1mol\u00f3ja szerint Orb\u00e1n Viktor kor\u00e1bbi minisztereln\u00f6k a polosk\u00e1z\u00e1sr\u00f3l elh\u00edres\u00fclt m\u00e1rcius 15-i besz\u00e9de el\u0151tt arra utas\u00edtotta a hivatalt, hogy k\u00e9sz\u00edtsen list\u00e1t \u00e9s jelent\u00e9st az elm\u00falt t\u00edz \u00e9vben k\u00fclf\u00f6ldi t\u00e1mogat\u00e1sban r\u00e9szes\u00fclt civil szervezetekr\u0151l \u00e9s sajt\u00f3term\u00e9kekr\u0151l.<\/p>\n\n\n\n<figure class=\"wp-block-embed is-type-wp-embed is-provider-zemino wp-block-embed-zemino\"><div class=\"wp-block-embed__wrapper\">\n<blockquote class=\"wp-embedded-content\" data-secret=\"5ri5sTtdLT\"><a href=\"https:\/\/zemino.hu\/ro\/belfold\/2026\/08\/26\/menczer-tamas-lelegeztetogep-beszerzes-feljelentes-kulugyminiszterium\/\">Menczer Tam\u00e1s Ruffnak: \u201eaz \u00e9n vagyonomat azt\u00e1n keresheted bazdmeg\u201d<\/a><\/blockquote><iframe loading=\"lazy\" class=\"wp-embedded-content\" sandbox=\"allow-scripts\" security=\"restricted\" style=\"position: absolute; visibility: hidden;\" title=\"\u201cMenczer Tam\u00e1s Ruffnak: \u201eaz \u00e9n vagyonomat azt\u00e1n keresheted bazdmeg\u201d\u201d \u2014 Zemino\" src=\"https:\/\/zemino.hu\/belfold\/2026\/08\/26\/menczer-tamas-lelegeztetogep-beszerzes-feljelentes-kulugyminiszterium\/embed\/#?secret=sWj6h75sJo#?secret=5ri5sTtdLT\" data-secret=\"5ri5sTtdLT\" width=\"500\" height=\"282\" frameborder=\"0\" marginwidth=\"0\" marginheight=\"0\" scrolling=\"no\"><\/iframe>\n<\/div><\/figure>\n\n\n\n<p class=\"wp-block-paragraph\">Ruff B\u00e1lint feladatk\u00f6rei m\u00e1s ter\u00fcleteken is b\u0151v\u00fcltek: hozz\u00e1 ker\u00fclt a Magyar K\u00f6zl\u00f6ny kiad\u00e1sa \u00e9s a jogszab\u00e1lyok kihirdet\u00e9se is, amely feladatokat kor\u00e1bban az igazs\u00e1g\u00fcgyi miniszter l\u00e1tott el. Ugyanakkor bizonyos hat\u00e1sk\u00f6recs\u00f6kken\u00e9s is \u00e9rinti a Minisztereln\u00f6ks\u00e9get vezet\u0151 minisztert. B\u00e1r tov\u00e1bbra is \u0151 felel a korm\u00e1ny k\u00f6zszolg\u00e1lati \u00e9letp\u00e1ly\u00e1j\u00e1nak kidolgoz\u00e1s\u00e1\u00e9rt, a gyermekv\u00e9delmi int\u00e9zm\u00e9nyekben dolgoz\u00f3k pszichol\u00f3giai alkalmass\u00e1gi vizsg\u00e1lat\u00e1val kapcsolatos feladatokat \u00e1tadt\u00e1k K\u00e1tai-N\u00e9meth Vilmos szoci\u00e1lis miniszternek.<\/p>\n\n\n\n<p class=\"wp-block-paragraph\">A korm\u00e1nyrendelet a Tisza-korm\u00e1ny t\u00f6bb m\u00e1s miniszter\u00e9nek hat\u00e1sk\u00f6r\u00e9t is \u00e1t\u00edrta. B\u00f3na Szabolcs agr\u00e1rminiszter megkapta a l\u00f3sport fel\u00fcgyelet\u00e9t, valamint a mez\u0151gazdas\u00e1gi haszon\u00e1llatok j\u00f3l\u00e9t\u00e9vel kapcsolatos hat\u00f3s\u00e1gi feladatokat Gajdos L\u00e1szl\u00f3t\u00f3l. Emellett az \u00e9lelmiszerekkel kapcsolatos fogyaszt\u00f3v\u00e9delmi hat\u00e1sk\u00f6r\u00f6k Kapit\u00e1ny Istv\u00e1n gazdas\u00e1gi minisztert\u0151l, m\u00edg az uni\u00f3s k\u00f6z\u00f6s agr\u00e1rpolitik\u00e1val kapcsolatos jogk\u00f6r\u00f6k L\u0151rincz Vikt\u00f3ria vid\u00e9kfejleszt\u00e9si minisztert\u0151l ker\u00fcltek az agr\u00e1rt\u00e1rc\u00e1hoz.<\/p>\n\n\n\n<p class=\"wp-block-paragraph\">Jelent\u0151s v\u00e1ltoz\u00e1s t\u00f6rt\u00e9nt a Bel\u00fcgyminiszt\u00e9rium \u00e9s a tudom\u00e1nyos \u00e9s technol\u00f3giai miniszt\u00e9rium k\u00f6z\u00f6tt is. Az anyak\u00f6nyvez\u00e9s, a lakc\u00edmnyilv\u00e1ntart\u00e1s, valamint a k\u00f6zleked\u00e9si el\u0151\u00e9let nyilv\u00e1ntart\u00e1sa a Bel\u00fcgyminiszt\u00e9riumt\u00f3l \u00e1tker\u00fclt a Tan\u00e1cs Zolt\u00e1n \u00e1ltal ir\u00e1ny\u00edtott tudom\u00e1nyos \u00e9s technol\u00f3giai miniszt\u00e9riumhoz, amelyhez az e-k\u00f6zigazgat\u00e1s is tartozik. Cser\u00e9be P\u00f3sfai G\u00e1bor t\u00e1rc\u00e1ja kapta meg a hozz\u00e1tartoz\u00f3k k\u00f6z\u00f6tti er\u0151szak miatt alkalmazhat\u00f3 t\u00e1voltart\u00e1sra vonatkoz\u00f3 jogszab\u00e1lyok el\u0151k\u00e9sz\u00edt\u00e9s\u00e9nek feladat\u00e1t.<\/p>\n\n\n\n<p class=\"wp-block-paragraph\">Ezt olvastad m\u00e1r? <a href=\"https:\/\/zemino.hu\/ro\/kozelet\/2026\/08\/27\/unger-anna-nvvh-elnok-jelolt\/\">Unger Anna lesz a Nemzeti Vagyonvisszaszerz\u00e9si \u00e9s Vagyonv\u00e9delmi Hivatal eln\u00f6ke<\/a><\/p>","protected":false},"excerpt":{"rendered":"<p>Ruff B\u00e1lint Minisztereln\u00f6ks\u00e9get vezet\u0151 miniszterhez ker\u00fclt a Nemzeti Inform\u00e1ci\u00f3s K\u00f6zpont \u00e9s a V\u00e9delmi Igazgat\u00e1si Hivatal ir\u00e1ny\u00edt\u00e1sa.<\/p>","protected":false},"author":7,"featured_media":6319,"comment_status":"open","ping_status":"open","sticky":false,"template":"","format":"standard","meta":{"_gspb_post_css":"","_zh_crosspost_remote_site":"zsaruhirek","_zh_crosspost_remote_post_id":"86782","_zh_crosspost_last_sync_at":"2026-09-01 11:25:42","_zh_crosspost_last_sync_direction":"zemino_to_zsaruhirek","_zh_crosspost_synced_images":"","footnotes":""},"categories":[326],"tags":[1450,384,3372,1283,3371,1514,2950],"class_list":["post-6318","post","type-post","status-publish","format-standard","has-post-thumbnail","hentry","category-kozelet","tag-kormanyrendelet","tag-magyar-kozlony","tag-miniszteriumok","tag-nemzetbiztonsag","tag-nemzeti-informacios-kozpont","tag-ruff-balint","tag-vedelmi-igazgatasi-hivatal"],"_links":{"self":[{"href":"https:\/\/zemino.hu\/ro\/wp-json\/wp\/v2\/posts\/6318","targetHints":{"allow":["GET"]}}],"collection":[{"href":"https:\/\/zemino.hu\/ro\/wp-json\/wp\/v2\/posts"}],"about":[{"href":"https:\/\/zemino.hu\/ro\/wp-json\/wp\/v2\/types\/post"}],"author":[{"embeddable":true,"href":"https:\/\/zemino.hu\/ro\/wp-json\/wp\/v2\/users\/7"}],"replies":[{"embeddable":true,"href":"https:\/\/zemino.hu\/ro\/wp-json\/wp\/v2\/comments?post=6318"}],"version-history":[{"count":1,"href":"https:\/\/zemino.hu\/ro\/wp-json\/wp\/v2\/posts\/6318\/revisions"}],"predecessor-version":[{"id":6321,"href":"https:\/\/zemino.hu\/ro\/wp-json\/wp\/v2\/posts\/6318\/revisions\/6321"}],"wp:featuredmedia":[{"embeddable":true,"href":"https:\/\/zemino.hu\/ro\/wp-json\/wp\/v2\/media\/6319"}],"wp:attachment":[{"href":"https:\/\/zemino.hu\/ro\/wp-json\/wp\/v2\/media?parent=6318"}],"wp:term":[{"taxonomy":"category","embeddable":true,"href":"https:\/\/zemino.hu\/ro\/wp-json\/wp\/v2\/categories?post=6318"},{"taxonomy":"post_tag","embeddable":true,"href":"https:\/\/zemino.hu\/ro\/wp-json\/wp\/v2\/tags?post=6318"}],"curies":[{"name":"wp","href":"https:\/\/api.w.org\/{rel}","templated":true}]}}