{"id":6324,"date":"2026-09-01T16:44:33","date_gmt":"2026-09-01T14:44:33","guid":{"rendered":"https:\/\/zemino.hu\/?p=6324"},"modified":"2026-09-01T16:45:12","modified_gmt":"2026-09-01T14:45:12","slug":"nyuszimotorok-ugyben-zajlik-a-nyomozas-kim-200-millio","status":"publish","type":"post","link":"https:\/\/zemino.hu\/ro\/villogos\/2026\/09\/01\/nyuszimotorok-ugyben-zajlik-a-nyomozas-kim-200-millio\/","title":{"rendered":"Nyomoz\u00e1s indult a Kultur\u00e1lis \u00e9s Innov\u00e1ci\u00f3s Miniszt\u00e9rium t\u00fal\u00e1razott nyuszimotor-beszerz\u00e9se miatt"},"content":{"rendered":"<p class=\"wp-block-paragraph\"><strong>A Kultur\u00e1lis \u00e9s Innov\u00e1ci\u00f3s Miniszt\u00e9rium tavaly ny\u00e1ri, t\u00f6bb mint 200 milli\u00f3 forintos j\u00e1t\u00e9kmotor-beszerz\u00e9se \u00fcgy\u00e9ben a K\u00e9szenl\u00e9ti Rend\u0151rs\u00e9g Nemzeti Nyomoz\u00f3 Iroda ind\u00edtott b\u00fcntet\u0151elj\u00e1r\u00e1st, amelynek keret\u00e9ben m\u00e1r kutat\u00e1sokat is tartottak a hat\u00f3s\u00e1gok.<\/strong><\/p>\n\n\n\n<p class=\"wp-block-paragraph\">A szoci\u00e1lis \u00e9s csal\u00e1d\u00fcgyi miniszter feljelent\u00e9se alapj\u00e1n m\u00e9g j\u00faniusban indult elj\u00e1r\u00e1s az \u00fcgyben. Az adatok szerint a miniszt\u00e9rium tavaly j\u00faliusban 239 190 934 forint \u00e9rt\u00e9kben adott megrendel\u00e9st j\u00e1t\u00e9k kismotorok gy\u00e1rt\u00e1s\u00e1ra \u00e9s rakt\u00e1roz\u00e1s\u00e1ra.<\/p>\n\n\n\n<p class=\"wp-block-paragraph\">A t\u00e1rca \u00e9s egy k\u00e9t c\u00e9gb\u0151l \u00e1ll\u00f3 konzorcium k\u00f6z\u00f6tt 2024 december\u00e9ben t\u00f6rt\u00e9nt meg a megrendel\u00e9s egy v\u00e1llalkoz\u00e1si keretszerz\u0151d\u00e9s terh\u00e9re, amely a \u201eCsal\u00e1dbar\u00e1t Magyarorsz\u00e1g orsz\u00e1gos programsorozat \u00e9s kommunik\u00e1ci\u00f3s kamp\u00e1ny 2025\u201d c\u00edmet viselte.<\/p>\n\n\n\n<p class=\"wp-block-paragraph\">A feljelent\u00e9s alapj\u00e1t az adja, hogy a gyan\u00fa szerint h\u00e1romszoros t\u00fal\u00e1raz\u00e1s t\u00f6rt\u00e9nt. A megrendel\u00e9sben \u00f6sszesen 12 ezer darab kis- \u00e9s nagym\u00e9ret\u0171 gyermekmotort szerepeltettek, amelyeket 14 940, illetve 16 470 forintos egys\u00e9g\u00e1ron \u00e9rt\u00e9kes\u00edtettek a miniszt\u00e9riumnak. Ezzel szemben a kiskereskedelmi forgalomban ezek a term\u00e9kek j\u00f3val alacsonyabb, mintegy 5\u20136000 forintos \u00e1ron is megv\u00e1s\u00e1rolhat\u00f3k lettek volna.<\/p>\n\n\n\n<p class=\"wp-block-paragraph\">Szeptember 1-j\u00e9n a nyomoz\u00f3k t\u00f6bb helysz\u00ednen, t\u00f6bbs\u00e9g\u00e9ben Budapesten hajtottak v\u00e9gre kutat\u00e1sokat az \u00fcgyben \u00e9rintett v\u00e1llalkoz\u00e1sokn\u00e1l. A bizony\u00edt\u00e9kok beszerz\u00e9se \u00e9rdek\u00e9ben szerz\u0151d\u00e9seket, k\u00fcl\u00f6nb\u00f6z\u0151 dokumentumokat \u00e9s elektronikus adatokat foglaltak le, valamint kihallgat\u00e1sokat is v\u00e9geztek.<\/p>\n\n\n\n<figure class=\"wp-block-embed is-type-video is-provider-youtube wp-block-embed-youtube wp-embed-aspect-16-9 wp-has-aspect-ratio\"><div class=\"wp-block-embed__wrapper\">\n<iframe loading=\"lazy\" title=\"Nyuszimotorok \u00fcgy\u00e9ben zajlik a nyomoz\u00e1s\" width=\"500\" height=\"281\" src=\"https:\/\/www.youtube.com\/embed\/39wwm3SiiPg?feature=oembed\" frameborder=\"0\" allow=\"accelerometer; autoplay; clipboard-write; encrypted-media; gyroscope; picture-in-picture; web-share\" referrerpolicy=\"strict-origin-when-cross-origin\" allowfullscreen><\/iframe>\n<\/div><\/figure>\n\n\n\n<figure class=\"wp-block-gallery has-nested-images columns-default is-cropped wp-block-gallery-1 is-layout-flex wp-block-gallery-is-layout-flex\">\n<figure class=\"wp-block-image size-full\"><a href=\"https:\/\/zemino.hu\/wp-content\/uploads\/2026\/09\/galeria-fekv_C5_912_107.jpg\"><img decoding=\"async\" src=\"https:\/\/zemino.hu\/wp-content\/uploads\/2026\/09\/galeria-fekv_C5_912_107.jpg\" alt=\"\"\/><\/a><\/figure>\n\n\n\n<figure class=\"wp-block-image size-full\"><a href=\"https:\/\/zemino.hu\/wp-content\/uploads\/2026\/09\/galeria-fekv_C5_913_94.jpg\"><img decoding=\"async\" src=\"https:\/\/zemino.hu\/wp-content\/uploads\/2026\/09\/galeria-fekv_C5_913_94.jpg\" alt=\"\"\/><\/a><\/figure>\n\n\n\n<figure class=\"wp-block-image size-full\"><a href=\"https:\/\/zemino.hu\/wp-content\/uploads\/2026\/09\/galeria-fekv_C5_914_83.jpg\"><img decoding=\"async\" src=\"https:\/\/zemino.hu\/wp-content\/uploads\/2026\/09\/galeria-fekv_C5_914_83.jpg\" alt=\"\"\/><\/a><\/figure>\n\n\n\n<figure class=\"wp-block-image size-full\"><a href=\"https:\/\/zemino.hu\/wp-content\/uploads\/2026\/09\/galeria-fekv_C5_915_72.jpg\"><img decoding=\"async\" src=\"https:\/\/zemino.hu\/wp-content\/uploads\/2026\/09\/galeria-fekv_C5_915_72.jpg\" alt=\"\"\/><\/a><\/figure>\n\n\n\n<figure class=\"wp-block-image size-full\"><a href=\"https:\/\/zemino.hu\/wp-content\/uploads\/2026\/09\/galeria-fekv_C5_916_58.jpg\"><img decoding=\"async\" src=\"https:\/\/zemino.hu\/wp-content\/uploads\/2026\/09\/galeria-fekv_C5_916_58.jpg\" alt=\"\"\/><\/a><\/figure>\n\n\n\n<figure class=\"wp-block-image size-full\"><a href=\"https:\/\/zemino.hu\/wp-content\/uploads\/2026\/09\/galeria-fekv_C5_917_52.jpg\"><img decoding=\"async\" src=\"https:\/\/zemino.hu\/wp-content\/uploads\/2026\/09\/galeria-fekv_C5_917_52.jpg\" alt=\"\"\/><\/a><\/figure>\n\n\n\n<figure class=\"wp-block-image size-full\"><a href=\"https:\/\/zemino.hu\/wp-content\/uploads\/2026\/09\/galeria-fekv_C5_918_42.jpg\"><img decoding=\"async\" src=\"https:\/\/zemino.hu\/wp-content\/uploads\/2026\/09\/galeria-fekv_C5_918_42.jpg\" alt=\"\"\/><\/a><\/figure>\n\n\n\n<figure class=\"wp-block-image size-full\"><a href=\"https:\/\/zemino.hu\/wp-content\/uploads\/2026\/09\/lead_3393.jpg\"><img decoding=\"async\" src=\"https:\/\/zemino.hu\/wp-content\/uploads\/2026\/09\/lead_3393.jpg\" alt=\"\"\/><\/a><\/figure>\n\n\n\n<figure class=\"wp-block-image size-full\"><a href=\"https:\/\/zemino.hu\/wp-content\/uploads\/2026\/09\/galeria-fekv_C5_91_111.jpg\"><img decoding=\"async\" src=\"https:\/\/zemino.hu\/wp-content\/uploads\/2026\/09\/galeria-fekv_C5_91_111.jpg\" alt=\"\"\/><\/a><\/figure>\n<\/figure>","protected":false},"excerpt":{"rendered":"<p>A K\u00e9szenl\u00e9ti Rend\u0151rs\u00e9g Nemzeti Nyomoz\u00f3 Iroda nyomoz a Kultur\u00e1lis \u00e9s Innov\u00e1ci\u00f3s Miniszt\u00e9rium t\u00f6bb mint 200 milli\u00f3s j\u00e1t\u00e9kmotor-beszerz\u00e9se miatt.<\/p>","protected":false},"author":2,"featured_media":6333,"comment_status":"open","ping_status":"open","sticky":false,"template":"","format":"standard","meta":{"_gspb_post_css":"","_zh_crosspost_remote_site":"zsaruhirek","_zh_crosspost_remote_post_id":"86819","_zh_crosspost_last_sync_at":"2026-09-01 16:42:34","_zh_crosspost_last_sync_direction":"zsaruhirek_to_zemino","_zh_crosspost_synced_images":"","footnotes":""},"categories":[325],"tags":[61,1508,576,907],"class_list":["post-6324","post","type-post","status-publish","format-standard","has-post-thumbnail","hentry","category-villogos","tag-budapest","tag-kulturalis-es-innovacios-miniszterium","tag-nyomozas","tag-tularazas"],"_links":{"self":[{"href":"https:\/\/zemino.hu\/ro\/wp-json\/wp\/v2\/posts\/6324","targetHints":{"allow":["GET"]}}],"collection":[{"href":"https:\/\/zemino.hu\/ro\/wp-json\/wp\/v2\/posts"}],"about":[{"href":"https:\/\/zemino.hu\/ro\/wp-json\/wp\/v2\/types\/post"}],"author":[{"embeddable":true,"href":"https:\/\/zemino.hu\/ro\/wp-json\/wp\/v2\/users\/2"}],"replies":[{"embeddable":true,"href":"https:\/\/zemino.hu\/ro\/wp-json\/wp\/v2\/comments?post=6324"}],"version-history":[{"count":2,"href":"https:\/\/zemino.hu\/ro\/wp-json\/wp\/v2\/posts\/6324\/revisions"}],"predecessor-version":[{"id":6337,"href":"https:\/\/zemino.hu\/ro\/wp-json\/wp\/v2\/posts\/6324\/revisions\/6337"}],"wp:featuredmedia":[{"embeddable":true,"href":"https:\/\/zemino.hu\/ro\/wp-json\/wp\/v2\/media\/6333"}],"wp:attachment":[{"href":"https:\/\/zemino.hu\/ro\/wp-json\/wp\/v2\/media?parent=6324"}],"wp:term":[{"taxonomy":"category","embeddable":true,"href":"https:\/\/zemino.hu\/ro\/wp-json\/wp\/v2\/categories?post=6324"},{"taxonomy":"post_tag","embeddable":true,"href":"https:\/\/zemino.hu\/ro\/wp-json\/wp\/v2\/tags?post=6324"}],"curies":[{"name":"wp","href":"https:\/\/api.w.org\/{rel}","templated":true}]}}